{"id":18530,"date":"2023-09-04T07:07:05","date_gmt":"2023-09-04T10:07:05","guid":{"rendered":"https:\/\/noticiasnoface.com.br\/?p=18530"},"modified":"2023-09-04T07:08:36","modified_gmt":"2023-09-04T10:08:36","slug":"lula-tenta-desvincular-7-de-setembro-de-bolsonaro","status":"publish","type":"post","link":"https:\/\/noticiasnoface.com.br\/index.php\/2023\/09\/04\/lula-tenta-desvincular-7-de-setembro-de-bolsonaro\/","title":{"rendered":"Lula tenta desvincular 7 de setembro de Bolsonaro"},"content":{"rendered":"\n<figure class=\"wp-block-image size-large\"><img data-opt-id=1212082615  fetchpriority=\"high\" decoding=\"async\" width=\"2048\" height=\"1367\" src=\"https:\/\/mlbfrsat7ahr.i.optimole.com\/w:auto\/h:auto\/q:mauto\/ig:avif\/https:\/\/noticiasnoface.com.br\/wp-content\/uploads\/2023\/08\/photo-output-16.jpg\" alt=\"\" class=\"wp-image-17812\" srcset=\"https:\/\/mlbfrsat7ahr.i.optimole.com\/w:1618\/h:1080\/q:mauto\/ig:avif\/https:\/\/noticiasnoface.com.br\/wp-content\/uploads\/2023\/08\/photo-output-16.jpg 2048w, https:\/\/mlbfrsat7ahr.i.optimole.com\/w:300\/h:200\/q:mauto\/ig:avif\/https:\/\/noticiasnoface.com.br\/wp-content\/uploads\/2023\/08\/photo-output-16.jpg 300w, https:\/\/mlbfrsat7ahr.i.optimole.com\/w:1024\/h:684\/q:mauto\/ig:avif\/https:\/\/noticiasnoface.com.br\/wp-content\/uploads\/2023\/08\/photo-output-16.jpg 1024w, https:\/\/mlbfrsat7ahr.i.optimole.com\/w:768\/h:513\/q:mauto\/ig:avif\/https:\/\/noticiasnoface.com.br\/wp-content\/uploads\/2023\/08\/photo-output-16.jpg 768w, https:\/\/mlbfrsat7ahr.i.optimole.com\/w:1536\/h:1025\/q:mauto\/ig:avif\/https:\/\/noticiasnoface.com.br\/wp-content\/uploads\/2023\/08\/photo-output-16.jpg 1536w\" sizes=\"(max-width: 1000px) 100vw, 1000px\" \/><figcaption class=\"wp-element-caption\"><strong><a href=\"https:\/\/revistaoeste.com\/wp-admin\/post.php?post=1039016&amp;action=edit\" target=\"_blank\" rel=\"noopener\">O governo do presidente Lula j\u00e1 gastou mais de R$ 3 milh\u00f5es na contrata\u00e7\u00e3o da empresa que vai fazer a montagem e a organiza\u00e7\u00e3o do desfile do 7 de Setembro, valor que \u00e9 150% superior ao despendido por Jair Bolsonaro em seu primeiro ano de mandato.<br \/>Em 2019, o governo pagou R$ 971 mil (o que corresponde a R$ 1,2 milh\u00e3o com a corre\u00e7\u00e3o da infla\u00e7\u00e3o) \u00e0 vencedora da licita\u00e7\u00e3o que realizou o primeiro desfile c\u00edvico-militar, a MM Faleiros Montagens e Eventos. Agora, Lula pagar\u00e1 \u00e0 mesma empresa, que ganhou a licita\u00e7\u00e3o novamente, R$ 1,8 milh\u00e3o a mais do que ela recebeu h\u00e1 quatro anos.<br \/>+ 7 de Setembro deve ter esquema de seguran\u00e7a igual ao da posse de Lula<br \/>O Estado de S. Paulo informa que o valor desembolsado por Lula pode ser ainda maior, j\u00e1 que o Pal\u00e1cio do Planalto chegou a estimar o gasto de R$ 6,8 milh\u00f5es somente com a contrata\u00e7\u00e3o do servi\u00e7o de montagem de arquibancadas, instala\u00e7\u00e3o de banheiros qu\u00edmicos e outros itens do evento.<br \/>Al\u00e9m do pagamento pela estrutura, o governo ainda vai gastar com o pagamento de di\u00e1rias aos militares. Segundo o Estad\u00e3o, no 7 de Setembro do ano passado, somente o Minist\u00e9rio da Defesa gastou R$ 8,4 milh\u00f5es.<br \/>Lula quer desvincular Bolsonaro do 7 de Setembro<br \/><br \/><br \/>Apoiadores de Jair Bolsonaro tomam as ruas de Porto Alegre (RS) no feriado do 7 de Setembro em apoio ao presidente | Foto: Miguel Noronha\/Futura Press<br \/>A inten\u00e7\u00e3o de Lula ao turbinar os gastos com o desfile \u00e9 tentar desvincular a data de Bolsonaro, que reuniu milh\u00f5es de apoiadores n\u00e3o apenas em Bras\u00edlia, mas em manifesta\u00e7\u00f5es em diversas cidades brasileiras.<br \/>Neste ano, assessores de Lula afirmam que o presidente quer \u201cressignificar\u201d a data. A organiza\u00e7\u00e3o do desfile c\u00edvico-militar deste ano est\u00e1 sob a coordena\u00e7\u00e3o do ministro da Secom, Paulo Pimenta.<br \/>Segundo o Estad\u00e3o, a ordem que circula no Pal\u00e1cio do Planalto \u00e9 de transformar o 7 de Setembro deste ano em um \u201cato de resgate das cores da bandeira e dos s\u00edmbolos patri\u00f3ticos\u201d, que ficaram associados a Bolsonaro e seus apoiadores.<br \/>O governo estima que 30 mil pessoas v\u00e3o comparecer \u00e0 Esplanada para ver a passagem de efetivos militares, blindados e o voo da esquadrilha da fuma\u00e7a. O governo tamb\u00e9m prepara um esquema de seguran\u00e7a semelhante ao da posse de Lula, para impedir a proximidade da popula\u00e7\u00e3o ao presidente..<\/a><\/strong><\/figcaption><\/figure>\n","protected":false},"excerpt":{"rendered":"","protected":false},"author":1,"featured_media":0,"comment_status":"open","ping_status":"open","sticky":false,"template":"","format":"standard","meta":{"site-sidebar-layout":"default","site-content-layout":"","ast-site-content-layout":"default","site-content-style":"default","site-sidebar-style":"default","ast-global-header-display":"","ast-banner-title-visibility":"","ast-main-header-display":"","ast-hfb-above-header-display":"","ast-hfb-below-header-display":"","ast-hfb-mobile-header-display":"","site-post-title":"","ast-breadcrumbs-content":"","ast-featured-img":"","footer-sml-layout":"","ast-disable-related-posts":"","theme-transparent-header-meta":"","adv-header-id-meta":"","stick-header-meta":"","header-above-stick-meta":"","header-main-stick-meta":"","header-below-stick-meta":"","astra-migrate-meta-layouts":"default","ast-page-background-enabled":"default","ast-page-background-meta":{"desktop":{"background-color":"var(--ast-global-color-4)","background-image":"","background-repeat":"repeat","background-position":"center center","background-size":"auto","background-attachment":"scroll","background-type":"","background-media":"","overlay-type":"","overlay-color":"","overlay-opacity":"","overlay-gradient":""},"tablet":{"background-color":"","background-image":"","background-repeat":"repeat","background-position":"center center","background-size":"auto","background-attachment":"scroll","background-type":"","background-media":"","overlay-type":"","overlay-color":"","overlay-opacity":"","overlay-gradient":""},"mobile":{"background-color":"","background-image":"","background-repeat":"repeat","background-position":"center center","background-size":"auto","background-attachment":"scroll","background-type":"","background-media":"","overlay-type":"","overlay-color":"","overlay-opacity":"","overlay-gradient":""}},"ast-content-background-meta":{"desktop":{"background-color":"var(--ast-global-color-5)","background-image":"","background-repeat":"repeat","background-position":"center center","background-size":"auto","background-attachment":"scroll","background-type":"","background-media":"","overlay-type":"","overlay-color":"","overlay-opacity":"","overlay-gradient":""},"tablet":{"background-color":"var(--ast-global-color-5)","background-image":"","background-repeat":"repeat","background-position":"center center","background-size":"auto","background-attachment":"scroll","background-type":"","background-media":"","overlay-type":"","overlay-color":"","overlay-opacity":"","overlay-gradient":""},"mobile":{"background-color":"var(--ast-global-color-5)","background-image":"","background-repeat":"repeat","background-position":"center center","background-size":"auto","background-attachment":"scroll","background-type":"","background-media":"","overlay-type":"","overlay-color":"","overlay-opacity":"","overlay-gradient":""}},"footnotes":""},"categories":[517],"tags":[],"class_list":["post-18530","post","type-post","status-publish","format-standard","hentry","category-aconteceu"],"_links":{"self":[{"href":"https:\/\/noticiasnoface.com.br\/index.php\/wp-json\/wp\/v2\/posts\/18530","targetHints":{"allow":["GET"]}}],"collection":[{"href":"https:\/\/noticiasnoface.com.br\/index.php\/wp-json\/wp\/v2\/posts"}],"about":[{"href":"https:\/\/noticiasnoface.com.br\/index.php\/wp-json\/wp\/v2\/types\/post"}],"author":[{"embeddable":true,"href":"https:\/\/noticiasnoface.com.br\/index.php\/wp-json\/wp\/v2\/users\/1"}],"replies":[{"embeddable":true,"href":"https:\/\/noticiasnoface.com.br\/index.php\/wp-json\/wp\/v2\/comments?post=18530"}],"version-history":[{"count":3,"href":"https:\/\/noticiasnoface.com.br\/index.php\/wp-json\/wp\/v2\/posts\/18530\/revisions"}],"predecessor-version":[{"id":18533,"href":"https:\/\/noticiasnoface.com.br\/index.php\/wp-json\/wp\/v2\/posts\/18530\/revisions\/18533"}],"wp:attachment":[{"href":"https:\/\/noticiasnoface.com.br\/index.php\/wp-json\/wp\/v2\/media?parent=18530"}],"wp:term":[{"taxonomy":"category","embeddable":true,"href":"https:\/\/noticiasnoface.com.br\/index.php\/wp-json\/wp\/v2\/categories?post=18530"},{"taxonomy":"post_tag","embeddable":true,"href":"https:\/\/noticiasnoface.com.br\/index.php\/wp-json\/wp\/v2\/tags?post=18530"}],"curies":[{"name":"wp","href":"https:\/\/api.w.org\/{rel}","templated":true}]}}