{"id":18534,"date":"2023-09-04T08:48:34","date_gmt":"2023-09-04T11:48:34","guid":{"rendered":"https:\/\/noticiasnoface.com.br\/?p=18534"},"modified":"2023-09-04T08:48:35","modified_gmt":"2023-09-04T11:48:35","slug":"a-pedido-do-senador-styvenson-senado-fara-homenagem-a-defensores-de-animais","status":"publish","type":"post","link":"https:\/\/noticiasnoface.com.br\/index.php\/2023\/09\/04\/a-pedido-do-senador-styvenson-senado-fara-homenagem-a-defensores-de-animais\/","title":{"rendered":"A pedido do senador STYVENSON senado far\u00e1 homenagem a defensores de animais"},"content":{"rendered":"\n<figure class=\"wp-block-image size-large\"><img data-opt-id=1179165023  fetchpriority=\"high\" decoding=\"async\" width=\"680\" height=\"451\" src=\"https:\/\/mlbfrsat7ahr.i.optimole.com\/w:auto\/h:auto\/q:mauto\/ig:avif\/https:\/\/noticiasnoface.com.br\/wp-content\/uploads\/2022\/12\/1A0B50ED-7A2D-4901-BD98-913B50205607.jpeg\" alt=\"\" class=\"wp-image-13207\" srcset=\"https:\/\/mlbfrsat7ahr.i.optimole.com\/w:680\/h:451\/q:mauto\/ig:avif\/https:\/\/noticiasnoface.com.br\/wp-content\/uploads\/2022\/12\/1A0B50ED-7A2D-4901-BD98-913B50205607.jpeg 680w, https:\/\/mlbfrsat7ahr.i.optimole.com\/w:300\/h:199\/q:mauto\/ig:avif\/https:\/\/noticiasnoface.com.br\/wp-content\/uploads\/2022\/12\/1A0B50ED-7A2D-4901-BD98-913B50205607.jpeg 300w\" sizes=\"(max-width: 680px) 100vw, 680px\" \/><figcaption class=\"wp-element-caption\">O Senado aprovou requerimento do senador Styvenson Valentim (Podemos-RN) para a realiza\u00e7\u00e3o de sess\u00e3o especial, em 29 de setembro, \u00e0s 14h, a fim de comemorar o Dia Mundial dos Animais. Na ocasi\u00e3o, ser\u00e3o homenageadas institui\u00e7\u00f5es e pessoas que se dedicam ao cuidado, \u00e0 prote\u00e7\u00e3o, ao resgate de animais dom\u00e9sticos.<br>\u201cNesse sentido, resolvemos antecipar a celebra\u00e7\u00e3o, para 29 de setembro, do Dia Mundial dos Animais, comemorado no dia 4 de outubro\u201d, afirma o parlamentar potiguar.<br><strong>Animais Dom\u00e9sticos no Brasil<\/strong><br>Com 149,6 milh\u00f5es de animais de estima\u00e7\u00e3o, segundo o censo do IPB (Instituto Pet Brasil) de 2021, o Brasil \u00e9 o terceiro pa\u00eds em n\u00famero de animais dom\u00e9sticos. Considerando os 215 milh\u00f5es de brasileiros, pelo menos 70% da popula\u00e7\u00e3o tem um animal dom\u00e9stico em casa ou conhece algu\u00e9m que tenha.<br>\u201cN\u00e3o \u00e9 de hoje que nos deparamos com lament\u00e1veis not\u00edcias sobre crimes cometidos contra animais dom\u00e9sticos, os chamados pets. Eu gosto de gente. e luto pelas pessoas, mas tamb\u00e9m gosto de animais e vou lutar por eles tamb\u00e9m, al\u00e9m de valorizar quem est\u00e1 engajado nesta causa\u201d, explica o senador.<br><strong>PL 2070\/2023<\/strong><br>O Projeto de Lei 2070\/2032 cria o Estatuto do Animal Dom\u00e9stico e d\u00e1 outras provid\u00eancias. O Estatuto do Animal Dom\u00e9stico \u00e9 uma norma diretiva, que traz princ\u00edpios gerais e regras b\u00e1sicas na disposi\u00e7\u00e3o das garantias dos animais dom\u00e9sticos e quanto aos direitos e obriga\u00e7\u00f5es dos seus tutores.<br>Styvenson disse que, infelizmente, ainda h\u00e1 casos de estupros, abandono, surras, e toda sorte de atrocidades que v\u00e3o muito al\u00e9m de maus tratos.<br>\u201cE quando isso acontece, os tutores t\u00eam que ir atr\u00e1s de jurisprud\u00eancias e legisla\u00e7\u00e3o espalhada para tentar \u2018encaixar\u2019 da melhor forma, na atrocidade do momento. Por isso, apresentei o PL 2070\/2023 que organiza, da melhor forma poss\u00edvel a legisla\u00e7\u00e3o existente sobre animais dom\u00e9sticos, criando um estatuto dos pets\u201d, revelou o parlamentar.<br>Styvensou pontuou que s\u00e3o 49 artigos, em um PL equilibrado.<br>\u201cAvan\u00e7amos quando propomos que eles sejam tratados legalmente como seres sencientes, n\u00e3o como gente, e muito menos como coisas, pois eles merecem nosso respeito e prote\u00e7\u00e3o. Al\u00e9m disso, a dedu\u00e7\u00e3o das despesas m\u00e9dicas veterin\u00e1rias no imposto de renda, com limita\u00e7\u00e3o adequada ao or\u00e7amento, tamb\u00e9m est\u00e1 contemplada\u201d, informou o senador.<br><strong>Dia Mundial dos Animais e de S\u00e3o Francisco de Assis<\/strong><br>A hist\u00f3ria do Dia Mundial dos Animais come\u00e7a oficialmente em 8 de maio de 1931, em Floren\u00e7a, na It\u00e1lia. Neste dia, \u00f3rg\u00e3os de prote\u00e7\u00e3o aos animais se reuniram no I<em>nternational Protection Congress <\/em>e definiram uma data espec\u00edfica para celebrar anualmente os direitos dos bichinhos<br>A data escolhida foi 4 de outubro, que tamb\u00e9m \u00e9 o dia oficial de S\u00e3o Francisco de Assis. O santo \u00e9 considerado padroeiro dos animais e da natureza. A cria\u00e7\u00e3o do 4 de outubro, Dia Mundial dos Animais, atendeu a um pedido do escritor e ativista alem\u00e3o Heinrich Zimmermann. Ele foi o idealizador da celebra\u00e7\u00e3o, ocorrida em 1925, em Berlim, na Alemanha.<br>Ascom \u2013 Senador Styvenson Valentim<\/figcaption><\/figure>\n","protected":false},"excerpt":{"rendered":"","protected":false},"author":1,"featured_media":0,"comment_status":"open","ping_status":"open","sticky":false,"template":"","format":"standard","meta":{"site-sidebar-layout":"default","site-content-layout":"","ast-site-content-layout":"default","site-content-style":"default","site-sidebar-style":"default","ast-global-header-display":"","ast-banner-title-visibility":"","ast-main-header-display":"","ast-hfb-above-header-display":"","ast-hfb-below-header-display":"","ast-hfb-mobile-header-display":"","site-post-title":"","ast-breadcrumbs-content":"","ast-featured-img":"","footer-sml-layout":"","ast-disable-related-posts":"","theme-transparent-header-meta":"","adv-header-id-meta":"","stick-header-meta":"","header-above-stick-meta":"","header-main-stick-meta":"","header-below-stick-meta":"","astra-migrate-meta-layouts":"default","ast-page-background-enabled":"default","ast-page-background-meta":{"desktop":{"background-color":"var(--ast-global-color-4)","background-image":"","background-repeat":"repeat","background-position":"center center","background-size":"auto","background-attachment":"scroll","background-type":"","background-media":"","overlay-type":"","overlay-color":"","overlay-opacity":"","overlay-gradient":""},"tablet":{"background-color":"","background-image":"","background-repeat":"repeat","background-position":"center center","background-size":"auto","background-attachment":"scroll","background-type":"","background-media":"","overlay-type":"","overlay-color":"","overlay-opacity":"","overlay-gradient":""},"mobile":{"background-color":"","background-image":"","background-repeat":"repeat","background-position":"center center","background-size":"auto","background-attachment":"scroll","background-type":"","background-media":"","overlay-type":"","overlay-color":"","overlay-opacity":"","overlay-gradient":""}},"ast-content-background-meta":{"desktop":{"background-color":"var(--ast-global-color-5)","background-image":"","background-repeat":"repeat","background-position":"center center","background-size":"auto","background-attachment":"scroll","background-type":"","background-media":"","overlay-type":"","overlay-color":"","overlay-opacity":"","overlay-gradient":""},"tablet":{"background-color":"var(--ast-global-color-5)","background-image":"","background-repeat":"repeat","background-position":"center center","background-size":"auto","background-attachment":"scroll","background-type":"","background-media":"","overlay-type":"","overlay-color":"","overlay-opacity":"","overlay-gradient":""},"mobile":{"background-color":"var(--ast-global-color-5)","background-image":"","background-repeat":"repeat","background-position":"center center","background-size":"auto","background-attachment":"scroll","background-type":"","background-media":"","overlay-type":"","overlay-color":"","overlay-opacity":"","overlay-gradient":""}},"footnotes":""},"categories":[186],"tags":[],"class_list":["post-18534","post","type-post","status-publish","format-standard","hentry","category-senado-federal"],"_links":{"self":[{"href":"https:\/\/noticiasnoface.com.br\/index.php\/wp-json\/wp\/v2\/posts\/18534","targetHints":{"allow":["GET"]}}],"collection":[{"href":"https:\/\/noticiasnoface.com.br\/index.php\/wp-json\/wp\/v2\/posts"}],"about":[{"href":"https:\/\/noticiasnoface.com.br\/index.php\/wp-json\/wp\/v2\/types\/post"}],"author":[{"embeddable":true,"href":"https:\/\/noticiasnoface.com.br\/index.php\/wp-json\/wp\/v2\/users\/1"}],"replies":[{"embeddable":true,"href":"https:\/\/noticiasnoface.com.br\/index.php\/wp-json\/wp\/v2\/comments?post=18534"}],"version-history":[{"count":1,"href":"https:\/\/noticiasnoface.com.br\/index.php\/wp-json\/wp\/v2\/posts\/18534\/revisions"}],"predecessor-version":[{"id":18535,"href":"https:\/\/noticiasnoface.com.br\/index.php\/wp-json\/wp\/v2\/posts\/18534\/revisions\/18535"}],"wp:attachment":[{"href":"https:\/\/noticiasnoface.com.br\/index.php\/wp-json\/wp\/v2\/media?parent=18534"}],"wp:term":[{"taxonomy":"category","embeddable":true,"href":"https:\/\/noticiasnoface.com.br\/index.php\/wp-json\/wp\/v2\/categories?post=18534"},{"taxonomy":"post_tag","embeddable":true,"href":"https:\/\/noticiasnoface.com.br\/index.php\/wp-json\/wp\/v2\/tags?post=18534"}],"curies":[{"name":"wp","href":"https:\/\/api.w.org\/{rel}","templated":true}]}}