{"id":18573,"date":"2023-09-05T07:46:42","date_gmt":"2023-09-05T10:46:42","guid":{"rendered":"https:\/\/noticiasnoface.com.br\/?p=18573"},"modified":"2023-09-05T07:46:43","modified_gmt":"2023-09-05T10:46:43","slug":"advogado-participa-de-sessao-deitado-na-rede-veja-video","status":"publish","type":"post","link":"https:\/\/noticiasnoface.com.br\/index.php\/2023\/09\/05\/advogado-participa-de-sessao-deitado-na-rede-veja-video\/","title":{"rendered":"Advogado participa de sess\u00e3o deitado na rede, VEJA V\u00cdDEO"},"content":{"rendered":"\n<figure class=\"wp-block-image size-large\"><img data-opt-id=1238956409  fetchpriority=\"high\" decoding=\"async\" width=\"1024\" height=\"557\" src=\"https:\/\/mlbfrsat7ahr.i.optimole.com\/w:1024\/h:557\/q:mauto\/ig:avif\/https:\/\/noticiasnoface.com.br\/wp-content\/uploads\/2023\/09\/photo-output-7.png\" class=\"wp-image-18571\" srcset=\"https:\/\/mlbfrsat7ahr.i.optimole.com\/w:1024\/h:557\/q:mauto\/ig:avif\/https:\/\/noticiasnoface.com.br\/wp-content\/uploads\/2023\/09\/photo-output-7.png 1024w, https:\/\/mlbfrsat7ahr.i.optimole.com\/w:300\/h:163\/q:mauto\/ig:avif\/https:\/\/noticiasnoface.com.br\/wp-content\/uploads\/2023\/09\/photo-output-7.png 300w, https:\/\/mlbfrsat7ahr.i.optimole.com\/w:768\/h:418\/q:mauto\/ig:avif\/https:\/\/noticiasnoface.com.br\/wp-content\/uploads\/2023\/09\/photo-output-7.png 768w, https:\/\/mlbfrsat7ahr.i.optimole.com\/w:1536\/h:836\/q:mauto\/ig:avif\/https:\/\/noticiasnoface.com.br\/wp-content\/uploads\/2023\/09\/photo-output-7.png 1536w, https:\/\/mlbfrsat7ahr.i.optimole.com\/w:1920\/h:1044\/q:mauto\/ig:avif\/https:\/\/noticiasnoface.com.br\/wp-content\/uploads\/2023\/09\/photo-output-7.png 2048w\" sizes=\"(max-width: 1000px) 100vw, 1000px\" \/><figcaption class=\"wp-element-caption\">Durante a sess\u00e3o de julgamentos da 4\u00aa turma Recursal do TJ\/BA, um advogado inovou na maneira de participar da videoconfer\u00eancia: deitado em uma rede, o caus\u00eddico abriu m\u00e3o de sua sustenta\u00e7\u00e3o oral e conseguiu provimento parcial no recurso de sua cliente. <br><br><strong>Tradi\u00e7\u00e3o<\/strong><br>No STF, um advogado tamb\u00e9m chamou aten\u00e7\u00e3o por sua maneira de sustentar durante uma sess\u00e3o videoconfer\u00eancia. Como se no Tribunal estivesse, o caus\u00eddico defendeu em p\u00e9 o seu cliente. O presidente da Corte, ministro Toffoli, elogiou o caus\u00eddico e afirmou que ele \u201cmanteve a tradi\u00e7\u00e3o\u201d. <br><br><strong>Situa\u00e7\u00f5es inusitadas e gafes<\/strong><br>Desde que o Judici\u00e1rio come\u00e7ou a realizar sess\u00f5es por meio virtual com mais frequ\u00eancia, em raz\u00e3o da pandemia, cenas inusitadas come\u00e7aram a aparecer durante os julgamentos. <br>Uma situa\u00e7\u00e3o lament\u00e1vel <a href=\"https:\/\/migalhas.uol.com.br\/quentes\/331395\/desembargador-nao-percebe-microfone-ligado-e-faz-comentario-ofensivo---carinha-de-filha-da-puta\" target=\"_blank\" rel=\"noreferrer noopener\">aconteceu<\/a> durante sess\u00e3o virtual de julgamento da 3\u00aa c\u00e2mara do TRT da 12\u00aa regi\u00e3o. O desembargador Jos\u00e9 Manzi parece n\u00e3o ter percebido que o microfone estava ligado e disparou: \u201cisso, faz essa carinha de filha da puta\u201d.<br><br>Ministra <strong>Ana Arraes<\/strong>, do TCU, foi <a href=\"https:\/\/migalhas.uol.com.br\/quentes\/331354\/ministra-do-tcu-e-constrangida-em-sessao-virtual---nao-pediu-vista--porra\" target=\"_blank\" rel=\"noreferrer noopener\">constrangida<\/a>ao vivo em sess\u00e3o virtual, quando se confundiu sobre um voto. Ela conduzia sess\u00e3o da 2\u00aa c\u00e2mara do Tribunal e entendeu que o sub-procurador-Geral Lucas Furtado tinha pedido vista, quando, na verdade, ele teria concordado com o voto do relator.<br>A situa\u00e7\u00e3o parece ter irritado o chefe de gabinete do membro do MP junto ao \u00f3rg\u00e3o, que disparou: \u201cN\u00e3o, ele n\u00e3o pediu vista, porra!\u201d.<br> <br>Durante a sess\u00e3o da 4\u00aa c\u00e2mara C\u00edvel, o procurador de Justi\u00e7a Jos\u00e9 Raimundo roubou a cena <a href=\"https:\/\/migalhas.uol.com.br\/quentes\/330375\/procurador-dorme-durante-sessao-de-julgamento-na-pb--desembargadores-dao-risada\" target=\"_blank\" rel=\"noreferrer noopener\">pegando no sono<\/a> ao vivo!<br><br>No TJ\/MT, por exemplo, o procurador Paulo Padro esqueceu o microfone ligado e acabou soltando um <a href=\"https:\/\/migalhas.uol.com.br\/quentes\/328727\/queiram-me-perdoar---pede-procurador-apos-soltar-pum-em-sessao-virtual\" target=\"_blank\" rel=\"noreferrer noopener\">pum<\/a>.<br><br>Em abril deste ano, tamb\u00e9m por um descuido com os equipamentos eletr\u00f4nicos, o desembargador Carmo Ant\u00f4nio, do TJ\/AP, chamou a aten\u00e7\u00e3o: apareceu em uma sess\u00e3o em v\u00eddeo usando nada mais do que coisa alguma: <a href=\"https:\/\/migalhas.uol.com.br\/quentes\/324700\/desembargador-do-amapa-aparece-em-videoconferencia-sem-camisa\" target=\"_blank\" rel=\"noreferrer noopener\">descamisado<\/a>.<br><br>Nem os ministros do Supremo est\u00e3o livres de gafes virtuais. O ministro Gilmar Mendes pediu <a href=\"https:\/\/migalhas.uol.com.br\/quentes\/328410\/gilmar-se-desculpa-por-soltar--porra--em-live---dor-nas-costas---idoso-confuso-com-tecnologia\" target=\"_blank\" rel=\"noreferrer noopener\">desculpas<\/a> por soltar interjei\u00e7\u00e3o ao fim de uma live. Ap\u00f3s se despedir dos interlocutores, S. Exa. soltou uma \u201cporra\u201d enquanto se retirava, sem saber que a grava\u00e7\u00e3o continuava.<br><br>J\u00e1 durante uma sess\u00e3o do pleno do STF, a netinha de Marco Aur\u00e9lio apareceu na sala onde o av\u00f4 proferia seu voto. Ao fundo, \u00e9 poss\u00edvel ouvi-la dizer: \u201c<a href=\"https:\/\/migalhas.uol.com.br\/quentes\/328362\/vovo----neta-de-marco-aurelio-aparece-em-sessao-por-videoconferencia-do-stf\" target=\"_blank\" rel=\"noreferrer noopener\">Vov\u00f4\u00f4\u00f4!<\/a>\u201d.<\/figcaption><\/figure>\n\n\n\n<figure class=\"wp-block-video\"><video height=\"480\" style=\"aspect-ratio: 680 \/ 480;\" width=\"680\" controls src=\"https:\/\/noticiasnoface.com.br\/wp-content\/uploads\/2023\/09\/video-output-38f7eab7-3228-47e8-8e2a-e4a88e1b9f95.mp4\"><\/video><figcaption class=\"wp-element-caption\">Advogado participa de sess\u00e3o numa rede <\/figcaption><\/figure>\n","protected":false},"excerpt":{"rendered":"","protected":false},"author":1,"featured_media":0,"comment_status":"open","ping_status":"open","sticky":false,"template":"","format":"standard","meta":{"site-sidebar-layout":"default","site-content-layout":"","ast-site-content-layout":"default","site-content-style":"default","site-sidebar-style":"default","ast-global-header-display":"","ast-banner-title-visibility":"","ast-main-header-display":"","ast-hfb-above-header-display":"","ast-hfb-below-header-display":"","ast-hfb-mobile-header-display":"","site-post-title":"","ast-breadcrumbs-content":"","ast-featured-img":"","footer-sml-layout":"","ast-disable-related-posts":"","theme-transparent-header-meta":"","adv-header-id-meta":"","stick-header-meta":"","header-above-stick-meta":"","header-main-stick-meta":"","header-below-stick-meta":"","astra-migrate-meta-layouts":"default","ast-page-background-enabled":"default","ast-page-background-meta":{"desktop":{"background-color":"var(--ast-global-color-4)","background-image":"","background-repeat":"repeat","background-position":"center center","background-size":"auto","background-attachment":"scroll","background-type":"","background-media":"","overlay-type":"","overlay-color":"","overlay-opacity":"","overlay-gradient":""},"tablet":{"background-color":"","background-image":"","background-repeat":"repeat","background-position":"center center","background-size":"auto","background-attachment":"scroll","background-type":"","background-media":"","overlay-type":"","overlay-color":"","overlay-opacity":"","overlay-gradient":""},"mobile":{"background-color":"","background-image":"","background-repeat":"repeat","background-position":"center center","background-size":"auto","background-attachment":"scroll","background-type":"","background-media":"","overlay-type":"","overlay-color":"","overlay-opacity":"","overlay-gradient":""}},"ast-content-background-meta":{"desktop":{"background-color":"var(--ast-global-color-5)","background-image":"","background-repeat":"repeat","background-position":"center center","background-size":"auto","background-attachment":"scroll","background-type":"","background-media":"","overlay-type":"","overlay-color":"","overlay-opacity":"","overlay-gradient":""},"tablet":{"background-color":"var(--ast-global-color-5)","background-image":"","background-repeat":"repeat","background-position":"center center","background-size":"auto","background-attachment":"scroll","background-type":"","background-media":"","overlay-type":"","overlay-color":"","overlay-opacity":"","overlay-gradient":""},"mobile":{"background-color":"var(--ast-global-color-5)","background-image":"","background-repeat":"repeat","background-position":"center center","background-size":"auto","background-attachment":"scroll","background-type":"","background-media":"","overlay-type":"","overlay-color":"","overlay-opacity":"","overlay-gradient":""}},"footnotes":""},"categories":[517],"tags":[],"class_list":["post-18573","post","type-post","status-publish","format-standard","hentry","category-aconteceu"],"_links":{"self":[{"href":"https:\/\/noticiasnoface.com.br\/index.php\/wp-json\/wp\/v2\/posts\/18573","targetHints":{"allow":["GET"]}}],"collection":[{"href":"https:\/\/noticiasnoface.com.br\/index.php\/wp-json\/wp\/v2\/posts"}],"about":[{"href":"https:\/\/noticiasnoface.com.br\/index.php\/wp-json\/wp\/v2\/types\/post"}],"author":[{"embeddable":true,"href":"https:\/\/noticiasnoface.com.br\/index.php\/wp-json\/wp\/v2\/users\/1"}],"replies":[{"embeddable":true,"href":"https:\/\/noticiasnoface.com.br\/index.php\/wp-json\/wp\/v2\/comments?post=18573"}],"version-history":[{"count":1,"href":"https:\/\/noticiasnoface.com.br\/index.php\/wp-json\/wp\/v2\/posts\/18573\/revisions"}],"predecessor-version":[{"id":18574,"href":"https:\/\/noticiasnoface.com.br\/index.php\/wp-json\/wp\/v2\/posts\/18573\/revisions\/18574"}],"wp:attachment":[{"href":"https:\/\/noticiasnoface.com.br\/index.php\/wp-json\/wp\/v2\/media?parent=18573"}],"wp:term":[{"taxonomy":"category","embeddable":true,"href":"https:\/\/noticiasnoface.com.br\/index.php\/wp-json\/wp\/v2\/categories?post=18573"},{"taxonomy":"post_tag","embeddable":true,"href":"https:\/\/noticiasnoface.com.br\/index.php\/wp-json\/wp\/v2\/tags?post=18573"}],"curies":[{"name":"wp","href":"https:\/\/api.w.org\/{rel}","templated":true}]}}