{"id":18589,"date":"2023-09-05T17:14:06","date_gmt":"2023-09-05T20:14:06","guid":{"rendered":"https:\/\/noticiasnoface.com.br\/?p=18589"},"modified":"2023-09-05T17:14:06","modified_gmt":"2023-09-05T20:14:06","slug":"projeto-de-lei-que-institui-a-semana-nacional-da-cultura-evangelica-foi-protocolado-na-camara-federal","status":"publish","type":"post","link":"https:\/\/noticiasnoface.com.br\/index.php\/2023\/09\/05\/projeto-de-lei-que-institui-a-semana-nacional-da-cultura-evangelica-foi-protocolado-na-camara-federal\/","title":{"rendered":"Projeto de Lei que institui a Semana Nacional da Cultura Evang\u00e9lica foi protocolado na C\u00e2mara Federal!"},"content":{"rendered":"\n<figure class=\"wp-block-image size-large\"><img data-opt-id=1256342554  fetchpriority=\"high\" decoding=\"async\" width=\"1024\" height=\"798\" src=\"https:\/\/mlbfrsat7ahr.i.optimole.com\/w:1024\/h:798\/q:mauto\/ig:avif\/https:\/\/noticiasnoface.com.br\/wp-content\/uploads\/2023\/09\/photo-output-11.jpg\" class=\"wp-image-18588\" srcset=\"https:\/\/mlbfrsat7ahr.i.optimole.com\/w:1024\/h:798\/q:mauto\/ig:avif\/https:\/\/noticiasnoface.com.br\/wp-content\/uploads\/2023\/09\/photo-output-11.jpg 1024w, https:\/\/mlbfrsat7ahr.i.optimole.com\/w:300\/h:234\/q:mauto\/ig:avif\/https:\/\/noticiasnoface.com.br\/wp-content\/uploads\/2023\/09\/photo-output-11.jpg 300w, https:\/\/mlbfrsat7ahr.i.optimole.com\/w:768\/h:599\/q:mauto\/ig:avif\/https:\/\/noticiasnoface.com.br\/wp-content\/uploads\/2023\/09\/photo-output-11.jpg 768w, https:\/\/mlbfrsat7ahr.i.optimole.com\/w:1385\/h:1080\/q:mauto\/ig:avif\/https:\/\/noticiasnoface.com.br\/wp-content\/uploads\/2023\/09\/photo-output-11.jpg 1536w, https:\/\/mlbfrsat7ahr.i.optimole.com\/w:1385\/h:1080\/q:mauto\/ig:avif\/https:\/\/noticiasnoface.com.br\/wp-content\/uploads\/2023\/09\/photo-output-11.jpg 2048w\" sizes=\"(max-width: 1000px) 100vw, 1000px\" \/><figcaption class=\"wp-element-caption\"><em>Projeto de Lei que institui a Semana Nacional da Cultura Evang\u00e9lica foi protocolado na C\u00e2mara Federal!<\/em><br><br>O Deputado Federal Sargento Gon\u00e7alves (PL\/RN), representante do Rio Grande do Norte na Frente Parlamentar Evang\u00e9lica, protocolou um Projeto de Lei 4066\/23 que institui a Semana Nacional da Cultura Evang\u00e9lica, a ser celebrada na segunda semana de dezembro, promovendo a integra\u00e7\u00e3o entre institui\u00e7\u00f5es religiosas evang\u00e9licas, eventos culturais e a valoriza\u00e7\u00e3o da diversidade religiosa em todo o territ\u00f3rio nacional.<br>O Congresso Nacional, durante a Semana Nacional da Cultura Evang\u00e9lica, dar\u00e1 prefer\u00eancia em suas pautas no \u00e2mbito da C\u00e2mara dos Deputados e do Senado Federal, as proposi\u00e7\u00f5es que visem atender os anseios da comunidade Evang\u00e9lica Brasileira.<br>A iniciativa se baseia na Lei n\u00ba 5.448\/2023, aprovada e sancionada no Munic\u00edpio de Caic\u00f3\/RN, de autoria do vereador Renato Saldanha, que externa a relev\u00e2ncia de celebrar e promover eventos que homenageiam a cultura evang\u00e9lica. Em suas redes sociais, Sargento Gon\u00e7alves demonstrou a import\u00e2ncia desse projeto, reafirmando o seu compromisso como crist\u00e3o conservador, com as pautas em defesa da liberdade religiosa e a favor da fam\u00edlia!<br>Uma importante representa\u00e7\u00e3o para os crist\u00e3os evang\u00e9licos de todo o Brasil, diante da contribui\u00e7\u00e3o t\u00e3o significativa da cultura evang\u00e9lica. O projeto agora fica \u00e0 disposi\u00e7\u00e3o do presidente da Casa para come\u00e7ar a tramitar nas Comiss\u00f5es competentes!<\/figcaption><\/figure>\n","protected":false},"excerpt":{"rendered":"","protected":false},"author":1,"featured_media":0,"comment_status":"open","ping_status":"open","sticky":false,"template":"","format":"standard","meta":{"site-sidebar-layout":"default","site-content-layout":"","ast-site-content-layout":"default","site-content-style":"default","site-sidebar-style":"default","ast-global-header-display":"","ast-banner-title-visibility":"","ast-main-header-display":"","ast-hfb-above-header-display":"","ast-hfb-below-header-display":"","ast-hfb-mobile-header-display":"","site-post-title":"","ast-breadcrumbs-content":"","ast-featured-img":"","footer-sml-layout":"","ast-disable-related-posts":"","theme-transparent-header-meta":"","adv-header-id-meta":"","stick-header-meta":"","header-above-stick-meta":"","header-main-stick-meta":"","header-below-stick-meta":"","astra-migrate-meta-layouts":"default","ast-page-background-enabled":"default","ast-page-background-meta":{"desktop":{"background-color":"var(--ast-global-color-4)","background-image":"","background-repeat":"repeat","background-position":"center center","background-size":"auto","background-attachment":"scroll","background-type":"","background-media":"","overlay-type":"","overlay-color":"","overlay-opacity":"","overlay-gradient":""},"tablet":{"background-color":"","background-image":"","background-repeat":"repeat","background-position":"center center","background-size":"auto","background-attachment":"scroll","background-type":"","background-media":"","overlay-type":"","overlay-color":"","overlay-opacity":"","overlay-gradient":""},"mobile":{"background-color":"","background-image":"","background-repeat":"repeat","background-position":"center center","background-size":"auto","background-attachment":"scroll","background-type":"","background-media":"","overlay-type":"","overlay-color":"","overlay-opacity":"","overlay-gradient":""}},"ast-content-background-meta":{"desktop":{"background-color":"var(--ast-global-color-5)","background-image":"","background-repeat":"repeat","background-position":"center center","background-size":"auto","background-attachment":"scroll","background-type":"","background-media":"","overlay-type":"","overlay-color":"","overlay-opacity":"","overlay-gradient":""},"tablet":{"background-color":"var(--ast-global-color-5)","background-image":"","background-repeat":"repeat","background-position":"center center","background-size":"auto","background-attachment":"scroll","background-type":"","background-media":"","overlay-type":"","overlay-color":"","overlay-opacity":"","overlay-gradient":""},"mobile":{"background-color":"var(--ast-global-color-5)","background-image":"","background-repeat":"repeat","background-position":"center center","background-size":"auto","background-attachment":"scroll","background-type":"","background-media":"","overlay-type":"","overlay-color":"","overlay-opacity":"","overlay-gradient":""}},"footnotes":""},"categories":[408],"tags":[],"class_list":["post-18589","post","type-post","status-publish","format-standard","hentry","category-congresso-nacional"],"_links":{"self":[{"href":"https:\/\/noticiasnoface.com.br\/index.php\/wp-json\/wp\/v2\/posts\/18589","targetHints":{"allow":["GET"]}}],"collection":[{"href":"https:\/\/noticiasnoface.com.br\/index.php\/wp-json\/wp\/v2\/posts"}],"about":[{"href":"https:\/\/noticiasnoface.com.br\/index.php\/wp-json\/wp\/v2\/types\/post"}],"author":[{"embeddable":true,"href":"https:\/\/noticiasnoface.com.br\/index.php\/wp-json\/wp\/v2\/users\/1"}],"replies":[{"embeddable":true,"href":"https:\/\/noticiasnoface.com.br\/index.php\/wp-json\/wp\/v2\/comments?post=18589"}],"version-history":[{"count":1,"href":"https:\/\/noticiasnoface.com.br\/index.php\/wp-json\/wp\/v2\/posts\/18589\/revisions"}],"predecessor-version":[{"id":18590,"href":"https:\/\/noticiasnoface.com.br\/index.php\/wp-json\/wp\/v2\/posts\/18589\/revisions\/18590"}],"wp:attachment":[{"href":"https:\/\/noticiasnoface.com.br\/index.php\/wp-json\/wp\/v2\/media?parent=18589"}],"wp:term":[{"taxonomy":"category","embeddable":true,"href":"https:\/\/noticiasnoface.com.br\/index.php\/wp-json\/wp\/v2\/categories?post=18589"},{"taxonomy":"post_tag","embeddable":true,"href":"https:\/\/noticiasnoface.com.br\/index.php\/wp-json\/wp\/v2\/tags?post=18589"}],"curies":[{"name":"wp","href":"https:\/\/api.w.org\/{rel}","templated":true}]}}