{"id":18599,"date":"2023-09-05T20:02:06","date_gmt":"2023-09-05T23:02:06","guid":{"rendered":"https:\/\/noticiasnoface.com.br\/?p=18599"},"modified":"2023-09-05T20:02:55","modified_gmt":"2023-09-05T23:02:55","slug":"virou-piada-carrocinha-e-multada-por-usar-celular-em-natal-veja-video","status":"publish","type":"post","link":"https:\/\/noticiasnoface.com.br\/index.php\/2023\/09\/05\/virou-piada-carrocinha-e-multada-por-usar-celular-em-natal-veja-video\/","title":{"rendered":"Virou Piada- Carrocinha \u00e9 multada em Natal por usar celular, VEJA V\u00cdDEO"},"content":{"rendered":"\n<p><\/p>\n\n\n\n<figure class=\"wp-block-image size-large\"><img data-opt-id=1709248532  fetchpriority=\"high\" decoding=\"async\" width=\"1024\" height=\"560\" src=\"https:\/\/mlbfrsat7ahr.i.optimole.com\/w:1024\/h:560\/q:mauto\/ig:avif\/https:\/\/noticiasnoface.com.br\/wp-content\/uploads\/2023\/09\/img_0941.jpg\" alt=\"\" class=\"wp-image-18596\" srcset=\"https:\/\/mlbfrsat7ahr.i.optimole.com\/w:1024\/h:560\/q:mauto\/ig:avif\/https:\/\/noticiasnoface.com.br\/wp-content\/uploads\/2023\/09\/img_0941.jpg 1024w, https:\/\/mlbfrsat7ahr.i.optimole.com\/w:300\/h:164\/q:mauto\/ig:avif\/https:\/\/noticiasnoface.com.br\/wp-content\/uploads\/2023\/09\/img_0941.jpg 300w, https:\/\/mlbfrsat7ahr.i.optimole.com\/w:768\/h:420\/q:mauto\/ig:avif\/https:\/\/noticiasnoface.com.br\/wp-content\/uploads\/2023\/09\/img_0941.jpg 768w, https:\/\/mlbfrsat7ahr.i.optimole.com\/w:1290\/h:706\/q:mauto\/ig:avif\/https:\/\/noticiasnoface.com.br\/wp-content\/uploads\/2023\/09\/img_0941.jpg 1290w\" sizes=\"(max-width: 1000px) 100vw, 1000px\" \/><figcaption class=\"wp-element-caption\">Em mais um v\u00eddeo enviado ao BLOGDOBG sobre as absurdas multas aplicadas em Natal, F\u00e1bio Lucas, da cidade de Jo\u00e3o C\u00e2mara, fala sobre um auto de infra\u00e7\u00e3o aplicado no 23 de agosto, \u00e0s 7h50, em Natal, no cruzamento das avenidas Salgado Filho e Nevaldo Rocha.<br \/>O auto descreve a seguinte infra\u00e7\u00e3o: \u201cVe\u00edculo em movimento, condutor segurando o celular com a m\u00e3o esquerda\u201d.<br \/>O problema \u00e9 que, como ele mostra no v\u00eddeo, o auto [de infra\u00e7\u00e3o] \u00e9 referente a um reboque \u201cque est\u00e1 encostado h\u00e1 meses, sem uso\u201d, diz F\u00e1bio que tamb\u00e9m afirma ter provas de que na data e hora ele estava trabalhando. Ele faz um apelo pela solu\u00e7\u00e3o dessa quest\u00e3o e pede ajuda.<br \/>N\u00e3o podemos mais falar em erros, isso \u00e9 virar um verdadeiro esc\u00e2ndalo.<\/figcaption><\/figure>\n\n\n\n<figure class=\"wp-block-video\"><video height=\"360\" style=\"aspect-ratio: 636 \/ 360;\" width=\"636\" controls src=\"https:\/\/noticiasnoface.com.br\/wp-content\/uploads\/2023\/09\/vwcwobvideoplayback.mp4\"><\/video><figcaption class=\"wp-element-caption\">Carrocinha \u00e9 multada por usar celular <\/figcaption><\/figure>\n","protected":false},"excerpt":{"rendered":"","protected":false},"author":1,"featured_media":0,"comment_status":"open","ping_status":"open","sticky":false,"template":"","format":"standard","meta":{"site-sidebar-layout":"default","site-content-layout":"","ast-site-content-layout":"default","site-content-style":"default","site-sidebar-style":"default","ast-global-header-display":"","ast-banner-title-visibility":"","ast-main-header-display":"","ast-hfb-above-header-display":"","ast-hfb-below-header-display":"","ast-hfb-mobile-header-display":"","site-post-title":"","ast-breadcrumbs-content":"","ast-featured-img":"","footer-sml-layout":"","ast-disable-related-posts":"","theme-transparent-header-meta":"","adv-header-id-meta":"","stick-header-meta":"","header-above-stick-meta":"","header-main-stick-meta":"","header-below-stick-meta":"","astra-migrate-meta-layouts":"default","ast-page-background-enabled":"default","ast-page-background-meta":{"desktop":{"background-color":"var(--ast-global-color-4)","background-image":"","background-repeat":"repeat","background-position":"center center","background-size":"auto","background-attachment":"scroll","background-type":"","background-media":"","overlay-type":"","overlay-color":"","overlay-opacity":"","overlay-gradient":""},"tablet":{"background-color":"","background-image":"","background-repeat":"repeat","background-position":"center center","background-size":"auto","background-attachment":"scroll","background-type":"","background-media":"","overlay-type":"","overlay-color":"","overlay-opacity":"","overlay-gradient":""},"mobile":{"background-color":"","background-image":"","background-repeat":"repeat","background-position":"center center","background-size":"auto","background-attachment":"scroll","background-type":"","background-media":"","overlay-type":"","overlay-color":"","overlay-opacity":"","overlay-gradient":""}},"ast-content-background-meta":{"desktop":{"background-color":"var(--ast-global-color-5)","background-image":"","background-repeat":"repeat","background-position":"center center","background-size":"auto","background-attachment":"scroll","background-type":"","background-media":"","overlay-type":"","overlay-color":"","overlay-opacity":"","overlay-gradient":""},"tablet":{"background-color":"var(--ast-global-color-5)","background-image":"","background-repeat":"repeat","background-position":"center center","background-size":"auto","background-attachment":"scroll","background-type":"","background-media":"","overlay-type":"","overlay-color":"","overlay-opacity":"","overlay-gradient":""},"mobile":{"background-color":"var(--ast-global-color-5)","background-image":"","background-repeat":"repeat","background-position":"center center","background-size":"auto","background-attachment":"scroll","background-type":"","background-media":"","overlay-type":"","overlay-color":"","overlay-opacity":"","overlay-gradient":""}},"footnotes":""},"categories":[517],"tags":[],"class_list":["post-18599","post","type-post","status-publish","format-standard","hentry","category-aconteceu"],"_links":{"self":[{"href":"https:\/\/noticiasnoface.com.br\/index.php\/wp-json\/wp\/v2\/posts\/18599","targetHints":{"allow":["GET"]}}],"collection":[{"href":"https:\/\/noticiasnoface.com.br\/index.php\/wp-json\/wp\/v2\/posts"}],"about":[{"href":"https:\/\/noticiasnoface.com.br\/index.php\/wp-json\/wp\/v2\/types\/post"}],"author":[{"embeddable":true,"href":"https:\/\/noticiasnoface.com.br\/index.php\/wp-json\/wp\/v2\/users\/1"}],"replies":[{"embeddable":true,"href":"https:\/\/noticiasnoface.com.br\/index.php\/wp-json\/wp\/v2\/comments?post=18599"}],"version-history":[{"count":2,"href":"https:\/\/noticiasnoface.com.br\/index.php\/wp-json\/wp\/v2\/posts\/18599\/revisions"}],"predecessor-version":[{"id":18601,"href":"https:\/\/noticiasnoface.com.br\/index.php\/wp-json\/wp\/v2\/posts\/18599\/revisions\/18601"}],"wp:attachment":[{"href":"https:\/\/noticiasnoface.com.br\/index.php\/wp-json\/wp\/v2\/media?parent=18599"}],"wp:term":[{"taxonomy":"category","embeddable":true,"href":"https:\/\/noticiasnoface.com.br\/index.php\/wp-json\/wp\/v2\/categories?post=18599"},{"taxonomy":"post_tag","embeddable":true,"href":"https:\/\/noticiasnoface.com.br\/index.php\/wp-json\/wp\/v2\/tags?post=18599"}],"curies":[{"name":"wp","href":"https:\/\/api.w.org\/{rel}","templated":true}]}}