{"id":18618,"date":"2023-09-05T23:12:43","date_gmt":"2023-09-06T02:12:43","guid":{"rendered":"https:\/\/noticiasnoface.com.br\/?p=18618"},"modified":"2023-09-05T23:12:44","modified_gmt":"2023-09-06T02:12:44","slug":"82a-sessao-ordinaria-e-marcada-por-debates-entre-parlamentares","status":"publish","type":"post","link":"https:\/\/noticiasnoface.com.br\/index.php\/2023\/09\/05\/82a-sessao-ordinaria-e-marcada-por-debates-entre-parlamentares\/","title":{"rendered":"82\u00aa Sess\u00e3o Ordin\u00e1ria \u00e9 marcada por debates entre parlamentares"},"content":{"rendered":"\n<figure class=\"wp-block-image size-large\"><img data-opt-id=1595329023  fetchpriority=\"high\" decoding=\"async\" width=\"300\" height=\"166\" src=\"https:\/\/mlbfrsat7ahr.i.optimole.com\/w:300\/h:166\/q:mauto\/ig:avif\/https:\/\/noticiasnoface.com.br\/wp-content\/uploads\/2023\/09\/img_0957.jpg\" class=\"wp-image-18617\" srcset=\"https:\/\/mlbfrsat7ahr.i.optimole.com\/w:300\/h:166\/q:mauto\/ig:avif\/https:\/\/noticiasnoface.com.br\/wp-content\/uploads\/2023\/09\/img_0957.jpg 300w, https:\/\/mlbfrsat7ahr.i.optimole.com\/w:768\/h:426\/q:mauto\/ig:avif\/https:\/\/noticiasnoface.com.br\/wp-content\/uploads\/2023\/09\/img_0957.jpg 768w, https:\/\/mlbfrsat7ahr.i.optimole.com\/w:1008\/h:559\/q:mauto\/ig:avif\/https:\/\/noticiasnoface.com.br\/wp-content\/uploads\/2023\/09\/img_0957.jpg 1008w\" sizes=\"(max-width: 300px) 100vw, 300px\" \/><figcaption class=\"wp-element-caption\">A C\u00e2mara de Parnamirim realizou sua 82\u00aa Sess\u00e3o Ordin\u00e1ria na manh\u00e3 desta ter\u00e7a-feira (05). Cinco parlamentares fizeram uso da tribuna para debater v\u00e1rias quest\u00f5es pertinentes ao munic\u00edpio de Parnamirim. <br>O vereador Thiago Fernandes (SD) falou sobre o encerramento do Agosto Verde e Dourado e agradeceu a todos os parceiros e parlamentares que ajudaram a construir as campanhas de primeira inf\u00e2ncia e amamenta\u00e7\u00e3o. Ao final de aua fala, Thiago Fernandes citou o Setembro Amarelo e a import\u00e2ncia de cuidar da sa\u00fade mental. \u201cEssa luta precisa ser fortalecida. N\u00f3s enquanto institui\u00e7\u00e3o precisamos dar mais visibilidade e mostrar a import\u00e2ncia de fortalecer a sa\u00fade mental do nosso munic\u00edpio\u201d, disse.  <br>A segunda fala do dia foi do parlamentar Michael Borges (PSDB), que cobrou a convoca\u00e7\u00e3o de aprovados no concurso 01\/2019 e o aumento da validade do mesmo concurso para que \u00e1reas do munic\u00edpio recebam os funcion\u00e1rios necess\u00e1rios. \u201cSeguiremos lutando at\u00e9 que todas as vagas destinadas aos servidores efetivos sejam ocupadas no munic\u00edpio de Parnamirim\u201d, declarou Michael. <br>O vereador Gabriel C\u00e9sar (PL) relatou o uso de bandeira do movimento LGBTQI+ durante o desfile c\u00edvico de Parnamirim no dia 01, e criticou o acontecido. \u201cO momento c\u00edvico n\u00e3o \u00e9 um local para colocar a bandeira de outro movimento. Aquela bandeira afronta outro segmento. O momento do desfile c\u00edvico \u00e9 para a uni\u00e3o\u201d, disse o parlamentar. <br>O edil Professor Diego (PSB)  tamb\u00e9m abordou quest\u00f5es referentes ao desfile c\u00edvico, como a falta de participa\u00e7\u00e3o das escolas do munic\u00edpio por causa da falta de fardamento e a aus\u00eancia das escolas privadas que n\u00e3o foram convidadas pela Secretaria de Educa\u00e7\u00e3o.<br>Em \u00faltimo momento a vereadora Fativan Alves (PV) agradeceu a participa\u00e7\u00e3o de todos os funcion\u00e1rios da Casa do Povo e todos os volunt\u00e1rios que fizeram o dia D do Agosto Lil\u00e1s. \u201cFizemos 106 mamografias, 64 pessoas atendidas pela vacina\u00e7\u00e3o, 32 atendimentos com ginecologista, 350 servi\u00e7os na sala da beleza e 62 pessoas atendidas nas terapias alternativas\u201d, compartilhou. <br> <br><strong>Aprova\u00e7\u00f5es<\/strong><br>Ao final da Sess\u00e3o, foram aprovados, em \u00fanica vota\u00e7\u00e3o, cinco projetos de lei e uma Emenda ao Projeto de Lei n\u00b0027\/2023<br><small class=\"cmp-noticia-content-credit\">Fonte: Malu Machado &#8211; Ascom\/CMP<\/small> <\/figcaption><\/figure>\n","protected":false},"excerpt":{"rendered":"","protected":false},"author":1,"featured_media":0,"comment_status":"open","ping_status":"open","sticky":false,"template":"","format":"standard","meta":{"site-sidebar-layout":"default","site-content-layout":"","ast-site-content-layout":"default","site-content-style":"default","site-sidebar-style":"default","ast-global-header-display":"","ast-banner-title-visibility":"","ast-main-header-display":"","ast-hfb-above-header-display":"","ast-hfb-below-header-display":"","ast-hfb-mobile-header-display":"","site-post-title":"","ast-breadcrumbs-content":"","ast-featured-img":"","footer-sml-layout":"","ast-disable-related-posts":"","theme-transparent-header-meta":"","adv-header-id-meta":"","stick-header-meta":"","header-above-stick-meta":"","header-main-stick-meta":"","header-below-stick-meta":"","astra-migrate-meta-layouts":"default","ast-page-background-enabled":"default","ast-page-background-meta":{"desktop":{"background-color":"var(--ast-global-color-4)","background-image":"","background-repeat":"repeat","background-position":"center center","background-size":"auto","background-attachment":"scroll","background-type":"","background-media":"","overlay-type":"","overlay-color":"","overlay-opacity":"","overlay-gradient":""},"tablet":{"background-color":"","background-image":"","background-repeat":"repeat","background-position":"center center","background-size":"auto","background-attachment":"scroll","background-type":"","background-media":"","overlay-type":"","overlay-color":"","overlay-opacity":"","overlay-gradient":""},"mobile":{"background-color":"","background-image":"","background-repeat":"repeat","background-position":"center center","background-size":"auto","background-attachment":"scroll","background-type":"","background-media":"","overlay-type":"","overlay-color":"","overlay-opacity":"","overlay-gradient":""}},"ast-content-background-meta":{"desktop":{"background-color":"var(--ast-global-color-5)","background-image":"","background-repeat":"repeat","background-position":"center center","background-size":"auto","background-attachment":"scroll","background-type":"","background-media":"","overlay-type":"","overlay-color":"","overlay-opacity":"","overlay-gradient":""},"tablet":{"background-color":"var(--ast-global-color-5)","background-image":"","background-repeat":"repeat","background-position":"center center","background-size":"auto","background-attachment":"scroll","background-type":"","background-media":"","overlay-type":"","overlay-color":"","overlay-opacity":"","overlay-gradient":""},"mobile":{"background-color":"var(--ast-global-color-5)","background-image":"","background-repeat":"repeat","background-position":"center center","background-size":"auto","background-attachment":"scroll","background-type":"","background-media":"","overlay-type":"","overlay-color":"","overlay-opacity":"","overlay-gradient":""}},"footnotes":""},"categories":[517],"tags":[],"class_list":["post-18618","post","type-post","status-publish","format-standard","hentry","category-aconteceu"],"_links":{"self":[{"href":"https:\/\/noticiasnoface.com.br\/index.php\/wp-json\/wp\/v2\/posts\/18618","targetHints":{"allow":["GET"]}}],"collection":[{"href":"https:\/\/noticiasnoface.com.br\/index.php\/wp-json\/wp\/v2\/posts"}],"about":[{"href":"https:\/\/noticiasnoface.com.br\/index.php\/wp-json\/wp\/v2\/types\/post"}],"author":[{"embeddable":true,"href":"https:\/\/noticiasnoface.com.br\/index.php\/wp-json\/wp\/v2\/users\/1"}],"replies":[{"embeddable":true,"href":"https:\/\/noticiasnoface.com.br\/index.php\/wp-json\/wp\/v2\/comments?post=18618"}],"version-history":[{"count":1,"href":"https:\/\/noticiasnoface.com.br\/index.php\/wp-json\/wp\/v2\/posts\/18618\/revisions"}],"predecessor-version":[{"id":18619,"href":"https:\/\/noticiasnoface.com.br\/index.php\/wp-json\/wp\/v2\/posts\/18618\/revisions\/18619"}],"wp:attachment":[{"href":"https:\/\/noticiasnoface.com.br\/index.php\/wp-json\/wp\/v2\/media?parent=18618"}],"wp:term":[{"taxonomy":"category","embeddable":true,"href":"https:\/\/noticiasnoface.com.br\/index.php\/wp-json\/wp\/v2\/categories?post=18618"},{"taxonomy":"post_tag","embeddable":true,"href":"https:\/\/noticiasnoface.com.br\/index.php\/wp-json\/wp\/v2\/tags?post=18618"}],"curies":[{"name":"wp","href":"https:\/\/api.w.org\/{rel}","templated":true}]}}