{"id":18625,"date":"2023-09-06T00:09:32","date_gmt":"2023-09-06T03:09:32","guid":{"rendered":"https:\/\/noticiasnoface.com.br\/?p=18625"},"modified":"2023-09-06T00:09:32","modified_gmt":"2023-09-06T03:09:32","slug":"familia-suspeita-que-filho-de-michael-jackson-pode-ser-de-batore","status":"publish","type":"post","link":"https:\/\/noticiasnoface.com.br\/index.php\/2023\/09\/06\/familia-suspeita-que-filho-de-michael-jackson-pode-ser-de-batore\/","title":{"rendered":"Fam\u00edlia suspeita que Filho de Michael Jackson pode ser de Bator\u00e9"},"content":{"rendered":"\n<figure class=\"wp-block-image size-large\"><img data-opt-id=1684931078  fetchpriority=\"high\" decoding=\"async\" width=\"1024\" height=\"517\" src=\"https:\/\/mlbfrsat7ahr.i.optimole.com\/w:1024\/h:517\/q:mauto\/ig:avif\/https:\/\/noticiasnoface.com.br\/wp-content\/uploads\/2023\/09\/photo-output-8.png\" class=\"wp-image-18623\" srcset=\"https:\/\/mlbfrsat7ahr.i.optimole.com\/w:1024\/h:517\/q:mauto\/ig:avif\/https:\/\/noticiasnoface.com.br\/wp-content\/uploads\/2023\/09\/photo-output-8.png 1024w, https:\/\/mlbfrsat7ahr.i.optimole.com\/w:300\/h:151\/q:mauto\/ig:avif\/https:\/\/noticiasnoface.com.br\/wp-content\/uploads\/2023\/09\/photo-output-8.png 300w, https:\/\/mlbfrsat7ahr.i.optimole.com\/w:768\/h:388\/q:mauto\/ig:avif\/https:\/\/noticiasnoface.com.br\/wp-content\/uploads\/2023\/09\/photo-output-8.png 768w, https:\/\/mlbfrsat7ahr.i.optimole.com\/w:1536\/h:776\/q:mauto\/ig:avif\/https:\/\/noticiasnoface.com.br\/wp-content\/uploads\/2023\/09\/photo-output-8.png 1536w, https:\/\/mlbfrsat7ahr.i.optimole.com\/w:1920\/h:969\/q:mauto\/ig:avif\/https:\/\/noticiasnoface.com.br\/wp-content\/uploads\/2023\/09\/photo-output-8.png 2048w\" sizes=\"(max-width: 1000px) 100vw, 1000px\" \/><figcaption class=\"wp-element-caption\">Prince Jackson, filho de Michael Jackson, concedeu uma entrevista recentemente ao Los Angeles Times, na qual falou sobre a inf\u00e2ncia supostamente conturbada que teve ao lado do Rei do Pop.<\/figcaption><\/figure>\n\n\n\n<figure class=\"wp-block-image size-large\"><img data-opt-id=1832140806  fetchpriority=\"high\" decoding=\"async\" width=\"1024\" height=\"802\" src=\"https:\/\/mlbfrsat7ahr.i.optimole.com\/w:1024\/h:802\/q:mauto\/ig:avif\/https:\/\/noticiasnoface.com.br\/wp-content\/uploads\/2023\/09\/img_0966.jpg\" class=\"wp-image-18624\" srcset=\"https:\/\/mlbfrsat7ahr.i.optimole.com\/w:1024\/h:802\/q:mauto\/ig:avif\/https:\/\/noticiasnoface.com.br\/wp-content\/uploads\/2023\/09\/img_0966.jpg 1024w, https:\/\/mlbfrsat7ahr.i.optimole.com\/w:300\/h:235\/q:mauto\/ig:avif\/https:\/\/noticiasnoface.com.br\/wp-content\/uploads\/2023\/09\/img_0966.jpg 300w, https:\/\/mlbfrsat7ahr.i.optimole.com\/w:768\/h:601\/q:mauto\/ig:avif\/https:\/\/noticiasnoface.com.br\/wp-content\/uploads\/2023\/09\/img_0966.jpg 768w, https:\/\/mlbfrsat7ahr.i.optimole.com\/w:1290\/h:1010\/q:mauto\/ig:avif\/https:\/\/noticiasnoface.com.br\/wp-content\/uploads\/2023\/09\/img_0966.jpg 1290w\" sizes=\"(max-width: 1000px) 100vw, 1000px\" \/><figcaption class=\"wp-element-caption\">Prince Jackson, filho de Michael Jackson, concedeu uma entrevista recentemente ao Los Angeles Times, na qual falou sobre a inf\u00e2ncia supostamente conturbada que teve ao lado do Rei do Pop.<br><br><br><br><br><br><br>O astro, que completaria 67 anos de idade na semana passada, costumava fazer com que os filhos andassem com m\u00e1scaras em p\u00fablico. \u201cEle queria que tiv\u00e9ssemos nossa pr\u00f3pria vida sem ele. Acho que n\u00e3o pensava que outras crian\u00e7as viviam assim quando eu era mais jovem. Mas quando soube quem ele era, percebi que n\u00e3o era normal.\u201d<br><br><br><br><br><br>O jovem de 26 anos, hoje formado em Administra\u00e7\u00e3o de Empresas, revelou que os primeiros anos da sua vida n\u00e3o foram \u201cconvencionais\u201d, n\u00e3o tinha certeza de sua paternidade, me falaram que eu poderia ser filho de um humorista brasileiro BATOR\u00c9, mas disse entender as atitudes controversas de seu pai e da sua m\u00e3e como uma maneira de proteg\u00ea-los da exposi\u00e7\u00e3o e tentar que tivessem privacidade.Michael Jackson faleceu devido a uma overdose de propofol, poderoso anest\u00e9sico. <br><br><br><br><br><br><br>Em 2009, o cantor estava a algumas semanas de iniciar uma s\u00e9rie de 50 shows em Londres, daquela que seria sua \u00faltima turn\u00ea na carreira.<br><ins class=\"adsbygoogle adsbygoogle-noablate\"><br>A rela\u00e7\u00e3o de Michael Jackson com os analg\u00e9sicos teve in\u00edcio em 1984, quando sofreu queimaduras de segundo e terceiro grau em um comercial da Pepsi. Para se recuperar, passou a usar analg\u00e9sicos, e n\u00e3o parou mais. \u201cTornei-me cada vez mais dependente [dos rem\u00e9dios] para me ajudar nos dias da minha turn\u00ea\u201d, revelou ele em um \u00e1udio durante um document\u00e1rio.<\/ins><\/figcaption><\/figure>\n\n\n\n<p><\/p>\n\n\n\n<p><\/p>\n\n\n\n<p><\/p>\n\n\n\n<p><\/p>\n","protected":false},"excerpt":{"rendered":"","protected":false},"author":1,"featured_media":0,"comment_status":"open","ping_status":"open","sticky":false,"template":"","format":"standard","meta":{"site-sidebar-layout":"default","site-content-layout":"","ast-site-content-layout":"default","site-content-style":"default","site-sidebar-style":"default","ast-global-header-display":"","ast-banner-title-visibility":"","ast-main-header-display":"","ast-hfb-above-header-display":"","ast-hfb-below-header-display":"","ast-hfb-mobile-header-display":"","site-post-title":"","ast-breadcrumbs-content":"","ast-featured-img":"","footer-sml-layout":"","ast-disable-related-posts":"","theme-transparent-header-meta":"","adv-header-id-meta":"","stick-header-meta":"","header-above-stick-meta":"","header-main-stick-meta":"","header-below-stick-meta":"","astra-migrate-meta-layouts":"default","ast-page-background-enabled":"default","ast-page-background-meta":{"desktop":{"background-color":"var(--ast-global-color-4)","background-image":"","background-repeat":"repeat","background-position":"center center","background-size":"auto","background-attachment":"scroll","background-type":"","background-media":"","overlay-type":"","overlay-color":"","overlay-opacity":"","overlay-gradient":""},"tablet":{"background-color":"","background-image":"","background-repeat":"repeat","background-position":"center center","background-size":"auto","background-attachment":"scroll","background-type":"","background-media":"","overlay-type":"","overlay-color":"","overlay-opacity":"","overlay-gradient":""},"mobile":{"background-color":"","background-image":"","background-repeat":"repeat","background-position":"center center","background-size":"auto","background-attachment":"scroll","background-type":"","background-media":"","overlay-type":"","overlay-color":"","overlay-opacity":"","overlay-gradient":""}},"ast-content-background-meta":{"desktop":{"background-color":"var(--ast-global-color-5)","background-image":"","background-repeat":"repeat","background-position":"center center","background-size":"auto","background-attachment":"scroll","background-type":"","background-media":"","overlay-type":"","overlay-color":"","overlay-opacity":"","overlay-gradient":""},"tablet":{"background-color":"var(--ast-global-color-5)","background-image":"","background-repeat":"repeat","background-position":"center center","background-size":"auto","background-attachment":"scroll","background-type":"","background-media":"","overlay-type":"","overlay-color":"","overlay-opacity":"","overlay-gradient":""},"mobile":{"background-color":"var(--ast-global-color-5)","background-image":"","background-repeat":"repeat","background-position":"center center","background-size":"auto","background-attachment":"scroll","background-type":"","background-media":"","overlay-type":"","overlay-color":"","overlay-opacity":"","overlay-gradient":""}},"footnotes":""},"categories":[517],"tags":[],"class_list":["post-18625","post","type-post","status-publish","format-standard","hentry","category-aconteceu"],"_links":{"self":[{"href":"https:\/\/noticiasnoface.com.br\/index.php\/wp-json\/wp\/v2\/posts\/18625","targetHints":{"allow":["GET"]}}],"collection":[{"href":"https:\/\/noticiasnoface.com.br\/index.php\/wp-json\/wp\/v2\/posts"}],"about":[{"href":"https:\/\/noticiasnoface.com.br\/index.php\/wp-json\/wp\/v2\/types\/post"}],"author":[{"embeddable":true,"href":"https:\/\/noticiasnoface.com.br\/index.php\/wp-json\/wp\/v2\/users\/1"}],"replies":[{"embeddable":true,"href":"https:\/\/noticiasnoface.com.br\/index.php\/wp-json\/wp\/v2\/comments?post=18625"}],"version-history":[{"count":1,"href":"https:\/\/noticiasnoface.com.br\/index.php\/wp-json\/wp\/v2\/posts\/18625\/revisions"}],"predecessor-version":[{"id":18626,"href":"https:\/\/noticiasnoface.com.br\/index.php\/wp-json\/wp\/v2\/posts\/18625\/revisions\/18626"}],"wp:attachment":[{"href":"https:\/\/noticiasnoface.com.br\/index.php\/wp-json\/wp\/v2\/media?parent=18625"}],"wp:term":[{"taxonomy":"category","embeddable":true,"href":"https:\/\/noticiasnoface.com.br\/index.php\/wp-json\/wp\/v2\/categories?post=18625"},{"taxonomy":"post_tag","embeddable":true,"href":"https:\/\/noticiasnoface.com.br\/index.php\/wp-json\/wp\/v2\/tags?post=18625"}],"curies":[{"name":"wp","href":"https:\/\/api.w.org\/{rel}","templated":true}]}}