{"id":18671,"date":"2023-09-08T06:14:05","date_gmt":"2023-09-08T09:14:05","guid":{"rendered":"https:\/\/noticiasnoface.com.br\/?p=18671"},"modified":"2023-09-08T06:16:12","modified_gmt":"2023-09-08T09:16:12","slug":"restituicao-imposto-de-renda-veja-quando-vc-vai-receber","status":"publish","type":"post","link":"https:\/\/noticiasnoface.com.br\/index.php\/2023\/09\/08\/restituicao-imposto-de-renda-veja-quando-vc-vai-receber\/","title":{"rendered":"Restitui\u00e7\u00e3o imposto de renda, veja quando vc vai receber"},"content":{"rendered":"\n<figure class=\"wp-block-image size-large\"><img data-opt-id=1612024676  fetchpriority=\"high\" decoding=\"async\" width=\"1024\" height=\"574\" src=\"https:\/\/mlbfrsat7ahr.i.optimole.com\/w:1024\/h:574\/q:mauto\/ig:avif\/https:\/\/noticiasnoface.com.br\/wp-content\/uploads\/2023\/09\/photo-output-24.jpg\" alt=\"\" class=\"wp-image-18670\" srcset=\"https:\/\/mlbfrsat7ahr.i.optimole.com\/w:1024\/h:574\/q:mauto\/ig:avif\/https:\/\/noticiasnoface.com.br\/wp-content\/uploads\/2023\/09\/photo-output-24.jpg 1024w, https:\/\/mlbfrsat7ahr.i.optimole.com\/w:300\/h:168\/q:mauto\/ig:avif\/https:\/\/noticiasnoface.com.br\/wp-content\/uploads\/2023\/09\/photo-output-24.jpg 300w, https:\/\/mlbfrsat7ahr.i.optimole.com\/w:768\/h:431\/q:mauto\/ig:avif\/https:\/\/noticiasnoface.com.br\/wp-content\/uploads\/2023\/09\/photo-output-24.jpg 768w, https:\/\/mlbfrsat7ahr.i.optimole.com\/w:1536\/h:861\/q:mauto\/ig:avif\/https:\/\/noticiasnoface.com.br\/wp-content\/uploads\/2023\/09\/photo-output-24.jpg 1536w, https:\/\/mlbfrsat7ahr.i.optimole.com\/w:1920\/h:1076\/q:mauto\/ig:avif\/https:\/\/noticiasnoface.com.br\/wp-content\/uploads\/2023\/09\/photo-output-24.jpg 2048w\" sizes=\"(max-width: 1000px) 100vw, 1000px\" \/><figcaption class=\"wp-element-caption\">A restitui\u00e7\u00e3o do 2023 est\u00e1 caminhando para o quinto e \u00faltimo lote. A para saber quais contribuintes estar\u00e3o inclusos nessa leva estar\u00e1 dispon\u00edvel a partir de 22 de setembro e o pagamento, no dia 29.<br \/>Leia tamb\u00e9m<br \/>No quarto lote foram contemplados um total de 6,1 milh\u00f5es de contribuintes, somando um montante de R$ 7,5 bilh\u00f5es em restitui\u00e7\u00f5es. Para verificar quem tem direito \u00e0 restitui\u00e7\u00e3o do <a href=\"https:\/\/einvestidor.estadao.com.br\/tag\/imposto-de-renda\/\" target=\"_blank\" rel=\"noopener\">IR<\/a>, basta acessar o site oficial da <a href=\"https:\/\/einvestidor.estadao.com.br\/tag\/receita-federal\/\" target=\"_blank\" rel=\"noopener\">Receita Federal<\/a>no site <a href=\"http:\/\/www.restituicao.receita.fazenda.gov.br\/\" target=\"_blank\" rel=\"noreferrer noopener\">www.restituicao.receita.fazenda.gov.br<\/a>.<br \/>Os contribuintes tamb\u00e9m t\u00eam a op\u00e7\u00e3o de realizar a consulta completa sobre a declara\u00e7\u00e3o e verificar poss\u00edveis pend\u00eancias por meio do sistema e-CAC. O site tamb\u00e9m fornece informa\u00e7\u00f5es sobre a natureza da pend\u00eancia e quaisquer dados incorretos.<br \/><img data-opt-id=1916434063  fetchpriority=\"high\" decoding=\"async\" src=\"https:\/\/einvestidor.estadao.com.br\/wp-content\/themes\/e-investidor\/assets\/img\/amp\/description-form.jpg\" alt=\"Encontre investimentos combinem com seus objetivos\" \/><br \/>Preencha os campos abaixo para que um especialista da \u00c1gora entre em contato com voc\u00ea e conhe\u00e7a mais de 800 op\u00e7\u00f5es de produtos dispon\u00edveis.<br \/><br \/><br \/>Caso haja alguma situa\u00e7\u00e3o que impe\u00e7a o cr\u00e9dito, os contribuintes podem reagendar o pagamento pelo Portal BB, acess\u00edvel por meio deste <a href=\"https:\/\/www.bb.com.br\/irpf\" target=\"_blank\" rel=\"noreferrer noopener\">site<\/a>, ou entrando em contato com a Central de Relacionamento BB pelos n\u00fameros <a href=\"tel:4004-0001\">4004-0001<\/a> (capitais), <a href=\"tel:0800-729-0001\">0800-729-0001<\/a> (outras localidades) e <a href=\"tel:0800-729-0088\">0800-729-0088<\/a> (telefone exclusivo para deficientes auditivos).<br \/>Calend\u00e1rio de pagamento da restitui\u00e7\u00e3o do Imposto de Renda<br \/><a href=\"https:\/\/einvestidor.estadao.com.br\/ultimas\/restituicao-imposto-renda-2023-1-lote\/\" target=\"_blank\" rel=\"noopener\">1\u00ba lote<\/a>: 31 de maio (4.129.925 contribuintes; j\u00e1 pago);<br \/><a href=\"https:\/\/einvestidor.estadao.com.br\/ultimas\/quem-recebe-segundo-lote-restituicao-do-imposto-de-renda\/\" target=\"_blank\" rel=\"noopener\">2\u00ba lote<\/a>: 30 de junho (5.138.476 contribuintes; j\u00e1 pago);<br \/><a href=\"https:\/\/einvestidor.estadao.com.br\/ultimas\/restituicao-imposto-renda-terceiro-lote-tera-correcao\/\" target=\"_blank\" rel=\"noopener\">3\u00ba lote<\/a>: 31 de julho (5.632.036 contribuintes; j\u00e1 pago);<br \/><a href=\"https:\/\/einvestidor.estadao.com.br\/ultimas\/restituicao-imposto-de-renda-2023-quem-recebe\/\" target=\"_blank\" rel=\"noopener\">4\u00ba lote<\/a>: 31 de agosto (6.118.310 contribuintes; j\u00e1 pago);<br \/>5\u00ba lote: 29 de setembro<br \/><\/figcaption><\/figure>\n","protected":false},"excerpt":{"rendered":"","protected":false},"author":1,"featured_media":0,"comment_status":"open","ping_status":"open","sticky":false,"template":"","format":"standard","meta":{"site-sidebar-layout":"default","site-content-layout":"","ast-site-content-layout":"default","site-content-style":"default","site-sidebar-style":"default","ast-global-header-display":"","ast-banner-title-visibility":"","ast-main-header-display":"","ast-hfb-above-header-display":"","ast-hfb-below-header-display":"","ast-hfb-mobile-header-display":"","site-post-title":"","ast-breadcrumbs-content":"","ast-featured-img":"","footer-sml-layout":"","ast-disable-related-posts":"","theme-transparent-header-meta":"","adv-header-id-meta":"","stick-header-meta":"","header-above-stick-meta":"","header-main-stick-meta":"","header-below-stick-meta":"","astra-migrate-meta-layouts":"default","ast-page-background-enabled":"default","ast-page-background-meta":{"desktop":{"background-color":"var(--ast-global-color-4)","background-image":"","background-repeat":"repeat","background-position":"center center","background-size":"auto","background-attachment":"scroll","background-type":"","background-media":"","overlay-type":"","overlay-color":"","overlay-opacity":"","overlay-gradient":""},"tablet":{"background-color":"","background-image":"","background-repeat":"repeat","background-position":"center center","background-size":"auto","background-attachment":"scroll","background-type":"","background-media":"","overlay-type":"","overlay-color":"","overlay-opacity":"","overlay-gradient":""},"mobile":{"background-color":"","background-image":"","background-repeat":"repeat","background-position":"center center","background-size":"auto","background-attachment":"scroll","background-type":"","background-media":"","overlay-type":"","overlay-color":"","overlay-opacity":"","overlay-gradient":""}},"ast-content-background-meta":{"desktop":{"background-color":"var(--ast-global-color-5)","background-image":"","background-repeat":"repeat","background-position":"center center","background-size":"auto","background-attachment":"scroll","background-type":"","background-media":"","overlay-type":"","overlay-color":"","overlay-opacity":"","overlay-gradient":""},"tablet":{"background-color":"var(--ast-global-color-5)","background-image":"","background-repeat":"repeat","background-position":"center center","background-size":"auto","background-attachment":"scroll","background-type":"","background-media":"","overlay-type":"","overlay-color":"","overlay-opacity":"","overlay-gradient":""},"mobile":{"background-color":"var(--ast-global-color-5)","background-image":"","background-repeat":"repeat","background-position":"center center","background-size":"auto","background-attachment":"scroll","background-type":"","background-media":"","overlay-type":"","overlay-color":"","overlay-opacity":"","overlay-gradient":""}},"footnotes":""},"categories":[517],"tags":[],"class_list":["post-18671","post","type-post","status-publish","format-standard","hentry","category-aconteceu"],"_links":{"self":[{"href":"https:\/\/noticiasnoface.com.br\/index.php\/wp-json\/wp\/v2\/posts\/18671","targetHints":{"allow":["GET"]}}],"collection":[{"href":"https:\/\/noticiasnoface.com.br\/index.php\/wp-json\/wp\/v2\/posts"}],"about":[{"href":"https:\/\/noticiasnoface.com.br\/index.php\/wp-json\/wp\/v2\/types\/post"}],"author":[{"embeddable":true,"href":"https:\/\/noticiasnoface.com.br\/index.php\/wp-json\/wp\/v2\/users\/1"}],"replies":[{"embeddable":true,"href":"https:\/\/noticiasnoface.com.br\/index.php\/wp-json\/wp\/v2\/comments?post=18671"}],"version-history":[{"count":3,"href":"https:\/\/noticiasnoface.com.br\/index.php\/wp-json\/wp\/v2\/posts\/18671\/revisions"}],"predecessor-version":[{"id":18674,"href":"https:\/\/noticiasnoface.com.br\/index.php\/wp-json\/wp\/v2\/posts\/18671\/revisions\/18674"}],"wp:attachment":[{"href":"https:\/\/noticiasnoface.com.br\/index.php\/wp-json\/wp\/v2\/media?parent=18671"}],"wp:term":[{"taxonomy":"category","embeddable":true,"href":"https:\/\/noticiasnoface.com.br\/index.php\/wp-json\/wp\/v2\/categories?post=18671"},{"taxonomy":"post_tag","embeddable":true,"href":"https:\/\/noticiasnoface.com.br\/index.php\/wp-json\/wp\/v2\/tags?post=18671"}],"curies":[{"name":"wp","href":"https:\/\/api.w.org\/{rel}","templated":true}]}}