{"id":18685,"date":"2023-09-08T15:23:23","date_gmt":"2023-09-08T18:23:23","guid":{"rendered":"https:\/\/noticiasnoface.com.br\/?p=18685"},"modified":"2023-09-08T15:23:23","modified_gmt":"2023-09-08T18:23:23","slug":"vem-ai-a-agencia-felicce-especializada-em-marketing-politico","status":"publish","type":"post","link":"https:\/\/noticiasnoface.com.br\/index.php\/2023\/09\/08\/vem-ai-a-agencia-felicce-especializada-em-marketing-politico\/","title":{"rendered":"Vem a\u00ed a ag\u00eancia Felicce, especializada em marketing pol\u00edtico."},"content":{"rendered":"\n<figure class=\"wp-block-image size-large\"><img data-opt-id=81363750  fetchpriority=\"high\" decoding=\"async\" width=\"878\" height=\"1024\" src=\"https:\/\/mlbfrsat7ahr.i.optimole.com\/w:878\/h:1024\/q:mauto\/ig:avif\/https:\/\/noticiasnoface.com.br\/wp-content\/uploads\/2023\/09\/img_1159.jpg\" class=\"wp-image-18684\" srcset=\"https:\/\/mlbfrsat7ahr.i.optimole.com\/w:878\/h:1024\/q:mauto\/ig:avif\/https:\/\/noticiasnoface.com.br\/wp-content\/uploads\/2023\/09\/img_1159.jpg 878w, https:\/\/mlbfrsat7ahr.i.optimole.com\/w:257\/h:300\/q:mauto\/ig:avif\/https:\/\/noticiasnoface.com.br\/wp-content\/uploads\/2023\/09\/img_1159.jpg 257w, https:\/\/mlbfrsat7ahr.i.optimole.com\/w:768\/h:896\/q:mauto\/ig:avif\/https:\/\/noticiasnoface.com.br\/wp-content\/uploads\/2023\/09\/img_1159.jpg 768w, https:\/\/mlbfrsat7ahr.i.optimole.com\/w:925\/h:1080\/q:mauto\/ig:avif\/https:\/\/noticiasnoface.com.br\/wp-content\/uploads\/2023\/09\/img_1159.jpg 1290w\" sizes=\"(max-width: 878px) 100vw, 878px\" \/><figcaption class=\"wp-element-caption\">Vem a\u00ed a ag\u00eancia Felicce, especializada em marketing pol\u00edtico.<br>Um publicit\u00e1rio e um administrador, Heyder Macedo e Rodrigo Melo, respectivamente, criaram a ag\u00eancia.<br>O lan\u00e7amento oficial ser\u00e1 no dia 15 de setembro, mas a ag\u00eancia j\u00e1 tem clientes e trabalha em v\u00e1rias pr\u00e9-campanhas pelo Brasil.<br>Heyder foi respons\u00e1vel por dezenas de campanhas vitoriosas em v\u00e1rias capitais do pa\u00eds. Ganhou notoriedade por comandar as campanhas de Ronaldo C\u00e9sar Coelho no Rio de Janeiro, Paulo Hartung no Esp\u00edrito Santo e Luciano Rezende na capital Capixaba.<br>No RN, Heyder comandou o marketing eleitoral do PSC em Natal e v\u00e1rias cidades do interior na campanha municipal de 2020.<br>\u201cEstamos preparados para voos mais altos. A Felicce ser\u00e1 a ag\u00eancia dos vencedores. Pensou em campanha vencedora, pensou Felicce\u201d, disse Heyder.<br>A marca da ag\u00eancia ser\u00e1 apresentada no dia do seu lan\u00e7amento. O blog teve acesso a um teaser da marca. Insisti com os dois s\u00f3cios para divulgar em primeira m\u00e3o, recebi uma n\u00e3o. Vamos ter que esperar.<br>A ag\u00eancia vai funcionar na Arena das Dunas.<br>Em tempo: j\u00e1 h\u00e1 briga pelos convites do lan\u00e7amento. A Felicce j\u00e1 nasce concorrida. Sorte aos dois criativos via BLOG DO CYRILO <\/figcaption><\/figure>\n\n\n\n<p><\/p>\n","protected":false},"excerpt":{"rendered":"","protected":false},"author":1,"featured_media":0,"comment_status":"open","ping_status":"open","sticky":false,"template":"","format":"standard","meta":{"site-sidebar-layout":"default","site-content-layout":"","ast-site-content-layout":"default","site-content-style":"default","site-sidebar-style":"default","ast-global-header-display":"","ast-banner-title-visibility":"","ast-main-header-display":"","ast-hfb-above-header-display":"","ast-hfb-below-header-display":"","ast-hfb-mobile-header-display":"","site-post-title":"","ast-breadcrumbs-content":"","ast-featured-img":"","footer-sml-layout":"","ast-disable-related-posts":"","theme-transparent-header-meta":"","adv-header-id-meta":"","stick-header-meta":"","header-above-stick-meta":"","header-main-stick-meta":"","header-below-stick-meta":"","astra-migrate-meta-layouts":"default","ast-page-background-enabled":"default","ast-page-background-meta":{"desktop":{"background-color":"var(--ast-global-color-4)","background-image":"","background-repeat":"repeat","background-position":"center center","background-size":"auto","background-attachment":"scroll","background-type":"","background-media":"","overlay-type":"","overlay-color":"","overlay-opacity":"","overlay-gradient":""},"tablet":{"background-color":"","background-image":"","background-repeat":"repeat","background-position":"center center","background-size":"auto","background-attachment":"scroll","background-type":"","background-media":"","overlay-type":"","overlay-color":"","overlay-opacity":"","overlay-gradient":""},"mobile":{"background-color":"","background-image":"","background-repeat":"repeat","background-position":"center center","background-size":"auto","background-attachment":"scroll","background-type":"","background-media":"","overlay-type":"","overlay-color":"","overlay-opacity":"","overlay-gradient":""}},"ast-content-background-meta":{"desktop":{"background-color":"var(--ast-global-color-5)","background-image":"","background-repeat":"repeat","background-position":"center center","background-size":"auto","background-attachment":"scroll","background-type":"","background-media":"","overlay-type":"","overlay-color":"","overlay-opacity":"","overlay-gradient":""},"tablet":{"background-color":"var(--ast-global-color-5)","background-image":"","background-repeat":"repeat","background-position":"center center","background-size":"auto","background-attachment":"scroll","background-type":"","background-media":"","overlay-type":"","overlay-color":"","overlay-opacity":"","overlay-gradient":""},"mobile":{"background-color":"var(--ast-global-color-5)","background-image":"","background-repeat":"repeat","background-position":"center center","background-size":"auto","background-attachment":"scroll","background-type":"","background-media":"","overlay-type":"","overlay-color":"","overlay-opacity":"","overlay-gradient":""}},"footnotes":""},"categories":[517],"tags":[],"class_list":["post-18685","post","type-post","status-publish","format-standard","hentry","category-aconteceu"],"_links":{"self":[{"href":"https:\/\/noticiasnoface.com.br\/index.php\/wp-json\/wp\/v2\/posts\/18685","targetHints":{"allow":["GET"]}}],"collection":[{"href":"https:\/\/noticiasnoface.com.br\/index.php\/wp-json\/wp\/v2\/posts"}],"about":[{"href":"https:\/\/noticiasnoface.com.br\/index.php\/wp-json\/wp\/v2\/types\/post"}],"author":[{"embeddable":true,"href":"https:\/\/noticiasnoface.com.br\/index.php\/wp-json\/wp\/v2\/users\/1"}],"replies":[{"embeddable":true,"href":"https:\/\/noticiasnoface.com.br\/index.php\/wp-json\/wp\/v2\/comments?post=18685"}],"version-history":[{"count":1,"href":"https:\/\/noticiasnoface.com.br\/index.php\/wp-json\/wp\/v2\/posts\/18685\/revisions"}],"predecessor-version":[{"id":18686,"href":"https:\/\/noticiasnoface.com.br\/index.php\/wp-json\/wp\/v2\/posts\/18685\/revisions\/18686"}],"wp:attachment":[{"href":"https:\/\/noticiasnoface.com.br\/index.php\/wp-json\/wp\/v2\/media?parent=18685"}],"wp:term":[{"taxonomy":"category","embeddable":true,"href":"https:\/\/noticiasnoface.com.br\/index.php\/wp-json\/wp\/v2\/categories?post=18685"},{"taxonomy":"post_tag","embeddable":true,"href":"https:\/\/noticiasnoface.com.br\/index.php\/wp-json\/wp\/v2\/tags?post=18685"}],"curies":[{"name":"wp","href":"https:\/\/api.w.org\/{rel}","templated":true}]}}