{"id":18998,"date":"2023-09-25T21:45:18","date_gmt":"2023-09-26T00:45:18","guid":{"rendered":"https:\/\/noticiasnoface.com.br\/?p=18998"},"modified":"2023-09-25T21:45:19","modified_gmt":"2023-09-26T00:45:19","slug":"apos-caso-com-travestis-ronaldo-fenomeno-casa-com-mulher","status":"publish","type":"post","link":"https:\/\/noticiasnoface.com.br\/index.php\/2023\/09\/25\/apos-caso-com-travestis-ronaldo-fenomeno-casa-com-mulher\/","title":{"rendered":"Ap\u00f3s caso com travestis Ronaldo Fen\u00f4meno casa com mulher"},"content":{"rendered":"\n<figure class=\"wp-block-image size-large\"><img loading=\"lazy\" decoding=\"async\" width=\"300\" height=\"196\" src=\"https:\/\/noticiasnoface.com.br\/wp-content\/uploads\/2023\/09\/img_2017-300x196.jpg\" class=\"wp-image-18997\" srcset=\"https:\/\/noticiasnoface.com.br\/wp-content\/uploads\/2023\/09\/img_2017-300x196.jpg 300w, https:\/\/noticiasnoface.com.br\/wp-content\/uploads\/2023\/09\/img_2017-768x502.jpg 768w, https:\/\/noticiasnoface.com.br\/wp-content\/uploads\/2023\/09\/img_2017.jpg 888w\" sizes=\"auto, (max-width: 300px) 100vw, 300px\" \/><figcaption class=\"wp-element-caption\">Ronaldo Fen\u00f4meno e Celina Locks se casam em cerim\u00f4nia religiosa \u00edntima, em Ibiza<br>Anitta, Eliana e outros famosos comentaram primeira foto oficial da celebra\u00e7\u00e3o, que d\u00e1 in\u00edcio \u00e0 programa\u00e7\u00e3o do cas\u00f3rio: &#8216;Perfeitos&#8217;<br>A primeira foto oficial do casamento foi publicada pelo casal em seus perfis no Instagram. Nos coment\u00e1rios, famosos comentaram o registro. &#8220;Perfeitos&#8221;, escreveu a cantora Anitta. &#8220;Que lindos&#8221;, publicou a apresentadora Eliana. <br><img loading=\"lazy\" decoding=\"async\" src=\"https:\/\/s2-oglobo.glbimg.com\/HQYBJdb7PqkL89qvHn4dR7cXLXk=\/0x0:435x124\/984x0\/smart\/filters:strip_icc()\/i.s3.glbimg.com\/v1\/AUTH_da025474c0c44edd99332dddb09cabe8\/internal_photos\/bs\/2023\/O\/E\/urHyE9Qe2OMi5Ev9LL4w\/eliana-anitta.jpg\" srcset=\"https:\/\/s2-oglobo.glbimg.com\/GzrynUhQAGx8pBc54_NdyPkhNM8=\/0x0:435x124\/1000x0\/smart\/filters:strip_icc()\/i.s3.glbimg.com\/v1\/AUTH_da025474c0c44edd99332dddb09cabe8\/internal_photos\/bs\/2023\/O\/E\/urHyE9Qe2OMi5Ev9LL4w\/eliana-anitta.jpg 1000w, https:\/\/s2-oglobo.glbimg.com\/HQYBJdb7PqkL89qvHn4dR7cXLXk=\/0x0:435x124\/984x0\/smart\/filters:strip_icc()\/i.s3.glbimg.com\/v1\/AUTH_da025474c0c44edd99332dddb09cabe8\/internal_photos\/bs\/2023\/O\/E\/urHyE9Qe2OMi5Ev9LL4w\/eliana-anitta.jpg 984w, https:\/\/s2-oglobo.glbimg.com\/yZafCwlALESB8wxn7EGkDL62sDg=\/0x0:435x124\/640x0\/smart\/filters:strip_icc()\/i.s3.glbimg.com\/v1\/AUTH_da025474c0c44edd99332dddb09cabe8\/internal_photos\/bs\/2023\/O\/E\/urHyE9Qe2OMi5Ev9LL4w\/eliana-anitta.jpg 640w, https:\/\/s2-oglobo.glbimg.com\/dXO-A6Bq4NNTQYRk2ubDmC00pOU=\/0x0:435x124\/600x0\/smart\/filters:strip_icc()\/i.s3.glbimg.com\/v1\/AUTH_da025474c0c44edd99332dddb09cabe8\/internal_photos\/bs\/2023\/O\/E\/urHyE9Qe2OMi5Ev9LL4w\/eliana-anitta.jpg 600w\" alt=\"Famosos comentaram casamento de Ronaldo e Celina. \"Perfeitos\", escreveu a cantora Anitta. \"Que lindos\", publicou a apresentadora Eliana. \u2014 Foto: Reprodu\u00e7\u00e3o\" width=\"435\" height=\"124\" class=\"extendsBeyondTextColumn\">Famosos comentaram casamento de Ronaldo e Celina. &#8220;Perfeitos&#8221;, escreveu a cantora Anitta. &#8220;Que lindos&#8221;, publicou a apresentadora Eliana. \u2014 Foto: Reprodu\u00e7\u00e3o<br>Ap\u00f3s mais de oito anos de relacionamento, o casal celebra o casamento com uma semana inteira de eventos para os convidados. A ilha j\u00e1 tem presen\u00e7a de personalidades como a madrinha Sabrina Sato e o apresentador Jo\u00e3o Guilherme Silva, filho de Faust\u00e3o. <br>Na decora\u00e7\u00e3o da festa, predomina a cor verde. O tom traz v\u00e1rios significados para o casal, mas, segundo Celina, tem a ver com \u201cnaturalidade, harmonia, paz e vitalidade\u201d. O convite do evento foi pintado em aquarela pela artista Babi Capobiango, da Paper Studio BH. A artista tamb\u00e9m foi respons\u00e1vel por cuidar de outros detalhes do casamento. <br>Nesta segunda-feira, a paulista Sabrina Sato j\u00e1 fez publica\u00e7\u00f5es na ilha paradis\u00edaca onde acontece o cas\u00f3rio. A namorada do apresentador Jo\u00e3o Guilherme Silva, filho de Faust\u00e3o, tamb\u00e9m compartilhou com os seguidores a chegada do casal na Espanha. <br><img loading=\"lazy\" decoding=\"async\" src=\"https:\/\/s2-oglobo.glbimg.com\/jfj0uoOSwxDVn1YImNnIRhwu1RI=\/0x0:486x621\/984x0\/smart\/filters:strip_icc()\/i.s3.glbimg.com\/v1\/AUTH_da025474c0c44edd99332dddb09cabe8\/internal_photos\/bs\/2023\/V\/3\/6z1QDIRAiuWiMtu2ecDg\/sabrina.jpg\" srcset=\"https:\/\/s2-oglobo.glbimg.com\/-9_gQjFQqezb37FEtnB5gMWQ-Ho=\/0x0:486x621\/1000x0\/smart\/filters:strip_icc()\/i.s3.glbimg.com\/v1\/AUTH_da025474c0c44edd99332dddb09cabe8\/internal_photos\/bs\/2023\/V\/3\/6z1QDIRAiuWiMtu2ecDg\/sabrina.jpg 1000w, https:\/\/s2-oglobo.glbimg.com\/jfj0uoOSwxDVn1YImNnIRhwu1RI=\/0x0:486x621\/984x0\/smart\/filters:strip_icc()\/i.s3.glbimg.com\/v1\/AUTH_da025474c0c44edd99332dddb09cabe8\/internal_photos\/bs\/2023\/V\/3\/6z1QDIRAiuWiMtu2ecDg\/sabrina.jpg 984w, https:\/\/s2-oglobo.glbimg.com\/CEpGdxsLhxTrZRvUwsmGAEL53k8=\/0x0:486x621\/640x0\/smart\/filters:strip_icc()\/i.s3.glbimg.com\/v1\/AUTH_da025474c0c44edd99332dddb09cabe8\/internal_photos\/bs\/2023\/V\/3\/6z1QDIRAiuWiMtu2ecDg\/sabrina.jpg 640w, https:\/\/s2-oglobo.glbimg.com\/DFX83rW9JQDYlHcWEmarUtTocbs=\/0x0:486x621\/600x0\/smart\/filters:strip_icc()\/i.s3.glbimg.com\/v1\/AUTH_da025474c0c44edd99332dddb09cabe8\/internal_photos\/bs\/2023\/V\/3\/6z1QDIRAiuWiMtu2ecDg\/sabrina.jpg 600w\" alt=\"Sabrina Sato j\u00e1 fez publica\u00e7\u00f5es na ilha paradis\u00edaca onde acontece o cas\u00f3rio de Ronaldo Fen\u00f4meno e Celina Locks \u2014 Foto: Reprodu\u00e7\u00e3o\/Instagram\" width=\"486\" height=\"621\" class=\"extendsBeyondTextColumn\">Sabrina Sato j\u00e1 fez publica\u00e7\u00f5es na ilha paradis\u00edaca onde acontece o cas\u00f3rio de Ronaldo Fen\u00f4meno e Celina Locks \u2014 Foto: Reprodu\u00e7\u00e3o\/Instagram<br><br>&#8216;Demorou para acontecer&#8217;<br><br>No Baile da Vogue, em 2015, ap\u00f3s engatar um namoro com o ex-jogador de futebol e tornar o relacionamento p\u00fablico, a modelo Celina Locks passou a frequentar os sites e revistas de celebridades. Em entrevista ao GLOBO em 2016, ela contou que foi Ronaldo quem tomou a iniciativa. <br>\u2014 Sou muito t\u00edmida \u2014 comentou: \u2014 Demorou para acontecer, foram muitas conversas. Conheci a pessoa e foi isso que me encantou. Hoje, Ronaldo mora em Madri. Mas estamos sempre nos vendo. Passei o \u00faltimo fim de semana com ele na Espanha. <br>A paranaense, no entanto, n\u00e3o se incomoda com perguntas sobre o relacionamento. Na S\u00e3o Paulo Fashion Week de 2016, a modelo falou sobre sua independ\u00eancia, e disse que o ent\u00e3o namorado n\u00e3o controlava suas compras. Com uma bolsa Boy, da Chanel, avaliada em R$ 20 mil naquele ano, Celina comentou que foi ela mesma quem comprou o acess\u00f3rio. <br>\u2014 Trabalho para conquistar as coisas. Mas n\u00e3o sou extremamente consumista. Gosto da Chanel, mas vou menos \u00e0s lojas do que gostaria \u2014 brincou a modelo, na \u00e9poca, acrescentando que Ronaldo n\u00e3o fica em cima de seus gastos. \u2014 Ele n\u00e3o me controla. \u00c9 o meu dinheiro. Entendo a curiosidade. Ronaldo \u00e9 um \u00eddolo. As pessoas o amam. \u00c9 do bem.<\/figcaption><\/figure>\n","protected":false},"excerpt":{"rendered":"","protected":false},"author":1,"featured_media":0,"comment_status":"open","ping_status":"open","sticky":false,"template":"","format":"standard","meta":{"site-sidebar-layout":"default","site-content-layout":"","ast-site-content-layout":"default","site-content-style":"default","site-sidebar-style":"default","ast-global-header-display":"","ast-banner-title-visibility":"","ast-main-header-display":"","ast-hfb-above-header-display":"","ast-hfb-below-header-display":"","ast-hfb-mobile-header-display":"","site-post-title":"","ast-breadcrumbs-content":"","ast-featured-img":"","footer-sml-layout":"","ast-disable-related-posts":"","theme-transparent-header-meta":"","adv-header-id-meta":"","stick-header-meta":"","header-above-stick-meta":"","header-main-stick-meta":"","header-below-stick-meta":"","astra-migrate-meta-layouts":"default","ast-page-background-enabled":"default","ast-page-background-meta":{"desktop":{"background-color":"var(--ast-global-color-4)","background-image":"","background-repeat":"repeat","background-position":"center center","background-size":"auto","background-attachment":"scroll","background-type":"","background-media":"","overlay-type":"","overlay-color":"","overlay-opacity":"","overlay-gradient":""},"tablet":{"background-color":"","background-image":"","background-repeat":"repeat","background-position":"center center","background-size":"auto","background-attachment":"scroll","background-type":"","background-media":"","overlay-type":"","overlay-color":"","overlay-opacity":"","overlay-gradient":""},"mobile":{"background-color":"","background-image":"","background-repeat":"repeat","background-position":"center center","background-size":"auto","background-attachment":"scroll","background-type":"","background-media":"","overlay-type":"","overlay-color":"","overlay-opacity":"","overlay-gradient":""}},"ast-content-background-meta":{"desktop":{"background-color":"var(--ast-global-color-5)","background-image":"","background-repeat":"repeat","background-position":"center center","background-size":"auto","background-attachment":"scroll","background-type":"","background-media":"","overlay-type":"","overlay-color":"","overlay-opacity":"","overlay-gradient":""},"tablet":{"background-color":"var(--ast-global-color-5)","background-image":"","background-repeat":"repeat","background-position":"center center","background-size":"auto","background-attachment":"scroll","background-type":"","background-media":"","overlay-type":"","overlay-color":"","overlay-opacity":"","overlay-gradient":""},"mobile":{"background-color":"var(--ast-global-color-5)","background-image":"","background-repeat":"repeat","background-position":"center center","background-size":"auto","background-attachment":"scroll","background-type":"","background-media":"","overlay-type":"","overlay-color":"","overlay-opacity":"","overlay-gradient":""}},"footnotes":""},"categories":[517],"tags":[],"class_list":["post-18998","post","type-post","status-publish","format-standard","hentry","category-aconteceu"],"yoast_head":"<!-- This site is optimized with the Yoast SEO plugin v28.3 - https:\/\/yoast.com\/product\/yoast-seo-wordpress\/ -->\n<title>Ap\u00f3s caso com travestis Ronaldo Fen\u00f4meno casa com mulher - NOTICIAS NO FACE<\/title>\n<meta name=\"robots\" content=\"index, follow, max-snippet:-1, max-image-preview:large, max-video-preview:-1\" \/>\n<link rel=\"canonical\" href=\"https:\/\/noticiasnoface.com.br\/index.php\/2023\/09\/25\/apos-caso-com-travestis-ronaldo-fenomeno-casa-com-mulher\/\" \/>\n<meta property=\"og:locale\" content=\"pt_BR\" \/>\n<meta property=\"og:type\" content=\"article\" \/>\n<meta property=\"og:title\" content=\"Ap\u00f3s caso com travestis Ronaldo Fen\u00f4meno casa com mulher - NOTICIAS NO FACE\" \/>\n<meta property=\"og:url\" content=\"https:\/\/noticiasnoface.com.br\/index.php\/2023\/09\/25\/apos-caso-com-travestis-ronaldo-fenomeno-casa-com-mulher\/\" \/>\n<meta property=\"og:site_name\" content=\"NOTICIAS NO FACE\" \/>\n<meta property=\"article:publisher\" content=\"https:\/\/www.facebook.com\/profile.php?id=100012908593281\" \/>\n<meta property=\"article:author\" content=\"https:\/\/www.facebook.com\/noticiasnf?mibextid=LQQJ4d\" \/>\n<meta property=\"article:published_time\" content=\"2023-09-26T00:45:18+00:00\" \/>\n<meta property=\"article:modified_time\" content=\"2023-09-26T00:45:19+00:00\" \/>\n<meta property=\"og:image\" content=\"https:\/\/noticiasnoface.com.br\/wp-content\/uploads\/2023\/09\/img_2017-300x196.jpg\" \/>\n<meta name=\"author\" content=\"Noticias No Face\" \/>\n<meta name=\"twitter:card\" content=\"summary_large_image\" \/>\n<meta name=\"twitter:label1\" content=\"Escrito por\" \/>\n\t<meta name=\"twitter:data1\" content=\"Noticias No Face\" \/>\n\t<meta name=\"twitter:label2\" content=\"Est. tempo de leitura\" \/>\n\t<meta name=\"twitter:data2\" content=\"2 minutos\" \/>\n<script type=\"application\/ld+json\" class=\"yoast-schema-graph\">{\"@context\":\"https:\\\/\\\/schema.org\",\"@graph\":[{\"@type\":\"Article\",\"@id\":\"https:\\\/\\\/noticiasnoface.com.br\\\/index.php\\\/2023\\\/09\\\/25\\\/apos-caso-com-travestis-ronaldo-fenomeno-casa-com-mulher\\\/#article\",\"isPartOf\":{\"@id\":\"https:\\\/\\\/noticiasnoface.com.br\\\/index.php\\\/2023\\\/09\\\/25\\\/apos-caso-com-travestis-ronaldo-fenomeno-casa-com-mulher\\\/\"},\"author\":{\"name\":\"Noticias No Face\",\"@id\":\"https:\\\/\\\/noticiasnoface.com.br\\\/#\\\/schema\\\/person\\\/6d6bb5e4ecce219cd6ecb0ec9e14d8f7\"},\"headline\":\"Ap\u00f3s caso com travestis Ronaldo Fen\u00f4meno casa com mulher\",\"datePublished\":\"2023-09-26T00:45:18+00:00\",\"dateModified\":\"2023-09-26T00:45:19+00:00\",\"mainEntityOfPage\":{\"@id\":\"https:\\\/\\\/noticiasnoface.com.br\\\/index.php\\\/2023\\\/09\\\/25\\\/apos-caso-com-travestis-ronaldo-fenomeno-casa-com-mulher\\\/\"},\"wordCount\":486,\"commentCount\":0,\"publisher\":{\"@id\":\"https:\\\/\\\/noticiasnoface.com.br\\\/#organization\"},\"image\":{\"@id\":\"https:\\\/\\\/noticiasnoface.com.br\\\/index.php\\\/2023\\\/09\\\/25\\\/apos-caso-com-travestis-ronaldo-fenomeno-casa-com-mulher\\\/#primaryimage\"},\"thumbnailUrl\":\"https:\\\/\\\/noticiasnoface.com.br\\\/wp-content\\\/uploads\\\/2023\\\/09\\\/img_2017-300x196.jpg\",\"articleSection\":[\"ACONTECEU\"],\"inLanguage\":\"pt-BR\",\"potentialAction\":[{\"@type\":\"CommentAction\",\"name\":\"Comment\",\"target\":[\"https:\\\/\\\/noticiasnoface.com.br\\\/index.php\\\/2023\\\/09\\\/25\\\/apos-caso-com-travestis-ronaldo-fenomeno-casa-com-mulher\\\/#respond\"]}]},{\"@type\":\"WebPage\",\"@id\":\"https:\\\/\\\/noticiasnoface.com.br\\\/index.php\\\/2023\\\/09\\\/25\\\/apos-caso-com-travestis-ronaldo-fenomeno-casa-com-mulher\\\/\",\"url\":\"https:\\\/\\\/noticiasnoface.com.br\\\/index.php\\\/2023\\\/09\\\/25\\\/apos-caso-com-travestis-ronaldo-fenomeno-casa-com-mulher\\\/\",\"name\":\"Ap\u00f3s caso com travestis Ronaldo Fen\u00f4meno casa com mulher - NOTICIAS NO FACE\",\"isPartOf\":{\"@id\":\"https:\\\/\\\/noticiasnoface.com.br\\\/#website\"},\"primaryImageOfPage\":{\"@id\":\"https:\\\/\\\/noticiasnoface.com.br\\\/index.php\\\/2023\\\/09\\\/25\\\/apos-caso-com-travestis-ronaldo-fenomeno-casa-com-mulher\\\/#primaryimage\"},\"image\":{\"@id\":\"https:\\\/\\\/noticiasnoface.com.br\\\/index.php\\\/2023\\\/09\\\/25\\\/apos-caso-com-travestis-ronaldo-fenomeno-casa-com-mulher\\\/#primaryimage\"},\"thumbnailUrl\":\"https:\\\/\\\/noticiasnoface.com.br\\\/wp-content\\\/uploads\\\/2023\\\/09\\\/img_2017-300x196.jpg\",\"datePublished\":\"2023-09-26T00:45:18+00:00\",\"dateModified\":\"2023-09-26T00:45:19+00:00\",\"breadcrumb\":{\"@id\":\"https:\\\/\\\/noticiasnoface.com.br\\\/index.php\\\/2023\\\/09\\\/25\\\/apos-caso-com-travestis-ronaldo-fenomeno-casa-com-mulher\\\/#breadcrumb\"},\"inLanguage\":\"pt-BR\",\"potentialAction\":[{\"@type\":\"ReadAction\",\"target\":[\"https:\\\/\\\/noticiasnoface.com.br\\\/index.php\\\/2023\\\/09\\\/25\\\/apos-caso-com-travestis-ronaldo-fenomeno-casa-com-mulher\\\/\"]}]},{\"@type\":\"ImageObject\",\"inLanguage\":\"pt-BR\",\"@id\":\"https:\\\/\\\/noticiasnoface.com.br\\\/index.php\\\/2023\\\/09\\\/25\\\/apos-caso-com-travestis-ronaldo-fenomeno-casa-com-mulher\\\/#primaryimage\",\"url\":\"https:\\\/\\\/noticiasnoface.com.br\\\/wp-content\\\/uploads\\\/2023\\\/09\\\/img_2017.jpg\",\"contentUrl\":\"https:\\\/\\\/noticiasnoface.com.br\\\/wp-content\\\/uploads\\\/2023\\\/09\\\/img_2017.jpg\",\"width\":888,\"height\":581},{\"@type\":\"BreadcrumbList\",\"@id\":\"https:\\\/\\\/noticiasnoface.com.br\\\/index.php\\\/2023\\\/09\\\/25\\\/apos-caso-com-travestis-ronaldo-fenomeno-casa-com-mulher\\\/#breadcrumb\",\"itemListElement\":[{\"@type\":\"ListItem\",\"position\":1,\"name\":\"In\u00edcio\",\"item\":\"https:\\\/\\\/noticiasnoface.com.br\\\/\"},{\"@type\":\"ListItem\",\"position\":2,\"name\":\"Ap\u00f3s caso com travestis Ronaldo Fen\u00f4meno casa com mulher\"}]},{\"@type\":\"WebSite\",\"@id\":\"https:\\\/\\\/noticiasnoface.com.br\\\/#website\",\"url\":\"https:\\\/\\\/noticiasnoface.com.br\\\/\",\"name\":\"Noticias No Face\",\"description\":\"NNF\",\"publisher\":{\"@id\":\"https:\\\/\\\/noticiasnoface.com.br\\\/#organization\"},\"potentialAction\":[{\"@type\":\"SearchAction\",\"target\":{\"@type\":\"EntryPoint\",\"urlTemplate\":\"https:\\\/\\\/noticiasnoface.com.br\\\/?s={search_term_string}\"},\"query-input\":{\"@type\":\"PropertyValueSpecification\",\"valueRequired\":true,\"valueName\":\"search_term_string\"}}],\"inLanguage\":\"pt-BR\"},{\"@type\":\"Organization\",\"@id\":\"https:\\\/\\\/noticiasnoface.com.br\\\/#organization\",\"name\":\"Noticias no face\",\"url\":\"https:\\\/\\\/noticiasnoface.com.br\\\/\",\"logo\":{\"@type\":\"ImageObject\",\"inLanguage\":\"pt-BR\",\"@id\":\"https:\\\/\\\/noticiasnoface.com.br\\\/#\\\/schema\\\/logo\\\/image\\\/\",\"url\":\"https:\\\/\\\/noticiasnoface.com.br\\\/wp-content\\\/uploads\\\/2024\\\/03\\\/FB_IMG_1627525396589_Original.jpeg\",\"contentUrl\":\"https:\\\/\\\/noticiasnoface.com.br\\\/wp-content\\\/uploads\\\/2024\\\/03\\\/FB_IMG_1627525396589_Original.jpeg\",\"width\":1304,\"height\":1285,\"caption\":\"Noticias no face\"},\"image\":{\"@id\":\"https:\\\/\\\/noticiasnoface.com.br\\\/#\\\/schema\\\/logo\\\/image\\\/\"},\"sameAs\":[\"https:\\\/\\\/www.facebook.com\\\/profile.php?id=100012908593281\",\"https:\\\/\\\/www.instagram.com\\\/noticianoface?igsh=MWVvMXQ0MjA3cHY1aQ==\",\"https:\\\/\\\/www.threads.net\\\/@noticiasnoface\"]},{\"@type\":\"Person\",\"@id\":\"https:\\\/\\\/noticiasnoface.com.br\\\/#\\\/schema\\\/person\\\/6d6bb5e4ecce219cd6ecb0ec9e14d8f7\",\"name\":\"Noticias No Face\",\"image\":{\"@type\":\"ImageObject\",\"inLanguage\":\"pt-BR\",\"@id\":\"https:\\\/\\\/secure.gravatar.com\\\/avatar\\\/16a373ebacd5b4a7908eb9b55ce0623c12f93b525e8b3e089429e16c67cf2de0?s=96&d=mm&r=g\",\"url\":\"https:\\\/\\\/secure.gravatar.com\\\/avatar\\\/16a373ebacd5b4a7908eb9b55ce0623c12f93b525e8b3e089429e16c67cf2de0?s=96&d=mm&r=g\",\"contentUrl\":\"https:\\\/\\\/secure.gravatar.com\\\/avatar\\\/16a373ebacd5b4a7908eb9b55ce0623c12f93b525e8b3e089429e16c67cf2de0?s=96&d=mm&r=g\",\"caption\":\"Noticias No Face\"},\"sameAs\":[\"http:\\\/\\\/noticiasnoface.com.br\",\"https:\\\/\\\/www.facebook.com\\\/noticiasnf?mibextid=LQQJ4d\",\"https:\\\/\\\/www.instagram.com\\\/noticianoface?igsh=MWVvMXQ0MjA3cHY1aQ==\"],\"url\":\"https:\\\/\\\/noticiasnoface.com.br\\\/author\\\/marcostrigueiro\\\/\"}]}<\/script>\n<!-- \/ Yoast SEO plugin. -->","yoast_head_json":{"title":"Ap\u00f3s caso com travestis Ronaldo Fen\u00f4meno casa com mulher - NOTICIAS NO FACE","robots":{"index":"index","follow":"follow","max-snippet":"max-snippet:-1","max-image-preview":"max-image-preview:large","max-video-preview":"max-video-preview:-1"},"canonical":"https:\/\/noticiasnoface.com.br\/index.php\/2023\/09\/25\/apos-caso-com-travestis-ronaldo-fenomeno-casa-com-mulher\/","og_locale":"pt_BR","og_type":"article","og_title":"Ap\u00f3s caso com travestis Ronaldo Fen\u00f4meno casa com mulher - NOTICIAS NO FACE","og_url":"https:\/\/noticiasnoface.com.br\/index.php\/2023\/09\/25\/apos-caso-com-travestis-ronaldo-fenomeno-casa-com-mulher\/","og_site_name":"NOTICIAS NO FACE","article_publisher":"https:\/\/www.facebook.com\/profile.php?id=100012908593281","article_author":"https:\/\/www.facebook.com\/noticiasnf?mibextid=LQQJ4d","article_published_time":"2023-09-26T00:45:18+00:00","article_modified_time":"2023-09-26T00:45:19+00:00","og_image":[{"url":"https:\/\/noticiasnoface.com.br\/wp-content\/uploads\/2023\/09\/img_2017-300x196.jpg","type":"","width":"","height":""}],"author":"Noticias No Face","twitter_card":"summary_large_image","twitter_misc":{"Escrito por":"Noticias No Face","Est. tempo de leitura":"2 minutos"},"schema":{"@context":"https:\/\/schema.org","@graph":[{"@type":"Article","@id":"https:\/\/noticiasnoface.com.br\/index.php\/2023\/09\/25\/apos-caso-com-travestis-ronaldo-fenomeno-casa-com-mulher\/#article","isPartOf":{"@id":"https:\/\/noticiasnoface.com.br\/index.php\/2023\/09\/25\/apos-caso-com-travestis-ronaldo-fenomeno-casa-com-mulher\/"},"author":{"name":"Noticias No Face","@id":"https:\/\/noticiasnoface.com.br\/#\/schema\/person\/6d6bb5e4ecce219cd6ecb0ec9e14d8f7"},"headline":"Ap\u00f3s caso com travestis Ronaldo Fen\u00f4meno casa com mulher","datePublished":"2023-09-26T00:45:18+00:00","dateModified":"2023-09-26T00:45:19+00:00","mainEntityOfPage":{"@id":"https:\/\/noticiasnoface.com.br\/index.php\/2023\/09\/25\/apos-caso-com-travestis-ronaldo-fenomeno-casa-com-mulher\/"},"wordCount":486,"commentCount":0,"publisher":{"@id":"https:\/\/noticiasnoface.com.br\/#organization"},"image":{"@id":"https:\/\/noticiasnoface.com.br\/index.php\/2023\/09\/25\/apos-caso-com-travestis-ronaldo-fenomeno-casa-com-mulher\/#primaryimage"},"thumbnailUrl":"https:\/\/noticiasnoface.com.br\/wp-content\/uploads\/2023\/09\/img_2017-300x196.jpg","articleSection":["ACONTECEU"],"inLanguage":"pt-BR","potentialAction":[{"@type":"CommentAction","name":"Comment","target":["https:\/\/noticiasnoface.com.br\/index.php\/2023\/09\/25\/apos-caso-com-travestis-ronaldo-fenomeno-casa-com-mulher\/#respond"]}]},{"@type":"WebPage","@id":"https:\/\/noticiasnoface.com.br\/index.php\/2023\/09\/25\/apos-caso-com-travestis-ronaldo-fenomeno-casa-com-mulher\/","url":"https:\/\/noticiasnoface.com.br\/index.php\/2023\/09\/25\/apos-caso-com-travestis-ronaldo-fenomeno-casa-com-mulher\/","name":"Ap\u00f3s caso com travestis Ronaldo Fen\u00f4meno casa com mulher - NOTICIAS NO FACE","isPartOf":{"@id":"https:\/\/noticiasnoface.com.br\/#website"},"primaryImageOfPage":{"@id":"https:\/\/noticiasnoface.com.br\/index.php\/2023\/09\/25\/apos-caso-com-travestis-ronaldo-fenomeno-casa-com-mulher\/#primaryimage"},"image":{"@id":"https:\/\/noticiasnoface.com.br\/index.php\/2023\/09\/25\/apos-caso-com-travestis-ronaldo-fenomeno-casa-com-mulher\/#primaryimage"},"thumbnailUrl":"https:\/\/noticiasnoface.com.br\/wp-content\/uploads\/2023\/09\/img_2017-300x196.jpg","datePublished":"2023-09-26T00:45:18+00:00","dateModified":"2023-09-26T00:45:19+00:00","breadcrumb":{"@id":"https:\/\/noticiasnoface.com.br\/index.php\/2023\/09\/25\/apos-caso-com-travestis-ronaldo-fenomeno-casa-com-mulher\/#breadcrumb"},"inLanguage":"pt-BR","potentialAction":[{"@type":"ReadAction","target":["https:\/\/noticiasnoface.com.br\/index.php\/2023\/09\/25\/apos-caso-com-travestis-ronaldo-fenomeno-casa-com-mulher\/"]}]},{"@type":"ImageObject","inLanguage":"pt-BR","@id":"https:\/\/noticiasnoface.com.br\/index.php\/2023\/09\/25\/apos-caso-com-travestis-ronaldo-fenomeno-casa-com-mulher\/#primaryimage","url":"https:\/\/noticiasnoface.com.br\/wp-content\/uploads\/2023\/09\/img_2017.jpg","contentUrl":"https:\/\/noticiasnoface.com.br\/wp-content\/uploads\/2023\/09\/img_2017.jpg","width":888,"height":581},{"@type":"BreadcrumbList","@id":"https:\/\/noticiasnoface.com.br\/index.php\/2023\/09\/25\/apos-caso-com-travestis-ronaldo-fenomeno-casa-com-mulher\/#breadcrumb","itemListElement":[{"@type":"ListItem","position":1,"name":"In\u00edcio","item":"https:\/\/noticiasnoface.com.br\/"},{"@type":"ListItem","position":2,"name":"Ap\u00f3s caso com travestis Ronaldo Fen\u00f4meno casa com mulher"}]},{"@type":"WebSite","@id":"https:\/\/noticiasnoface.com.br\/#website","url":"https:\/\/noticiasnoface.com.br\/","name":"Noticias No Face","description":"NNF","publisher":{"@id":"https:\/\/noticiasnoface.com.br\/#organization"},"potentialAction":[{"@type":"SearchAction","target":{"@type":"EntryPoint","urlTemplate":"https:\/\/noticiasnoface.com.br\/?s={search_term_string}"},"query-input":{"@type":"PropertyValueSpecification","valueRequired":true,"valueName":"search_term_string"}}],"inLanguage":"pt-BR"},{"@type":"Organization","@id":"https:\/\/noticiasnoface.com.br\/#organization","name":"Noticias no face","url":"https:\/\/noticiasnoface.com.br\/","logo":{"@type":"ImageObject","inLanguage":"pt-BR","@id":"https:\/\/noticiasnoface.com.br\/#\/schema\/logo\/image\/","url":"https:\/\/noticiasnoface.com.br\/wp-content\/uploads\/2024\/03\/FB_IMG_1627525396589_Original.jpeg","contentUrl":"https:\/\/noticiasnoface.com.br\/wp-content\/uploads\/2024\/03\/FB_IMG_1627525396589_Original.jpeg","width":1304,"height":1285,"caption":"Noticias no face"},"image":{"@id":"https:\/\/noticiasnoface.com.br\/#\/schema\/logo\/image\/"},"sameAs":["https:\/\/www.facebook.com\/profile.php?id=100012908593281","https:\/\/www.instagram.com\/noticianoface?igsh=MWVvMXQ0MjA3cHY1aQ==","https:\/\/www.threads.net\/@noticiasnoface"]},{"@type":"Person","@id":"https:\/\/noticiasnoface.com.br\/#\/schema\/person\/6d6bb5e4ecce219cd6ecb0ec9e14d8f7","name":"Noticias No Face","image":{"@type":"ImageObject","inLanguage":"pt-BR","@id":"https:\/\/secure.gravatar.com\/avatar\/16a373ebacd5b4a7908eb9b55ce0623c12f93b525e8b3e089429e16c67cf2de0?s=96&d=mm&r=g","url":"https:\/\/secure.gravatar.com\/avatar\/16a373ebacd5b4a7908eb9b55ce0623c12f93b525e8b3e089429e16c67cf2de0?s=96&d=mm&r=g","contentUrl":"https:\/\/secure.gravatar.com\/avatar\/16a373ebacd5b4a7908eb9b55ce0623c12f93b525e8b3e089429e16c67cf2de0?s=96&d=mm&r=g","caption":"Noticias No Face"},"sameAs":["http:\/\/noticiasnoface.com.br","https:\/\/www.facebook.com\/noticiasnf?mibextid=LQQJ4d","https:\/\/www.instagram.com\/noticianoface?igsh=MWVvMXQ0MjA3cHY1aQ=="],"url":"https:\/\/noticiasnoface.com.br\/author\/marcostrigueiro\/"}]}},"_links":{"self":[{"href":"https:\/\/noticiasnoface.com.br\/index.php\/wp-json\/wp\/v2\/posts\/18998","targetHints":{"allow":["GET"]}}],"collection":[{"href":"https:\/\/noticiasnoface.com.br\/index.php\/wp-json\/wp\/v2\/posts"}],"about":[{"href":"https:\/\/noticiasnoface.com.br\/index.php\/wp-json\/wp\/v2\/types\/post"}],"author":[{"embeddable":true,"href":"https:\/\/noticiasnoface.com.br\/index.php\/wp-json\/wp\/v2\/users\/1"}],"replies":[{"embeddable":true,"href":"https:\/\/noticiasnoface.com.br\/index.php\/wp-json\/wp\/v2\/comments?post=18998"}],"version-history":[{"count":1,"href":"https:\/\/noticiasnoface.com.br\/index.php\/wp-json\/wp\/v2\/posts\/18998\/revisions"}],"predecessor-version":[{"id":18999,"href":"https:\/\/noticiasnoface.com.br\/index.php\/wp-json\/wp\/v2\/posts\/18998\/revisions\/18999"}],"wp:attachment":[{"href":"https:\/\/noticiasnoface.com.br\/index.php\/wp-json\/wp\/v2\/media?parent=18998"}],"wp:term":[{"taxonomy":"category","embeddable":true,"href":"https:\/\/noticiasnoface.com.br\/index.php\/wp-json\/wp\/v2\/categories?post=18998"},{"taxonomy":"post_tag","embeddable":true,"href":"https:\/\/noticiasnoface.com.br\/index.php\/wp-json\/wp\/v2\/tags?post=18998"}],"curies":[{"name":"wp","href":"https:\/\/api.w.org\/{rel}","templated":true}]}}