{"id":19010,"date":"2023-09-26T09:24:01","date_gmt":"2023-09-26T12:24:01","guid":{"rendered":"https:\/\/noticiasnoface.com.br\/?p=19010"},"modified":"2023-09-26T09:30:59","modified_gmt":"2023-09-26T12:30:59","slug":"urgente-lula-vai-ficar-internado-por-3-semanas","status":"publish","type":"post","link":"https:\/\/noticiasnoface.com.br\/index.php\/2023\/09\/26\/urgente-lula-vai-ficar-internado-por-3-semanas\/","title":{"rendered":"URGENTE- Lula vai ficar hospitalizado  por 3 semanas"},"content":{"rendered":"\n<figure class=\"wp-block-image size-large\"><img data-opt-id=1398038838  fetchpriority=\"high\" decoding=\"async\" width=\"1024\" height=\"986\" src=\"https:\/\/mlbfrsat7ahr.i.optimole.com\/w:1024\/h:986\/q:mauto\/ig:avif\/https:\/\/noticiasnoface.com.br\/wp-content\/uploads\/2023\/09\/photo-output-64.jpg\" alt=\"\" class=\"wp-image-19016\" srcset=\"https:\/\/mlbfrsat7ahr.i.optimole.com\/w:1024\/h:986\/q:mauto\/ig:avif\/https:\/\/noticiasnoface.com.br\/wp-content\/uploads\/2023\/09\/photo-output-64.jpg 1024w, https:\/\/mlbfrsat7ahr.i.optimole.com\/w:300\/h:289\/q:mauto\/ig:avif\/https:\/\/noticiasnoface.com.br\/wp-content\/uploads\/2023\/09\/photo-output-64.jpg 300w, https:\/\/mlbfrsat7ahr.i.optimole.com\/w:768\/h:740\/q:mauto\/ig:avif\/https:\/\/noticiasnoface.com.br\/wp-content\/uploads\/2023\/09\/photo-output-64.jpg 768w, https:\/\/mlbfrsat7ahr.i.optimole.com\/w:1121\/h:1080\/q:mauto\/ig:avif\/https:\/\/noticiasnoface.com.br\/wp-content\/uploads\/2023\/09\/photo-output-64.jpg 1536w, https:\/\/mlbfrsat7ahr.i.optimole.com\/w:1121\/h:1080\/q:mauto\/ig:avif\/https:\/\/noticiasnoface.com.br\/wp-content\/uploads\/2023\/09\/photo-output-64.jpg 2048w\" sizes=\"(max-width: 1000px) 100vw, 1000px\" \/><figcaption class=\"wp-element-caption\">O presidente Luiz In\u00e1cio Lula da Silva (PT) deve ficar pelo menos tr\u00eas semanas despachando do Pal\u00e1cio da Alvorada, sede da resid\u00eancia presidencial. Isso porque o petista realiza uma cirurgia no quadril na pr\u00f3xima sexta-feira, 29 de setembro. O procedimento ser\u00e1 uma artroplastia total, com a instala\u00e7\u00e3o de uma pr\u00f3tese no lugar de partes lesionadas e anestesia geral<br \/>O objetivo \u00e9 amenizar as dores \u201cna cabe\u00e7a do f\u00eamur\u201d que atingem o mandat\u00e1rio h\u00e1 meses. Em conversa com jornalistas, o chefe do Executivo admitiu que tem medo da anestesia. \u201cO que tenho medo \u00e9 da anestesia, porque vou dormir e n\u00e3o gosto de perder o dom\u00ednio da minha consci\u00eancia. Mas, os m\u00e9dicos disseram que a anestesia avan\u00e7ou bem, n\u00e3o \u00e9 como era no passado\u201d, afirmou<br \/>Ao site da Jovem Pan, a assessoria do Planalto informou que Lula deve ficar ao menos quatro semanas sem viajar e \u201cprovavelmente\u201d no Alvorada. O petista deve deixar o hospital na ter\u00e7a-feira, dia 3 de outubro<\/figcaption><\/figure>\n","protected":false},"excerpt":{"rendered":"","protected":false},"author":1,"featured_media":0,"comment_status":"open","ping_status":"open","sticky":false,"template":"","format":"standard","meta":{"site-sidebar-layout":"default","site-content-layout":"","ast-site-content-layout":"default","site-content-style":"default","site-sidebar-style":"default","ast-global-header-display":"","ast-banner-title-visibility":"","ast-main-header-display":"","ast-hfb-above-header-display":"","ast-hfb-below-header-display":"","ast-hfb-mobile-header-display":"","site-post-title":"","ast-breadcrumbs-content":"","ast-featured-img":"","footer-sml-layout":"","ast-disable-related-posts":"","theme-transparent-header-meta":"","adv-header-id-meta":"","stick-header-meta":"","header-above-stick-meta":"","header-main-stick-meta":"","header-below-stick-meta":"","astra-migrate-meta-layouts":"default","ast-page-background-enabled":"default","ast-page-background-meta":{"desktop":{"background-color":"var(--ast-global-color-4)","background-image":"","background-repeat":"repeat","background-position":"center center","background-size":"auto","background-attachment":"scroll","background-type":"","background-media":"","overlay-type":"","overlay-color":"","overlay-opacity":"","overlay-gradient":""},"tablet":{"background-color":"","background-image":"","background-repeat":"repeat","background-position":"center center","background-size":"auto","background-attachment":"scroll","background-type":"","background-media":"","overlay-type":"","overlay-color":"","overlay-opacity":"","overlay-gradient":""},"mobile":{"background-color":"","background-image":"","background-repeat":"repeat","background-position":"center center","background-size":"auto","background-attachment":"scroll","background-type":"","background-media":"","overlay-type":"","overlay-color":"","overlay-opacity":"","overlay-gradient":""}},"ast-content-background-meta":{"desktop":{"background-color":"var(--ast-global-color-5)","background-image":"","background-repeat":"repeat","background-position":"center center","background-size":"auto","background-attachment":"scroll","background-type":"","background-media":"","overlay-type":"","overlay-color":"","overlay-opacity":"","overlay-gradient":""},"tablet":{"background-color":"var(--ast-global-color-5)","background-image":"","background-repeat":"repeat","background-position":"center center","background-size":"auto","background-attachment":"scroll","background-type":"","background-media":"","overlay-type":"","overlay-color":"","overlay-opacity":"","overlay-gradient":""},"mobile":{"background-color":"var(--ast-global-color-5)","background-image":"","background-repeat":"repeat","background-position":"center center","background-size":"auto","background-attachment":"scroll","background-type":"","background-media":"","overlay-type":"","overlay-color":"","overlay-opacity":"","overlay-gradient":""}},"footnotes":""},"categories":[155],"tags":[],"class_list":["post-19010","post","type-post","status-publish","format-standard","hentry","category-saude"],"_links":{"self":[{"href":"https:\/\/noticiasnoface.com.br\/index.php\/wp-json\/wp\/v2\/posts\/19010","targetHints":{"allow":["GET"]}}],"collection":[{"href":"https:\/\/noticiasnoface.com.br\/index.php\/wp-json\/wp\/v2\/posts"}],"about":[{"href":"https:\/\/noticiasnoface.com.br\/index.php\/wp-json\/wp\/v2\/types\/post"}],"author":[{"embeddable":true,"href":"https:\/\/noticiasnoface.com.br\/index.php\/wp-json\/wp\/v2\/users\/1"}],"replies":[{"embeddable":true,"href":"https:\/\/noticiasnoface.com.br\/index.php\/wp-json\/wp\/v2\/comments?post=19010"}],"version-history":[{"count":5,"href":"https:\/\/noticiasnoface.com.br\/index.php\/wp-json\/wp\/v2\/posts\/19010\/revisions"}],"predecessor-version":[{"id":19018,"href":"https:\/\/noticiasnoface.com.br\/index.php\/wp-json\/wp\/v2\/posts\/19010\/revisions\/19018"}],"wp:attachment":[{"href":"https:\/\/noticiasnoface.com.br\/index.php\/wp-json\/wp\/v2\/media?parent=19010"}],"wp:term":[{"taxonomy":"category","embeddable":true,"href":"https:\/\/noticiasnoface.com.br\/index.php\/wp-json\/wp\/v2\/categories?post=19010"},{"taxonomy":"post_tag","embeddable":true,"href":"https:\/\/noticiasnoface.com.br\/index.php\/wp-json\/wp\/v2\/tags?post=19010"}],"curies":[{"name":"wp","href":"https:\/\/api.w.org\/{rel}","templated":true}]}}