{"id":19027,"date":"2023-09-27T06:52:06","date_gmt":"2023-09-27T09:52:06","guid":{"rendered":"https:\/\/noticiasnoface.com.br\/?p=19027"},"modified":"2023-09-27T06:52:07","modified_gmt":"2023-09-27T09:52:07","slug":"lula-torrou-709-mil-reais-em-aluguel-de-carro-com-motorista-na-africa","status":"publish","type":"post","link":"https:\/\/noticiasnoface.com.br\/index.php\/2023\/09\/27\/lula-torrou-709-mil-reais-em-aluguel-de-carro-com-motorista-na-africa\/","title":{"rendered":"Lula torrou 709 mil reais em aluguel de carro com motorista na \u00c1frica"},"content":{"rendered":"\n<figure class=\"wp-block-image size-large\"><img data-opt-id=1832718773  fetchpriority=\"high\" decoding=\"async\" width=\"1024\" height=\"667\" src=\"https:\/\/mlbfrsat7ahr.i.optimole.com\/w:1024\/h:667\/q:mauto\/ig:avif\/https:\/\/noticiasnoface.com.br\/wp-content\/uploads\/2023\/09\/photo-output-1-2.png\" class=\"wp-image-19026\" srcset=\"https:\/\/mlbfrsat7ahr.i.optimole.com\/w:1024\/h:667\/q:mauto\/ig:avif\/https:\/\/noticiasnoface.com.br\/wp-content\/uploads\/2023\/09\/photo-output-1-2.png 1024w, https:\/\/mlbfrsat7ahr.i.optimole.com\/w:300\/h:195\/q:mauto\/ig:avif\/https:\/\/noticiasnoface.com.br\/wp-content\/uploads\/2023\/09\/photo-output-1-2.png 300w, https:\/\/mlbfrsat7ahr.i.optimole.com\/w:768\/h:500\/q:mauto\/ig:avif\/https:\/\/noticiasnoface.com.br\/wp-content\/uploads\/2023\/09\/photo-output-1-2.png 768w, https:\/\/mlbfrsat7ahr.i.optimole.com\/w:1536\/h:1001\/q:mauto\/ig:avif\/https:\/\/noticiasnoface.com.br\/wp-content\/uploads\/2023\/09\/photo-output-1-2.png 1536w, https:\/\/mlbfrsat7ahr.i.optimole.com\/w:1658\/h:1080\/q:mauto\/ig:avif\/https:\/\/noticiasnoface.com.br\/wp-content\/uploads\/2023\/09\/photo-output-1-2.png 2048w\" sizes=\"(max-width: 1000px) 100vw, 1000px\" \/><figcaption class=\"wp-element-caption\">O tour do presidente Lula e da primeira-dama Janja pelo continente africano custou ao pagador de impostos R$709 mil somente com o aluguel de carr\u00f5es com motorista para o casal e comitiva circularem na \u00c1frica do Sul, Angola e S\u00e3o Tom\u00e9 e Pr\u00edncipe. Os contratos foram em d\u00f3lar e o valor convertido na cota\u00e7\u00e3o atual da moeda. A coluna teve acesso aos valores por meio da Lei de Acesso \u00e0 Informa\u00e7\u00e3o.<br>S\u00f3 na \u00c1frica do Sul foram gastos 78,2 mil d\u00f3lares (R$389,7 mil) no aluguel desses carr\u00f5es para Lula &amp; cia. pelo prazo de 2 dias em meio.<br>O pagador de impostos do Brasil ainda bancou int\u00e9rpretes, na \u00c1frica do Sul, que custaram inacredit\u00e1veis R$35.837,86.<br>Entre 24 e 27 de agosto, o casal esteve na Angola, onde os ve\u00edculos alugados custaram 46,2 mil d\u00f3lares, equivalentes a R$230,4 mil.<br>Alugaram carr\u00f5es com motoristas at\u00e9 em S\u00e3o Tom\u00e9 e Pr\u00edncipe, onde Lula e Janja ficaram por 5 horas. Torraram R$89 mil (17,8 mil d\u00f3lares).<br><strong>Cl\u00e1udio Humberto \u2013 Di\u00e1rio do Poder<\/strong><\/figcaption><\/figure>\n","protected":false},"excerpt":{"rendered":"","protected":false},"author":1,"featured_media":0,"comment_status":"open","ping_status":"open","sticky":false,"template":"","format":"standard","meta":{"site-sidebar-layout":"default","site-content-layout":"","ast-site-content-layout":"default","site-content-style":"default","site-sidebar-style":"default","ast-global-header-display":"","ast-banner-title-visibility":"","ast-main-header-display":"","ast-hfb-above-header-display":"","ast-hfb-below-header-display":"","ast-hfb-mobile-header-display":"","site-post-title":"","ast-breadcrumbs-content":"","ast-featured-img":"","footer-sml-layout":"","ast-disable-related-posts":"","theme-transparent-header-meta":"","adv-header-id-meta":"","stick-header-meta":"","header-above-stick-meta":"","header-main-stick-meta":"","header-below-stick-meta":"","astra-migrate-meta-layouts":"default","ast-page-background-enabled":"default","ast-page-background-meta":{"desktop":{"background-color":"var(--ast-global-color-4)","background-image":"","background-repeat":"repeat","background-position":"center center","background-size":"auto","background-attachment":"scroll","background-type":"","background-media":"","overlay-type":"","overlay-color":"","overlay-opacity":"","overlay-gradient":""},"tablet":{"background-color":"","background-image":"","background-repeat":"repeat","background-position":"center center","background-size":"auto","background-attachment":"scroll","background-type":"","background-media":"","overlay-type":"","overlay-color":"","overlay-opacity":"","overlay-gradient":""},"mobile":{"background-color":"","background-image":"","background-repeat":"repeat","background-position":"center center","background-size":"auto","background-attachment":"scroll","background-type":"","background-media":"","overlay-type":"","overlay-color":"","overlay-opacity":"","overlay-gradient":""}},"ast-content-background-meta":{"desktop":{"background-color":"var(--ast-global-color-5)","background-image":"","background-repeat":"repeat","background-position":"center center","background-size":"auto","background-attachment":"scroll","background-type":"","background-media":"","overlay-type":"","overlay-color":"","overlay-opacity":"","overlay-gradient":""},"tablet":{"background-color":"var(--ast-global-color-5)","background-image":"","background-repeat":"repeat","background-position":"center center","background-size":"auto","background-attachment":"scroll","background-type":"","background-media":"","overlay-type":"","overlay-color":"","overlay-opacity":"","overlay-gradient":""},"mobile":{"background-color":"var(--ast-global-color-5)","background-image":"","background-repeat":"repeat","background-position":"center center","background-size":"auto","background-attachment":"scroll","background-type":"","background-media":"","overlay-type":"","overlay-color":"","overlay-opacity":"","overlay-gradient":""}},"footnotes":""},"categories":[517],"tags":[],"class_list":["post-19027","post","type-post","status-publish","format-standard","hentry","category-aconteceu"],"_links":{"self":[{"href":"https:\/\/noticiasnoface.com.br\/index.php\/wp-json\/wp\/v2\/posts\/19027","targetHints":{"allow":["GET"]}}],"collection":[{"href":"https:\/\/noticiasnoface.com.br\/index.php\/wp-json\/wp\/v2\/posts"}],"about":[{"href":"https:\/\/noticiasnoface.com.br\/index.php\/wp-json\/wp\/v2\/types\/post"}],"author":[{"embeddable":true,"href":"https:\/\/noticiasnoface.com.br\/index.php\/wp-json\/wp\/v2\/users\/1"}],"replies":[{"embeddable":true,"href":"https:\/\/noticiasnoface.com.br\/index.php\/wp-json\/wp\/v2\/comments?post=19027"}],"version-history":[{"count":1,"href":"https:\/\/noticiasnoface.com.br\/index.php\/wp-json\/wp\/v2\/posts\/19027\/revisions"}],"predecessor-version":[{"id":19028,"href":"https:\/\/noticiasnoface.com.br\/index.php\/wp-json\/wp\/v2\/posts\/19027\/revisions\/19028"}],"wp:attachment":[{"href":"https:\/\/noticiasnoface.com.br\/index.php\/wp-json\/wp\/v2\/media?parent=19027"}],"wp:term":[{"taxonomy":"category","embeddable":true,"href":"https:\/\/noticiasnoface.com.br\/index.php\/wp-json\/wp\/v2\/categories?post=19027"},{"taxonomy":"post_tag","embeddable":true,"href":"https:\/\/noticiasnoface.com.br\/index.php\/wp-json\/wp\/v2\/tags?post=19027"}],"curies":[{"name":"wp","href":"https:\/\/api.w.org\/{rel}","templated":true}]}}