{"id":19043,"date":"2023-09-27T14:27:35","date_gmt":"2023-09-27T17:27:35","guid":{"rendered":"https:\/\/noticiasnoface.com.br\/?p=19043"},"modified":"2023-09-27T14:29:43","modified_gmt":"2023-09-27T17:29:43","slug":"mulher-fica-presa-na-ambulancia-em-calor-escaldante-veja-video","status":"publish","type":"post","link":"https:\/\/noticiasnoface.com.br\/index.php\/2023\/09\/27\/mulher-fica-presa-na-ambulancia-em-calor-escaldante-veja-video\/","title":{"rendered":"Mulher gr\u00e1vida fica presa na ambul\u00e2ncia em calor escaldante, VEJA V\u00cdDEO"},"content":{"rendered":"\n<figure class=\"wp-block-image size-large\"><img loading=\"lazy\" decoding=\"async\" width=\"1024\" height=\"750\" src=\"https:\/\/noticiasnoface.com.br\/wp-content\/uploads\/2023\/09\/photo-output-3-1-1024x750.png\" alt=\"\" class=\"wp-image-19041\" srcset=\"https:\/\/noticiasnoface.com.br\/wp-content\/uploads\/2023\/09\/photo-output-3-1-1024x750.png 1024w, https:\/\/noticiasnoface.com.br\/wp-content\/uploads\/2023\/09\/photo-output-3-1-300x220.png 300w, https:\/\/noticiasnoface.com.br\/wp-content\/uploads\/2023\/09\/photo-output-3-1-768x563.png 768w, https:\/\/noticiasnoface.com.br\/wp-content\/uploads\/2023\/09\/photo-output-3-1-1536x1125.png 1536w, https:\/\/noticiasnoface.com.br\/wp-content\/uploads\/2023\/09\/photo-output-3-1.png 2048w\" sizes=\"auto, (max-width: 1024px) 100vw, 1024px\" \/><figcaption class=\"wp-element-caption\">Um v\u00eddeo que circula nas redes sociais mostra uma <a href=\"https:\/\/www.bnews.com.br\/tags\/gravida\" target=\"_blank\" rel=\"noreferrer noopener\">mulher gr\u00e1vida<\/a> e uma acompanhante passando perrengue para sair de uma ambul\u00e2ncia ap\u00f3s a porta do ve\u00edculo estragar. O caso foi registrado em frente ao Hospital Divino Esp\u00edrito Santo, em Moju, no <a href=\"https:\/\/www.bnews.com.br\/tags\/para_1\" target=\"_blank\" rel=\"noreferrer noopener\">Par\u00e1<\/a>. Diante da situa\u00e7\u00e3o, uma pessoa precisou entrar pela janela para auxiliar a gr\u00e1vida e a acompanhante.<br \/>As imagens foram registradas por uma testemunha que flagrou o momento em que a porta do ve\u00edculo ficou emperrada. A ambul\u00e2ncia n\u00e3o tinha ma\u00e7aneta, o que dificultou a sa\u00edda.<br \/><a href=\"https:\/\/www.bnews.com.br\/noticias\/politica\/jeronimo-rodrigues-volta-descartar-intervencao-federal-na-bahia.html\" target=\"_blank\" rel=\"noopener\"><strong>POL\u00cdTICA<\/strong>Jer\u00f4nimo Rodrigues volta a descartar interven\u00e7\u00e3o federal na Bahia<\/a><br \/>Cerca de quatro pessoas tentaram auxiliar na abertura da porta. As mulheres s\u00f3 conseguiram sair de dentro quando um homem entrou pela janela com aux\u00edlio de um um p\u00e9 de cabra, for\u00e7ou a porta e abriu.<\/figcaption><\/figure>\n\n\n\n<figure class=\"wp-block-video\"><video height=\"640\" style=\"aspect-ratio: 360 \/ 640;\" width=\"360\" controls src=\"https:\/\/noticiasnoface.com.br\/wp-content\/uploads\/2023\/09\/2023-09-27_133220_video-2-1.mp4\"><\/video><figcaption class=\"wp-element-caption\"><strong>Mulher fica presa na ambul\u00e2ncia em calor escaldante, VEJA V\u00cdDEO<\/strong><\/figcaption><\/figure>\n","protected":false},"excerpt":{"rendered":"","protected":false},"author":1,"featured_media":0,"comment_status":"open","ping_status":"open","sticky":false,"template":"","format":"standard","meta":{"site-sidebar-layout":"default","site-content-layout":"","ast-site-content-layout":"default","site-content-style":"default","site-sidebar-style":"default","ast-global-header-display":"","ast-banner-title-visibility":"","ast-main-header-display":"","ast-hfb-above-header-display":"","ast-hfb-below-header-display":"","ast-hfb-mobile-header-display":"","site-post-title":"","ast-breadcrumbs-content":"","ast-featured-img":"","footer-sml-layout":"","ast-disable-related-posts":"","theme-transparent-header-meta":"","adv-header-id-meta":"","stick-header-meta":"","header-above-stick-meta":"","header-main-stick-meta":"","header-below-stick-meta":"","astra-migrate-meta-layouts":"default","ast-page-background-enabled":"default","ast-page-background-meta":{"desktop":{"background-color":"var(--ast-global-color-4)","background-image":"","background-repeat":"repeat","background-position":"center center","background-size":"auto","background-attachment":"scroll","background-type":"","background-media":"","overlay-type":"","overlay-color":"","overlay-opacity":"","overlay-gradient":""},"tablet":{"background-color":"","background-image":"","background-repeat":"repeat","background-position":"center center","background-size":"auto","background-attachment":"scroll","background-type":"","background-media":"","overlay-type":"","overlay-color":"","overlay-opacity":"","overlay-gradient":""},"mobile":{"background-color":"","background-image":"","background-repeat":"repeat","background-position":"center center","background-size":"auto","background-attachment":"scroll","background-type":"","background-media":"","overlay-type":"","overlay-color":"","overlay-opacity":"","overlay-gradient":""}},"ast-content-background-meta":{"desktop":{"background-color":"var(--ast-global-color-5)","background-image":"","background-repeat":"repeat","background-position":"center center","background-size":"auto","background-attachment":"scroll","background-type":"","background-media":"","overlay-type":"","overlay-color":"","overlay-opacity":"","overlay-gradient":""},"tablet":{"background-color":"var(--ast-global-color-5)","background-image":"","background-repeat":"repeat","background-position":"center center","background-size":"auto","background-attachment":"scroll","background-type":"","background-media":"","overlay-type":"","overlay-color":"","overlay-opacity":"","overlay-gradient":""},"mobile":{"background-color":"var(--ast-global-color-5)","background-image":"","background-repeat":"repeat","background-position":"center center","background-size":"auto","background-attachment":"scroll","background-type":"","background-media":"","overlay-type":"","overlay-color":"","overlay-opacity":"","overlay-gradient":""}},"footnotes":""},"categories":[517],"tags":[],"class_list":["post-19043","post","type-post","status-publish","format-standard","hentry","category-aconteceu"],"yoast_head":"<!-- This site is optimized with the Yoast SEO plugin v28.3 - https:\/\/yoast.com\/product\/yoast-seo-wordpress\/ -->\n<title>Mulher gr\u00e1vida fica presa na ambul\u00e2ncia em calor escaldante, VEJA V\u00cdDEO - NOTICIAS NO FACE<\/title>\n<meta name=\"robots\" content=\"index, follow, max-snippet:-1, max-image-preview:large, max-video-preview:-1\" \/>\n<link rel=\"canonical\" href=\"https:\/\/noticiasnoface.com.br\/index.php\/2023\/09\/27\/mulher-fica-presa-na-ambulancia-em-calor-escaldante-veja-video\/\" \/>\n<meta property=\"og:locale\" content=\"pt_BR\" \/>\n<meta property=\"og:type\" content=\"article\" \/>\n<meta property=\"og:title\" content=\"Mulher gr\u00e1vida fica presa na ambul\u00e2ncia em calor escaldante, VEJA V\u00cdDEO - NOTICIAS NO FACE\" \/>\n<meta property=\"og:url\" content=\"https:\/\/noticiasnoface.com.br\/index.php\/2023\/09\/27\/mulher-fica-presa-na-ambulancia-em-calor-escaldante-veja-video\/\" \/>\n<meta property=\"og:site_name\" content=\"NOTICIAS NO FACE\" \/>\n<meta property=\"article:publisher\" content=\"https:\/\/www.facebook.com\/profile.php?id=100012908593281\" \/>\n<meta property=\"article:author\" content=\"https:\/\/www.facebook.com\/noticiasnf?mibextid=LQQJ4d\" \/>\n<meta property=\"article:published_time\" content=\"2023-09-27T17:27:35+00:00\" \/>\n<meta property=\"article:modified_time\" content=\"2023-09-27T17:29:43+00:00\" \/>\n<meta property=\"og:image\" content=\"https:\/\/noticiasnoface.com.br\/wp-content\/uploads\/2023\/09\/photo-output-3-1-1024x750.png\" \/>\n<meta name=\"author\" content=\"Noticias No Face\" \/>\n<meta name=\"twitter:card\" content=\"summary_large_image\" \/>\n<meta name=\"twitter:label1\" content=\"Escrito por\" \/>\n\t<meta name=\"twitter:data1\" content=\"Noticias No Face\" \/>\n\t<meta name=\"twitter:label2\" content=\"Est. tempo de leitura\" \/>\n\t<meta name=\"twitter:data2\" content=\"1 minuto\" \/>\n<script type=\"application\/ld+json\" class=\"yoast-schema-graph\">{\"@context\":\"https:\\\/\\\/schema.org\",\"@graph\":[{\"@type\":\"Article\",\"@id\":\"https:\\\/\\\/noticiasnoface.com.br\\\/index.php\\\/2023\\\/09\\\/27\\\/mulher-fica-presa-na-ambulancia-em-calor-escaldante-veja-video\\\/#article\",\"isPartOf\":{\"@id\":\"https:\\\/\\\/noticiasnoface.com.br\\\/index.php\\\/2023\\\/09\\\/27\\\/mulher-fica-presa-na-ambulancia-em-calor-escaldante-veja-video\\\/\"},\"author\":{\"name\":\"Noticias No Face\",\"@id\":\"https:\\\/\\\/noticiasnoface.com.br\\\/#\\\/schema\\\/person\\\/6d6bb5e4ecce219cd6ecb0ec9e14d8f7\"},\"headline\":\"Mulher gr\u00e1vida fica presa na ambul\u00e2ncia em calor escaldante, VEJA V\u00cdDEO\",\"datePublished\":\"2023-09-27T17:27:35+00:00\",\"dateModified\":\"2023-09-27T17:29:43+00:00\",\"mainEntityOfPage\":{\"@id\":\"https:\\\/\\\/noticiasnoface.com.br\\\/index.php\\\/2023\\\/09\\\/27\\\/mulher-fica-presa-na-ambulancia-em-calor-escaldante-veja-video\\\/\"},\"wordCount\":176,\"commentCount\":0,\"publisher\":{\"@id\":\"https:\\\/\\\/noticiasnoface.com.br\\\/#organization\"},\"image\":{\"@id\":\"https:\\\/\\\/noticiasnoface.com.br\\\/index.php\\\/2023\\\/09\\\/27\\\/mulher-fica-presa-na-ambulancia-em-calor-escaldante-veja-video\\\/#primaryimage\"},\"thumbnailUrl\":\"https:\\\/\\\/noticiasnoface.com.br\\\/wp-content\\\/uploads\\\/2023\\\/09\\\/photo-output-3-1-1024x750.png\",\"articleSection\":[\"ACONTECEU\"],\"inLanguage\":\"pt-BR\",\"potentialAction\":[{\"@type\":\"CommentAction\",\"name\":\"Comment\",\"target\":[\"https:\\\/\\\/noticiasnoface.com.br\\\/index.php\\\/2023\\\/09\\\/27\\\/mulher-fica-presa-na-ambulancia-em-calor-escaldante-veja-video\\\/#respond\"]}]},{\"@type\":\"WebPage\",\"@id\":\"https:\\\/\\\/noticiasnoface.com.br\\\/index.php\\\/2023\\\/09\\\/27\\\/mulher-fica-presa-na-ambulancia-em-calor-escaldante-veja-video\\\/\",\"url\":\"https:\\\/\\\/noticiasnoface.com.br\\\/index.php\\\/2023\\\/09\\\/27\\\/mulher-fica-presa-na-ambulancia-em-calor-escaldante-veja-video\\\/\",\"name\":\"Mulher gr\u00e1vida fica presa na ambul\u00e2ncia em calor escaldante, VEJA V\u00cdDEO - NOTICIAS NO FACE\",\"isPartOf\":{\"@id\":\"https:\\\/\\\/noticiasnoface.com.br\\\/#website\"},\"primaryImageOfPage\":{\"@id\":\"https:\\\/\\\/noticiasnoface.com.br\\\/index.php\\\/2023\\\/09\\\/27\\\/mulher-fica-presa-na-ambulancia-em-calor-escaldante-veja-video\\\/#primaryimage\"},\"image\":{\"@id\":\"https:\\\/\\\/noticiasnoface.com.br\\\/index.php\\\/2023\\\/09\\\/27\\\/mulher-fica-presa-na-ambulancia-em-calor-escaldante-veja-video\\\/#primaryimage\"},\"thumbnailUrl\":\"https:\\\/\\\/noticiasnoface.com.br\\\/wp-content\\\/uploads\\\/2023\\\/09\\\/photo-output-3-1-1024x750.png\",\"datePublished\":\"2023-09-27T17:27:35+00:00\",\"dateModified\":\"2023-09-27T17:29:43+00:00\",\"breadcrumb\":{\"@id\":\"https:\\\/\\\/noticiasnoface.com.br\\\/index.php\\\/2023\\\/09\\\/27\\\/mulher-fica-presa-na-ambulancia-em-calor-escaldante-veja-video\\\/#breadcrumb\"},\"inLanguage\":\"pt-BR\",\"potentialAction\":[{\"@type\":\"ReadAction\",\"target\":[\"https:\\\/\\\/noticiasnoface.com.br\\\/index.php\\\/2023\\\/09\\\/27\\\/mulher-fica-presa-na-ambulancia-em-calor-escaldante-veja-video\\\/\"]}]},{\"@type\":\"ImageObject\",\"inLanguage\":\"pt-BR\",\"@id\":\"https:\\\/\\\/noticiasnoface.com.br\\\/index.php\\\/2023\\\/09\\\/27\\\/mulher-fica-presa-na-ambulancia-em-calor-escaldante-veja-video\\\/#primaryimage\",\"url\":\"https:\\\/\\\/noticiasnoface.com.br\\\/wp-content\\\/uploads\\\/2023\\\/09\\\/photo-output-3-1.png\",\"contentUrl\":\"https:\\\/\\\/noticiasnoface.com.br\\\/wp-content\\\/uploads\\\/2023\\\/09\\\/photo-output-3-1.png\",\"width\":2048,\"height\":1500},{\"@type\":\"BreadcrumbList\",\"@id\":\"https:\\\/\\\/noticiasnoface.com.br\\\/index.php\\\/2023\\\/09\\\/27\\\/mulher-fica-presa-na-ambulancia-em-calor-escaldante-veja-video\\\/#breadcrumb\",\"itemListElement\":[{\"@type\":\"ListItem\",\"position\":1,\"name\":\"In\u00edcio\",\"item\":\"https:\\\/\\\/noticiasnoface.com.br\\\/\"},{\"@type\":\"ListItem\",\"position\":2,\"name\":\"Mulher gr\u00e1vida fica presa na ambul\u00e2ncia em calor escaldante, VEJA V\u00cdDEO\"}]},{\"@type\":\"WebSite\",\"@id\":\"https:\\\/\\\/noticiasnoface.com.br\\\/#website\",\"url\":\"https:\\\/\\\/noticiasnoface.com.br\\\/\",\"name\":\"Noticias No Face\",\"description\":\"NNF\",\"publisher\":{\"@id\":\"https:\\\/\\\/noticiasnoface.com.br\\\/#organization\"},\"potentialAction\":[{\"@type\":\"SearchAction\",\"target\":{\"@type\":\"EntryPoint\",\"urlTemplate\":\"https:\\\/\\\/noticiasnoface.com.br\\\/?s={search_term_string}\"},\"query-input\":{\"@type\":\"PropertyValueSpecification\",\"valueRequired\":true,\"valueName\":\"search_term_string\"}}],\"inLanguage\":\"pt-BR\"},{\"@type\":\"Organization\",\"@id\":\"https:\\\/\\\/noticiasnoface.com.br\\\/#organization\",\"name\":\"Noticias no face\",\"url\":\"https:\\\/\\\/noticiasnoface.com.br\\\/\",\"logo\":{\"@type\":\"ImageObject\",\"inLanguage\":\"pt-BR\",\"@id\":\"https:\\\/\\\/noticiasnoface.com.br\\\/#\\\/schema\\\/logo\\\/image\\\/\",\"url\":\"https:\\\/\\\/noticiasnoface.com.br\\\/wp-content\\\/uploads\\\/2024\\\/03\\\/FB_IMG_1627525396589_Original.jpeg\",\"contentUrl\":\"https:\\\/\\\/noticiasnoface.com.br\\\/wp-content\\\/uploads\\\/2024\\\/03\\\/FB_IMG_1627525396589_Original.jpeg\",\"width\":1304,\"height\":1285,\"caption\":\"Noticias no face\"},\"image\":{\"@id\":\"https:\\\/\\\/noticiasnoface.com.br\\\/#\\\/schema\\\/logo\\\/image\\\/\"},\"sameAs\":[\"https:\\\/\\\/www.facebook.com\\\/profile.php?id=100012908593281\",\"https:\\\/\\\/www.instagram.com\\\/noticianoface?igsh=MWVvMXQ0MjA3cHY1aQ==\",\"https:\\\/\\\/www.threads.net\\\/@noticiasnoface\"]},{\"@type\":\"Person\",\"@id\":\"https:\\\/\\\/noticiasnoface.com.br\\\/#\\\/schema\\\/person\\\/6d6bb5e4ecce219cd6ecb0ec9e14d8f7\",\"name\":\"Noticias No Face\",\"image\":{\"@type\":\"ImageObject\",\"inLanguage\":\"pt-BR\",\"@id\":\"https:\\\/\\\/secure.gravatar.com\\\/avatar\\\/16a373ebacd5b4a7908eb9b55ce0623c12f93b525e8b3e089429e16c67cf2de0?s=96&d=mm&r=g\",\"url\":\"https:\\\/\\\/secure.gravatar.com\\\/avatar\\\/16a373ebacd5b4a7908eb9b55ce0623c12f93b525e8b3e089429e16c67cf2de0?s=96&d=mm&r=g\",\"contentUrl\":\"https:\\\/\\\/secure.gravatar.com\\\/avatar\\\/16a373ebacd5b4a7908eb9b55ce0623c12f93b525e8b3e089429e16c67cf2de0?s=96&d=mm&r=g\",\"caption\":\"Noticias No Face\"},\"sameAs\":[\"http:\\\/\\\/noticiasnoface.com.br\",\"https:\\\/\\\/www.facebook.com\\\/noticiasnf?mibextid=LQQJ4d\",\"https:\\\/\\\/www.instagram.com\\\/noticianoface?igsh=MWVvMXQ0MjA3cHY1aQ==\"],\"url\":\"https:\\\/\\\/noticiasnoface.com.br\\\/author\\\/marcostrigueiro\\\/\"}]}<\/script>\n<!-- \/ Yoast SEO plugin. -->","yoast_head_json":{"title":"Mulher gr\u00e1vida fica presa na ambul\u00e2ncia em calor escaldante, VEJA V\u00cdDEO - NOTICIAS NO FACE","robots":{"index":"index","follow":"follow","max-snippet":"max-snippet:-1","max-image-preview":"max-image-preview:large","max-video-preview":"max-video-preview:-1"},"canonical":"https:\/\/noticiasnoface.com.br\/index.php\/2023\/09\/27\/mulher-fica-presa-na-ambulancia-em-calor-escaldante-veja-video\/","og_locale":"pt_BR","og_type":"article","og_title":"Mulher gr\u00e1vida fica presa na ambul\u00e2ncia em calor escaldante, VEJA V\u00cdDEO - NOTICIAS NO FACE","og_url":"https:\/\/noticiasnoface.com.br\/index.php\/2023\/09\/27\/mulher-fica-presa-na-ambulancia-em-calor-escaldante-veja-video\/","og_site_name":"NOTICIAS NO FACE","article_publisher":"https:\/\/www.facebook.com\/profile.php?id=100012908593281","article_author":"https:\/\/www.facebook.com\/noticiasnf?mibextid=LQQJ4d","article_published_time":"2023-09-27T17:27:35+00:00","article_modified_time":"2023-09-27T17:29:43+00:00","og_image":[{"url":"https:\/\/noticiasnoface.com.br\/wp-content\/uploads\/2023\/09\/photo-output-3-1-1024x750.png","type":"","width":"","height":""}],"author":"Noticias No Face","twitter_card":"summary_large_image","twitter_misc":{"Escrito por":"Noticias No Face","Est. tempo de leitura":"1 minuto"},"schema":{"@context":"https:\/\/schema.org","@graph":[{"@type":"Article","@id":"https:\/\/noticiasnoface.com.br\/index.php\/2023\/09\/27\/mulher-fica-presa-na-ambulancia-em-calor-escaldante-veja-video\/#article","isPartOf":{"@id":"https:\/\/noticiasnoface.com.br\/index.php\/2023\/09\/27\/mulher-fica-presa-na-ambulancia-em-calor-escaldante-veja-video\/"},"author":{"name":"Noticias No Face","@id":"https:\/\/noticiasnoface.com.br\/#\/schema\/person\/6d6bb5e4ecce219cd6ecb0ec9e14d8f7"},"headline":"Mulher gr\u00e1vida fica presa na ambul\u00e2ncia em calor escaldante, VEJA V\u00cdDEO","datePublished":"2023-09-27T17:27:35+00:00","dateModified":"2023-09-27T17:29:43+00:00","mainEntityOfPage":{"@id":"https:\/\/noticiasnoface.com.br\/index.php\/2023\/09\/27\/mulher-fica-presa-na-ambulancia-em-calor-escaldante-veja-video\/"},"wordCount":176,"commentCount":0,"publisher":{"@id":"https:\/\/noticiasnoface.com.br\/#organization"},"image":{"@id":"https:\/\/noticiasnoface.com.br\/index.php\/2023\/09\/27\/mulher-fica-presa-na-ambulancia-em-calor-escaldante-veja-video\/#primaryimage"},"thumbnailUrl":"https:\/\/noticiasnoface.com.br\/wp-content\/uploads\/2023\/09\/photo-output-3-1-1024x750.png","articleSection":["ACONTECEU"],"inLanguage":"pt-BR","potentialAction":[{"@type":"CommentAction","name":"Comment","target":["https:\/\/noticiasnoface.com.br\/index.php\/2023\/09\/27\/mulher-fica-presa-na-ambulancia-em-calor-escaldante-veja-video\/#respond"]}]},{"@type":"WebPage","@id":"https:\/\/noticiasnoface.com.br\/index.php\/2023\/09\/27\/mulher-fica-presa-na-ambulancia-em-calor-escaldante-veja-video\/","url":"https:\/\/noticiasnoface.com.br\/index.php\/2023\/09\/27\/mulher-fica-presa-na-ambulancia-em-calor-escaldante-veja-video\/","name":"Mulher gr\u00e1vida fica presa na ambul\u00e2ncia em calor escaldante, VEJA V\u00cdDEO - NOTICIAS NO FACE","isPartOf":{"@id":"https:\/\/noticiasnoface.com.br\/#website"},"primaryImageOfPage":{"@id":"https:\/\/noticiasnoface.com.br\/index.php\/2023\/09\/27\/mulher-fica-presa-na-ambulancia-em-calor-escaldante-veja-video\/#primaryimage"},"image":{"@id":"https:\/\/noticiasnoface.com.br\/index.php\/2023\/09\/27\/mulher-fica-presa-na-ambulancia-em-calor-escaldante-veja-video\/#primaryimage"},"thumbnailUrl":"https:\/\/noticiasnoface.com.br\/wp-content\/uploads\/2023\/09\/photo-output-3-1-1024x750.png","datePublished":"2023-09-27T17:27:35+00:00","dateModified":"2023-09-27T17:29:43+00:00","breadcrumb":{"@id":"https:\/\/noticiasnoface.com.br\/index.php\/2023\/09\/27\/mulher-fica-presa-na-ambulancia-em-calor-escaldante-veja-video\/#breadcrumb"},"inLanguage":"pt-BR","potentialAction":[{"@type":"ReadAction","target":["https:\/\/noticiasnoface.com.br\/index.php\/2023\/09\/27\/mulher-fica-presa-na-ambulancia-em-calor-escaldante-veja-video\/"]}]},{"@type":"ImageObject","inLanguage":"pt-BR","@id":"https:\/\/noticiasnoface.com.br\/index.php\/2023\/09\/27\/mulher-fica-presa-na-ambulancia-em-calor-escaldante-veja-video\/#primaryimage","url":"https:\/\/noticiasnoface.com.br\/wp-content\/uploads\/2023\/09\/photo-output-3-1.png","contentUrl":"https:\/\/noticiasnoface.com.br\/wp-content\/uploads\/2023\/09\/photo-output-3-1.png","width":2048,"height":1500},{"@type":"BreadcrumbList","@id":"https:\/\/noticiasnoface.com.br\/index.php\/2023\/09\/27\/mulher-fica-presa-na-ambulancia-em-calor-escaldante-veja-video\/#breadcrumb","itemListElement":[{"@type":"ListItem","position":1,"name":"In\u00edcio","item":"https:\/\/noticiasnoface.com.br\/"},{"@type":"ListItem","position":2,"name":"Mulher gr\u00e1vida fica presa na ambul\u00e2ncia em calor escaldante, VEJA V\u00cdDEO"}]},{"@type":"WebSite","@id":"https:\/\/noticiasnoface.com.br\/#website","url":"https:\/\/noticiasnoface.com.br\/","name":"Noticias No Face","description":"NNF","publisher":{"@id":"https:\/\/noticiasnoface.com.br\/#organization"},"potentialAction":[{"@type":"SearchAction","target":{"@type":"EntryPoint","urlTemplate":"https:\/\/noticiasnoface.com.br\/?s={search_term_string}"},"query-input":{"@type":"PropertyValueSpecification","valueRequired":true,"valueName":"search_term_string"}}],"inLanguage":"pt-BR"},{"@type":"Organization","@id":"https:\/\/noticiasnoface.com.br\/#organization","name":"Noticias no face","url":"https:\/\/noticiasnoface.com.br\/","logo":{"@type":"ImageObject","inLanguage":"pt-BR","@id":"https:\/\/noticiasnoface.com.br\/#\/schema\/logo\/image\/","url":"https:\/\/noticiasnoface.com.br\/wp-content\/uploads\/2024\/03\/FB_IMG_1627525396589_Original.jpeg","contentUrl":"https:\/\/noticiasnoface.com.br\/wp-content\/uploads\/2024\/03\/FB_IMG_1627525396589_Original.jpeg","width":1304,"height":1285,"caption":"Noticias no face"},"image":{"@id":"https:\/\/noticiasnoface.com.br\/#\/schema\/logo\/image\/"},"sameAs":["https:\/\/www.facebook.com\/profile.php?id=100012908593281","https:\/\/www.instagram.com\/noticianoface?igsh=MWVvMXQ0MjA3cHY1aQ==","https:\/\/www.threads.net\/@noticiasnoface"]},{"@type":"Person","@id":"https:\/\/noticiasnoface.com.br\/#\/schema\/person\/6d6bb5e4ecce219cd6ecb0ec9e14d8f7","name":"Noticias No Face","image":{"@type":"ImageObject","inLanguage":"pt-BR","@id":"https:\/\/secure.gravatar.com\/avatar\/16a373ebacd5b4a7908eb9b55ce0623c12f93b525e8b3e089429e16c67cf2de0?s=96&d=mm&r=g","url":"https:\/\/secure.gravatar.com\/avatar\/16a373ebacd5b4a7908eb9b55ce0623c12f93b525e8b3e089429e16c67cf2de0?s=96&d=mm&r=g","contentUrl":"https:\/\/secure.gravatar.com\/avatar\/16a373ebacd5b4a7908eb9b55ce0623c12f93b525e8b3e089429e16c67cf2de0?s=96&d=mm&r=g","caption":"Noticias No Face"},"sameAs":["http:\/\/noticiasnoface.com.br","https:\/\/www.facebook.com\/noticiasnf?mibextid=LQQJ4d","https:\/\/www.instagram.com\/noticianoface?igsh=MWVvMXQ0MjA3cHY1aQ=="],"url":"https:\/\/noticiasnoface.com.br\/author\/marcostrigueiro\/"}]}},"_links":{"self":[{"href":"https:\/\/noticiasnoface.com.br\/index.php\/wp-json\/wp\/v2\/posts\/19043","targetHints":{"allow":["GET"]}}],"collection":[{"href":"https:\/\/noticiasnoface.com.br\/index.php\/wp-json\/wp\/v2\/posts"}],"about":[{"href":"https:\/\/noticiasnoface.com.br\/index.php\/wp-json\/wp\/v2\/types\/post"}],"author":[{"embeddable":true,"href":"https:\/\/noticiasnoface.com.br\/index.php\/wp-json\/wp\/v2\/users\/1"}],"replies":[{"embeddable":true,"href":"https:\/\/noticiasnoface.com.br\/index.php\/wp-json\/wp\/v2\/comments?post=19043"}],"version-history":[{"count":2,"href":"https:\/\/noticiasnoface.com.br\/index.php\/wp-json\/wp\/v2\/posts\/19043\/revisions"}],"predecessor-version":[{"id":19045,"href":"https:\/\/noticiasnoface.com.br\/index.php\/wp-json\/wp\/v2\/posts\/19043\/revisions\/19045"}],"wp:attachment":[{"href":"https:\/\/noticiasnoface.com.br\/index.php\/wp-json\/wp\/v2\/media?parent=19043"}],"wp:term":[{"taxonomy":"category","embeddable":true,"href":"https:\/\/noticiasnoface.com.br\/index.php\/wp-json\/wp\/v2\/categories?post=19043"},{"taxonomy":"post_tag","embeddable":true,"href":"https:\/\/noticiasnoface.com.br\/index.php\/wp-json\/wp\/v2\/tags?post=19043"}],"curies":[{"name":"wp","href":"https:\/\/api.w.org\/{rel}","templated":true}]}}