{"id":19084,"date":"2023-09-29T08:45:14","date_gmt":"2023-09-29T11:45:14","guid":{"rendered":"https:\/\/noticiasnoface.com.br\/?p=19084"},"modified":"2023-09-29T08:45:15","modified_gmt":"2023-09-29T11:45:15","slug":"vereador-edinho-ganha-forca-para-prefeitura-em-sao-bento-do-trairi-diz-pesquisa","status":"publish","type":"post","link":"https:\/\/noticiasnoface.com.br\/index.php\/2023\/09\/29\/vereador-edinho-ganha-forca-para-prefeitura-em-sao-bento-do-trairi-diz-pesquisa\/","title":{"rendered":"Vereador Edinho ganha for\u00e7a para prefeitura em S\u00e3o Bento do Trairi, diz pesquisa"},"content":{"rendered":"\n<figure class=\"wp-block-image size-large\"><img data-opt-id=688212419  fetchpriority=\"high\" decoding=\"async\" width=\"1024\" height=\"812\" src=\"https:\/\/mlbfrsat7ahr.i.optimole.com\/w:1024\/h:812\/q:mauto\/ig:avif\/https:\/\/noticiasnoface.com.br\/wp-content\/uploads\/2023\/09\/photo-output-1-6.png\" class=\"wp-image-19081\" srcset=\"https:\/\/mlbfrsat7ahr.i.optimole.com\/w:1024\/h:812\/q:mauto\/ig:avif\/https:\/\/noticiasnoface.com.br\/wp-content\/uploads\/2023\/09\/photo-output-1-6.png 1024w, https:\/\/mlbfrsat7ahr.i.optimole.com\/w:300\/h:238\/q:mauto\/ig:avif\/https:\/\/noticiasnoface.com.br\/wp-content\/uploads\/2023\/09\/photo-output-1-6.png 300w, https:\/\/mlbfrsat7ahr.i.optimole.com\/w:768\/h:609\/q:mauto\/ig:avif\/https:\/\/noticiasnoface.com.br\/wp-content\/uploads\/2023\/09\/photo-output-1-6.png 768w, https:\/\/mlbfrsat7ahr.i.optimole.com\/w:1361\/h:1080\/q:mauto\/ig:avif\/https:\/\/noticiasnoface.com.br\/wp-content\/uploads\/2023\/09\/photo-output-1-6.png 1536w, https:\/\/mlbfrsat7ahr.i.optimole.com\/w:1361\/h:1080\/q:mauto\/ig:avif\/https:\/\/noticiasnoface.com.br\/wp-content\/uploads\/2023\/09\/photo-output-1-6.png 2048w\" sizes=\"(max-width: 1000px) 100vw, 1000px\" \/><figcaption class=\"wp-element-caption\">O Blog do FM divulga a segunda rodada de pesquisas, de olho na corrida eleitoral para 2024. O IPOP (instituto de Pesquisa de Opini\u00e3o P\u00fablica) entrevistou 292 pessoas no dia 23 de setembro, na zona urbana e rural do munic\u00edpio de S\u00e3o Bento do Trairi. Na primeira pesquisa, realizada no dia 23\/06, O vereador Edinho j\u00e1 liderava os cen\u00e1rios da disputa para a Prefeitura Municipal. Na estimulada, quando s\u00e3o apresentados os nomes que j\u00e1 declararam a pr\u00e9-candidatura, Edinho chega ao n\u00famero de 37,59%. Com uma excelente performance frente ao cen\u00e1rio. Um destaque muito positivo, \u00e9 o crescimento do postulante ao cargo do executivo, que observado com os n\u00fameros da 2\u00aa Pesquisa. Edinho apresenta na estimulada 56,50%, contra o Candidato Rafael Matias 21,30%. Um crescimento de quase 19 pontos percentuais em rela\u00e7\u00e3o a \u00faltima sondagem popular o que mostra uma margem consistente para a disputa eleitoral em 2024. O total de indecisos ou que n\u00e3o querem votar em nenhum candidato, somam 22,40%. O vereador Edson Medeiros quem vem liderando as pesquisas \u00e9 dono de um carisma particular, reconhecido por sua alegria e autenticidade apresentada atrav\u00e9s de sua postura. Vindo de origem humilde, filho de um agricultor e uma servidora p\u00fablica. Edinho em seu primeiro mandato de vereador, tem mostrado pra que veio. Edinho dentre os nove vereadores \u00e9 o que tem mais se destacado na C\u00e2mara em rela\u00e7\u00e3o as a\u00e7\u00f5es desenvolvidas, tem apresentado importantes Projetos de Lei e convocado diversas audi\u00eancias p\u00fablicas, realizando a\u00e7\u00f5es sociais e cursos profissionalizantes em parceria com o Senar e o projeto Amigos em A\u00e7\u00e3o. Fazendo uma pol\u00edtica pautada em propostas, seriedade, parceria, muito trabalho e bons resultados. Tudo isso apresentado com muita solidez e o feedback dado pela popula\u00e7\u00e3o. Diante de tudo isso conta com a somat\u00f3ria de um grupo forte composto pelas lideran\u00e7as como o ex prefeito Wilton Xavier e Luna Kally, ex prefeito Z\u00e9 Nilton, vereador Diogo Xavier (que comp\u00f5e como vice da chapa), os vereadores Chagas do Camelo, Jailson Silva, Juju e Nora, os pr\u00e9 candidatos a vereador Marcelo de Toi\u00f4, Matheus Xavier, Pedro aboiador, Professor Ivanaldo, Willian, como tb\u00e9m os ex vereadores Gambira, Caris Magno, Ivonir, Carlinhos Zuca, empres\u00e1rios, muitas fam\u00edlias e amigos que se estende por todo munic\u00edpio dentre as Zonas Rurais e Urbana como mostra a pesquisa ouvindo a voz do povo e confirmando o que j\u00e1 \u00e9 ouvido em todo territ\u00f3rio de S\u00e3o Bento do Trair\u00ed.<\/figcaption><\/figure>\n\n\n\n<figure class=\"wp-block-image size-large\"><img data-opt-id=1430381495  fetchpriority=\"high\" decoding=\"async\" width=\"1024\" height=\"768\" src=\"https:\/\/mlbfrsat7ahr.i.optimole.com\/w:1024\/h:768\/q:mauto\/ig:avif\/https:\/\/noticiasnoface.com.br\/wp-content\/uploads\/2023\/09\/14135647-6bb4-4ffc-9223-18cf6b4767c9-1.jpg\" class=\"wp-image-19083\" srcset=\"https:\/\/mlbfrsat7ahr.i.optimole.com\/w:1024\/h:768\/q:mauto\/ig:avif\/https:\/\/noticiasnoface.com.br\/wp-content\/uploads\/2023\/09\/14135647-6bb4-4ffc-9223-18cf6b4767c9-1.jpg 1024w, https:\/\/mlbfrsat7ahr.i.optimole.com\/w:300\/h:225\/q:mauto\/ig:avif\/https:\/\/noticiasnoface.com.br\/wp-content\/uploads\/2023\/09\/14135647-6bb4-4ffc-9223-18cf6b4767c9-1.jpg 300w, https:\/\/mlbfrsat7ahr.i.optimole.com\/w:768\/h:576\/q:mauto\/ig:avif\/https:\/\/noticiasnoface.com.br\/wp-content\/uploads\/2023\/09\/14135647-6bb4-4ffc-9223-18cf6b4767c9-1.jpg 768w, https:\/\/mlbfrsat7ahr.i.optimole.com\/w:1440\/h:1080\/q:mauto\/ig:avif\/https:\/\/noticiasnoface.com.br\/wp-content\/uploads\/2023\/09\/14135647-6bb4-4ffc-9223-18cf6b4767c9-1.jpg 1536w, https:\/\/mlbfrsat7ahr.i.optimole.com\/w:1440\/h:1080\/q:mauto\/ig:avif\/https:\/\/noticiasnoface.com.br\/wp-content\/uploads\/2023\/09\/14135647-6bb4-4ffc-9223-18cf6b4767c9-1.jpg 1600w\" sizes=\"(max-width: 1000px) 100vw, 1000px\" \/><figcaption class=\"wp-element-caption\">Edinho fez um trabalho de base bastante s\u00f3lido por isso sendo lembrado fortemente nas pesquisas <\/figcaption><\/figure>\n\n\n\n<figure class=\"wp-block-image size-large\"><img data-opt-id=2121952922  data-opt-src=\"https:\/\/mlbfrsat7ahr.i.optimole.com\/w:1024\/h:768\/q:mauto\/ig:avif\/https:\/\/noticiasnoface.com.br\/wp-content\/uploads\/2023\/09\/d6fae51e-8730-4f7b-8ff3-d29d1f8a6b98-1.jpg\"  decoding=\"async\" width=\"1024\" height=\"768\" src=\"data:image/svg+xml,%3Csvg%20viewBox%3D%220%200%201024%20768%22%20width%3D%221024%22%20height%3D%22768%22%20xmlns%3D%22http%3A%2F%2Fwww.w3.org%2F2000%2Fsvg%22%3E%3Crect%20width%3D%221024%22%20height%3D%22768%22%20fill%3D%22transparent%22%2F%3E%3C%2Fsvg%3E\" class=\"wp-image-19082\" old-srcset=\"https:\/\/mlbfrsat7ahr.i.optimole.com\/w:1024\/h:768\/q:mauto\/ig:avif\/https:\/\/noticiasnoface.com.br\/wp-content\/uploads\/2023\/09\/d6fae51e-8730-4f7b-8ff3-d29d1f8a6b98-1.jpg 1024w, https:\/\/mlbfrsat7ahr.i.optimole.com\/w:300\/h:225\/q:mauto\/ig:avif\/https:\/\/noticiasnoface.com.br\/wp-content\/uploads\/2023\/09\/d6fae51e-8730-4f7b-8ff3-d29d1f8a6b98-1.jpg 300w, https:\/\/mlbfrsat7ahr.i.optimole.com\/w:768\/h:576\/q:mauto\/ig:avif\/https:\/\/noticiasnoface.com.br\/wp-content\/uploads\/2023\/09\/d6fae51e-8730-4f7b-8ff3-d29d1f8a6b98-1.jpg 768w, https:\/\/mlbfrsat7ahr.i.optimole.com\/w:1440\/h:1080\/q:mauto\/ig:avif\/https:\/\/noticiasnoface.com.br\/wp-content\/uploads\/2023\/09\/d6fae51e-8730-4f7b-8ff3-d29d1f8a6b98-1.jpg 1536w, https:\/\/mlbfrsat7ahr.i.optimole.com\/w:1440\/h:1080\/q:mauto\/ig:avif\/https:\/\/noticiasnoface.com.br\/wp-content\/uploads\/2023\/09\/d6fae51e-8730-4f7b-8ff3-d29d1f8a6b98-1.jpg 1600w\" \/><figcaption class=\"wp-element-caption\">Vereador Edinho com grandes chances de se tornar prefeito em S\u00e3o Bento do Trairi <\/figcaption><\/figure>\n","protected":false},"excerpt":{"rendered":"","protected":false},"author":1,"featured_media":0,"comment_status":"open","ping_status":"open","sticky":false,"template":"","format":"standard","meta":{"site-sidebar-layout":"default","site-content-layout":"","ast-site-content-layout":"default","site-content-style":"default","site-sidebar-style":"default","ast-global-header-display":"","ast-banner-title-visibility":"","ast-main-header-display":"","ast-hfb-above-header-display":"","ast-hfb-below-header-display":"","ast-hfb-mobile-header-display":"","site-post-title":"","ast-breadcrumbs-content":"","ast-featured-img":"","footer-sml-layout":"","ast-disable-related-posts":"","theme-transparent-header-meta":"","adv-header-id-meta":"","stick-header-meta":"","header-above-stick-meta":"","header-main-stick-meta":"","header-below-stick-meta":"","astra-migrate-meta-layouts":"default","ast-page-background-enabled":"default","ast-page-background-meta":{"desktop":{"background-color":"var(--ast-global-color-4)","background-image":"","background-repeat":"repeat","background-position":"center center","background-size":"auto","background-attachment":"scroll","background-type":"","background-media":"","overlay-type":"","overlay-color":"","overlay-opacity":"","overlay-gradient":""},"tablet":{"background-color":"","background-image":"","background-repeat":"repeat","background-position":"center center","background-size":"auto","background-attachment":"scroll","background-type":"","background-media":"","overlay-type":"","overlay-color":"","overlay-opacity":"","overlay-gradient":""},"mobile":{"background-color":"","background-image":"","background-repeat":"repeat","background-position":"center center","background-size":"auto","background-attachment":"scroll","background-type":"","background-media":"","overlay-type":"","overlay-color":"","overlay-opacity":"","overlay-gradient":""}},"ast-content-background-meta":{"desktop":{"background-color":"var(--ast-global-color-5)","background-image":"","background-repeat":"repeat","background-position":"center center","background-size":"auto","background-attachment":"scroll","background-type":"","background-media":"","overlay-type":"","overlay-color":"","overlay-opacity":"","overlay-gradient":""},"tablet":{"background-color":"var(--ast-global-color-5)","background-image":"","background-repeat":"repeat","background-position":"center center","background-size":"auto","background-attachment":"scroll","background-type":"","background-media":"","overlay-type":"","overlay-color":"","overlay-opacity":"","overlay-gradient":""},"mobile":{"background-color":"var(--ast-global-color-5)","background-image":"","background-repeat":"repeat","background-position":"center center","background-size":"auto","background-attachment":"scroll","background-type":"","background-media":"","overlay-type":"","overlay-color":"","overlay-opacity":"","overlay-gradient":""}},"footnotes":""},"categories":[517],"tags":[],"class_list":["post-19084","post","type-post","status-publish","format-standard","hentry","category-aconteceu"],"_links":{"self":[{"href":"https:\/\/noticiasnoface.com.br\/index.php\/wp-json\/wp\/v2\/posts\/19084","targetHints":{"allow":["GET"]}}],"collection":[{"href":"https:\/\/noticiasnoface.com.br\/index.php\/wp-json\/wp\/v2\/posts"}],"about":[{"href":"https:\/\/noticiasnoface.com.br\/index.php\/wp-json\/wp\/v2\/types\/post"}],"author":[{"embeddable":true,"href":"https:\/\/noticiasnoface.com.br\/index.php\/wp-json\/wp\/v2\/users\/1"}],"replies":[{"embeddable":true,"href":"https:\/\/noticiasnoface.com.br\/index.php\/wp-json\/wp\/v2\/comments?post=19084"}],"version-history":[{"count":1,"href":"https:\/\/noticiasnoface.com.br\/index.php\/wp-json\/wp\/v2\/posts\/19084\/revisions"}],"predecessor-version":[{"id":19085,"href":"https:\/\/noticiasnoface.com.br\/index.php\/wp-json\/wp\/v2\/posts\/19084\/revisions\/19085"}],"wp:attachment":[{"href":"https:\/\/noticiasnoface.com.br\/index.php\/wp-json\/wp\/v2\/media?parent=19084"}],"wp:term":[{"taxonomy":"category","embeddable":true,"href":"https:\/\/noticiasnoface.com.br\/index.php\/wp-json\/wp\/v2\/categories?post=19084"},{"taxonomy":"post_tag","embeddable":true,"href":"https:\/\/noticiasnoface.com.br\/index.php\/wp-json\/wp\/v2\/tags?post=19084"}],"curies":[{"name":"wp","href":"https:\/\/api.w.org\/{rel}","templated":true}]}}