{"id":19109,"date":"2023-09-30T20:40:11","date_gmt":"2023-09-30T23:40:11","guid":{"rendered":"https:\/\/noticiasnoface.com.br\/?p=19109"},"modified":"2023-09-30T20:40:12","modified_gmt":"2023-09-30T23:40:12","slug":"felipe-neto-anuncia-saida-das-redes-sociais","status":"publish","type":"post","link":"https:\/\/noticiasnoface.com.br\/index.php\/2023\/09\/30\/felipe-neto-anuncia-saida-das-redes-sociais\/","title":{"rendered":"Felipe Neto anuncia sa\u00edda das redes sociais"},"content":{"rendered":"\n<figure class=\"wp-block-image size-large\"><img data-opt-id=159374802  fetchpriority=\"high\" decoding=\"async\" width=\"1024\" height=\"552\" src=\"https:\/\/mlbfrsat7ahr.i.optimole.com\/w:1024\/h:552\/q:mauto\/ig:avif\/https:\/\/noticiasnoface.com.br\/wp-content\/uploads\/2023\/09\/photo-output-1-9.png\" class=\"wp-image-19108\" srcset=\"https:\/\/mlbfrsat7ahr.i.optimole.com\/w:1024\/h:552\/q:mauto\/ig:avif\/https:\/\/noticiasnoface.com.br\/wp-content\/uploads\/2023\/09\/photo-output-1-9.png 1024w, https:\/\/mlbfrsat7ahr.i.optimole.com\/w:300\/h:162\/q:mauto\/ig:avif\/https:\/\/noticiasnoface.com.br\/wp-content\/uploads\/2023\/09\/photo-output-1-9.png 300w, https:\/\/mlbfrsat7ahr.i.optimole.com\/w:768\/h:414\/q:mauto\/ig:avif\/https:\/\/noticiasnoface.com.br\/wp-content\/uploads\/2023\/09\/photo-output-1-9.png 768w, https:\/\/mlbfrsat7ahr.i.optimole.com\/w:1536\/h:828\/q:mauto\/ig:avif\/https:\/\/noticiasnoface.com.br\/wp-content\/uploads\/2023\/09\/photo-output-1-9.png 1536w, https:\/\/mlbfrsat7ahr.i.optimole.com\/w:1920\/h:1035\/q:mauto\/ig:avif\/https:\/\/noticiasnoface.com.br\/wp-content\/uploads\/2023\/09\/photo-output-1-9.png 2048w\" sizes=\"(max-width: 1000px) 100vw, 1000px\" \/><figcaption class=\"wp-element-caption\">Com 45,6 milh\u00f5es de inscritos em seu canal no YouTube, <strong><a href=\"https:\/\/istoe.com.br\/tag\/felipe-neto\/\" target=\"_blank\" rel=\"noopener\">Felipe Neto<\/a><\/strong> afirmou em um v\u00eddeo publicado neste s\u00e1bado, 30, que nos \u00faltimos anos travou uma luta contra o bolsonarismo e que isso ocasionou em perda de patroc\u00ednios. Desta maneira, ele anunciou uma breve pausa no perfil.<br>\u201cOs \u00faltimos quatro, cinco anos da minha vida foram anos de muita porradaria p\u00fablica, muita briga. Eu meio que virei um \u00edcone dessa luta pol\u00edtica\u201d, desabafou.<br>Ele explicou que nunca buscou ser esse \u201c\u00edcone\u201d e que isso s\u00f3 o prejudica, apesar de n\u00e3o de arrepender de nada. \u201cN\u00f3s fomos vencedores\u201d.<br>No entanto, \u201cnenhuma empresa que opera aqui no Brasil n\u00e3o queria vincular sua imagem a um cara que estava sendo odiado por, sei l\u00e1, 25% dos eleitores\u201d.<br>O influenciador afirma que promete voltar talvez  no dia 10 de outubro, com a \u201cprograma\u00e7\u00e3o normal\u201d.<\/figcaption><\/figure>\n","protected":false},"excerpt":{"rendered":"","protected":false},"author":1,"featured_media":0,"comment_status":"open","ping_status":"open","sticky":false,"template":"","format":"standard","meta":{"site-sidebar-layout":"default","site-content-layout":"","ast-site-content-layout":"default","site-content-style":"default","site-sidebar-style":"default","ast-global-header-display":"","ast-banner-title-visibility":"","ast-main-header-display":"","ast-hfb-above-header-display":"","ast-hfb-below-header-display":"","ast-hfb-mobile-header-display":"","site-post-title":"","ast-breadcrumbs-content":"","ast-featured-img":"","footer-sml-layout":"","ast-disable-related-posts":"","theme-transparent-header-meta":"","adv-header-id-meta":"","stick-header-meta":"","header-above-stick-meta":"","header-main-stick-meta":"","header-below-stick-meta":"","astra-migrate-meta-layouts":"default","ast-page-background-enabled":"default","ast-page-background-meta":{"desktop":{"background-color":"var(--ast-global-color-4)","background-image":"","background-repeat":"repeat","background-position":"center center","background-size":"auto","background-attachment":"scroll","background-type":"","background-media":"","overlay-type":"","overlay-color":"","overlay-opacity":"","overlay-gradient":""},"tablet":{"background-color":"","background-image":"","background-repeat":"repeat","background-position":"center center","background-size":"auto","background-attachment":"scroll","background-type":"","background-media":"","overlay-type":"","overlay-color":"","overlay-opacity":"","overlay-gradient":""},"mobile":{"background-color":"","background-image":"","background-repeat":"repeat","background-position":"center center","background-size":"auto","background-attachment":"scroll","background-type":"","background-media":"","overlay-type":"","overlay-color":"","overlay-opacity":"","overlay-gradient":""}},"ast-content-background-meta":{"desktop":{"background-color":"var(--ast-global-color-5)","background-image":"","background-repeat":"repeat","background-position":"center center","background-size":"auto","background-attachment":"scroll","background-type":"","background-media":"","overlay-type":"","overlay-color":"","overlay-opacity":"","overlay-gradient":""},"tablet":{"background-color":"var(--ast-global-color-5)","background-image":"","background-repeat":"repeat","background-position":"center center","background-size":"auto","background-attachment":"scroll","background-type":"","background-media":"","overlay-type":"","overlay-color":"","overlay-opacity":"","overlay-gradient":""},"mobile":{"background-color":"var(--ast-global-color-5)","background-image":"","background-repeat":"repeat","background-position":"center center","background-size":"auto","background-attachment":"scroll","background-type":"","background-media":"","overlay-type":"","overlay-color":"","overlay-opacity":"","overlay-gradient":""}},"footnotes":""},"categories":[154],"tags":[],"class_list":["post-19109","post","type-post","status-publish","format-standard","hentry","category-comportamento"],"_links":{"self":[{"href":"https:\/\/noticiasnoface.com.br\/index.php\/wp-json\/wp\/v2\/posts\/19109","targetHints":{"allow":["GET"]}}],"collection":[{"href":"https:\/\/noticiasnoface.com.br\/index.php\/wp-json\/wp\/v2\/posts"}],"about":[{"href":"https:\/\/noticiasnoface.com.br\/index.php\/wp-json\/wp\/v2\/types\/post"}],"author":[{"embeddable":true,"href":"https:\/\/noticiasnoface.com.br\/index.php\/wp-json\/wp\/v2\/users\/1"}],"replies":[{"embeddable":true,"href":"https:\/\/noticiasnoface.com.br\/index.php\/wp-json\/wp\/v2\/comments?post=19109"}],"version-history":[{"count":1,"href":"https:\/\/noticiasnoface.com.br\/index.php\/wp-json\/wp\/v2\/posts\/19109\/revisions"}],"predecessor-version":[{"id":19110,"href":"https:\/\/noticiasnoface.com.br\/index.php\/wp-json\/wp\/v2\/posts\/19109\/revisions\/19110"}],"wp:attachment":[{"href":"https:\/\/noticiasnoface.com.br\/index.php\/wp-json\/wp\/v2\/media?parent=19109"}],"wp:term":[{"taxonomy":"category","embeddable":true,"href":"https:\/\/noticiasnoface.com.br\/index.php\/wp-json\/wp\/v2\/categories?post=19109"},{"taxonomy":"post_tag","embeddable":true,"href":"https:\/\/noticiasnoface.com.br\/index.php\/wp-json\/wp\/v2\/tags?post=19109"}],"curies":[{"name":"wp","href":"https:\/\/api.w.org\/{rel}","templated":true}]}}