{"id":19120,"date":"2023-09-30T22:51:13","date_gmt":"2023-10-01T01:51:13","guid":{"rendered":"https:\/\/noticiasnoface.com.br\/?p=19120"},"modified":"2023-09-30T22:51:14","modified_gmt":"2023-10-01T01:51:14","slug":"3a-corrida-e-caminhada-dos-martires-de-uruacu-atinge-marca-de-mil-inscritos-e-encerra-inscricoes","status":"publish","type":"post","link":"https:\/\/noticiasnoface.com.br\/index.php\/2023\/09\/30\/3a-corrida-e-caminhada-dos-martires-de-uruacu-atinge-marca-de-mil-inscritos-e-encerra-inscricoes\/","title":{"rendered":"3\u00aa corrida e caminhada dos M\u00e1rtires de Urua\u00e7u atinge marca de mil inscritos e encerra inscri\u00e7\u00f5es"},"content":{"rendered":"\n<figure class=\"wp-block-image size-large\"><img data-opt-id=588619904  fetchpriority=\"high\" decoding=\"async\" width=\"1024\" height=\"544\" src=\"https:\/\/mlbfrsat7ahr.i.optimole.com\/w:1024\/h:544\/q:mauto\/ig:avif\/https:\/\/noticiasnoface.com.br\/wp-content\/uploads\/2023\/09\/img_2344-1.jpg\" class=\"wp-image-19119\" srcset=\"https:\/\/mlbfrsat7ahr.i.optimole.com\/w:1024\/h:544\/q:mauto\/ig:avif\/https:\/\/noticiasnoface.com.br\/wp-content\/uploads\/2023\/09\/img_2344-1.jpg 1024w, https:\/\/mlbfrsat7ahr.i.optimole.com\/w:300\/h:159\/q:mauto\/ig:avif\/https:\/\/noticiasnoface.com.br\/wp-content\/uploads\/2023\/09\/img_2344-1.jpg 300w, https:\/\/mlbfrsat7ahr.i.optimole.com\/w:768\/h:408\/q:mauto\/ig:avif\/https:\/\/noticiasnoface.com.br\/wp-content\/uploads\/2023\/09\/img_2344-1.jpg 768w, https:\/\/mlbfrsat7ahr.i.optimole.com\/w:1290\/h:685\/q:mauto\/ig:avif\/https:\/\/noticiasnoface.com.br\/wp-content\/uploads\/2023\/09\/img_2344-1.jpg 1290w\" sizes=\"(max-width: 1000px) 100vw, 1000px\" \/><figcaption class=\"wp-element-caption\"><br>A 3\u00aa Corrida e Caminhada em homenagem \u00e0 Festa dos M\u00e1rtires de Urua\u00e7u, agendada para a pr\u00f3xima ter\u00e7a-feira, 3 de outubro, j\u00e1 est\u00e1 causando grande expectativa em S\u00e3o Gon\u00e7alo do Amarante. Com a participa\u00e7\u00e3o de um impressionante n\u00famero de mil inscritos entre corredores e caminhantes, as inscri\u00e7\u00f5es foram oficialmente encerradas. A corrida acontece na pr\u00f3xima ter\u00e7a-feira (03), feriado dos Santos M\u00e1rtires de Cunha\u00fa e Urua\u00e7u, no Monumento dos Santos M\u00e1rtires de Urua\u00e7u. <br>O evento n\u00e3o possui car\u00e1ter competitivo e promete ser uma celebra\u00e7\u00e3o participativa do esp\u00edrito comunit\u00e1rio. Os participantes tiveram a oportunidade de escolher entre se inscrever como corredores ou caminhantes durante o processo de inscri\u00e7\u00e3o.<br>Um destaque fundamental \u00e9 que, devido \u00e0 natureza n\u00e3o competitiva da corrida e caminhada, n\u00e3o haver\u00e1 pr\u00eamios exclusivos para os primeiros colocados. Em vez disso, todos os participantes credenciados ter\u00e3o a chance de ganhar diversos brindes, no valor total de 5 mil reais, gentilmente doados pela Prefeitura Municipal de S\u00e3o Gon\u00e7alo do Amarante.<br>Os brindes ser\u00e3o sorteados com base nos n\u00fameros de peito dos participantes e  todos os inscritos receber\u00e3o uma medalha de participa\u00e7\u00e3o. \u00c9 importante ressaltar que a medalha ser\u00e1 entregue somente aos participantes que estiverem com o n\u00famero de peito e a pulseira de credenciamento em m\u00e3os.<br><strong>Credenciamento, percurso, largada e chegada<\/strong><br>O processo de credenciamento ter\u00e1 in\u00edcio \u00e0s 05h00 da manh\u00e3 e encerramento \u00e0s 07h00, pr\u00f3ximo ao port\u00e3o de acesso ao Monumento dos M\u00e1rtires de Urua\u00e7u. Para fazer o credenciamento e receber pulseira e n\u00famero de peito, \u00e9 necess\u00e1rio apresentar um documento oficial com foto. <br>O percurso da corrida e caminhada ter\u00e1 uma extens\u00e3o de 5km, com largada e chegada no port\u00e3o principal de acesso ao Monumento dos M\u00e1rtires de Urua\u00e7u.<br>S\u00f3 poder\u00e3o participar da corrida, receber medalha e concorrer aos sorteios os participantes credenciados. <br>Confira a lista de inscritos <a href=\"https:\/\/saogoncalo.rn.gov.br\/wp-content\/uploads\/2023\/09\/LISTA-DE-INSCRITOS-III-CORRIDA-DOS-MARTIRERS-NOMES.pdf\" target=\"_blank\" rel=\"noopener\">AQUI<\/a>. <br><strong>Sobre a 3\u00aa Corrida e Caminhada dos M\u00e1rtires de Urua\u00e7u:<\/strong> A Corrida e Caminhada dos M\u00e1rtires de Urua\u00e7u \u00e9 um evento que celebra a tradi\u00e7\u00e3o local e promove a participa\u00e7\u00e3o ativa da comunidade. Esta terceira edi\u00e7\u00e3o \u00e9 especialmente marcante devido ao grande n\u00famero de inscritos e \u00e0 realiza\u00e7\u00e3o da Prefeitura Municipal de S\u00e3o Gon\u00e7alo do Amarante atrav\u00e9s da Secretaria Municipal de Juventude, Esporte e Lazer.<\/figcaption><\/figure>\n","protected":false},"excerpt":{"rendered":"","protected":false},"author":1,"featured_media":0,"comment_status":"open","ping_status":"open","sticky":false,"template":"","format":"standard","meta":{"site-sidebar-layout":"default","site-content-layout":"","ast-site-content-layout":"default","site-content-style":"default","site-sidebar-style":"default","ast-global-header-display":"","ast-banner-title-visibility":"","ast-main-header-display":"","ast-hfb-above-header-display":"","ast-hfb-below-header-display":"","ast-hfb-mobile-header-display":"","site-post-title":"","ast-breadcrumbs-content":"","ast-featured-img":"","footer-sml-layout":"","ast-disable-related-posts":"","theme-transparent-header-meta":"","adv-header-id-meta":"","stick-header-meta":"","header-above-stick-meta":"","header-main-stick-meta":"","header-below-stick-meta":"","astra-migrate-meta-layouts":"default","ast-page-background-enabled":"default","ast-page-background-meta":{"desktop":{"background-color":"var(--ast-global-color-4)","background-image":"","background-repeat":"repeat","background-position":"center center","background-size":"auto","background-attachment":"scroll","background-type":"","background-media":"","overlay-type":"","overlay-color":"","overlay-opacity":"","overlay-gradient":""},"tablet":{"background-color":"","background-image":"","background-repeat":"repeat","background-position":"center center","background-size":"auto","background-attachment":"scroll","background-type":"","background-media":"","overlay-type":"","overlay-color":"","overlay-opacity":"","overlay-gradient":""},"mobile":{"background-color":"","background-image":"","background-repeat":"repeat","background-position":"center center","background-size":"auto","background-attachment":"scroll","background-type":"","background-media":"","overlay-type":"","overlay-color":"","overlay-opacity":"","overlay-gradient":""}},"ast-content-background-meta":{"desktop":{"background-color":"var(--ast-global-color-5)","background-image":"","background-repeat":"repeat","background-position":"center center","background-size":"auto","background-attachment":"scroll","background-type":"","background-media":"","overlay-type":"","overlay-color":"","overlay-opacity":"","overlay-gradient":""},"tablet":{"background-color":"var(--ast-global-color-5)","background-image":"","background-repeat":"repeat","background-position":"center center","background-size":"auto","background-attachment":"scroll","background-type":"","background-media":"","overlay-type":"","overlay-color":"","overlay-opacity":"","overlay-gradient":""},"mobile":{"background-color":"var(--ast-global-color-5)","background-image":"","background-repeat":"repeat","background-position":"center center","background-size":"auto","background-attachment":"scroll","background-type":"","background-media":"","overlay-type":"","overlay-color":"","overlay-opacity":"","overlay-gradient":""}},"footnotes":""},"categories":[517],"tags":[],"class_list":["post-19120","post","type-post","status-publish","format-standard","hentry","category-aconteceu"],"_links":{"self":[{"href":"https:\/\/noticiasnoface.com.br\/index.php\/wp-json\/wp\/v2\/posts\/19120","targetHints":{"allow":["GET"]}}],"collection":[{"href":"https:\/\/noticiasnoface.com.br\/index.php\/wp-json\/wp\/v2\/posts"}],"about":[{"href":"https:\/\/noticiasnoface.com.br\/index.php\/wp-json\/wp\/v2\/types\/post"}],"author":[{"embeddable":true,"href":"https:\/\/noticiasnoface.com.br\/index.php\/wp-json\/wp\/v2\/users\/1"}],"replies":[{"embeddable":true,"href":"https:\/\/noticiasnoface.com.br\/index.php\/wp-json\/wp\/v2\/comments?post=19120"}],"version-history":[{"count":1,"href":"https:\/\/noticiasnoface.com.br\/index.php\/wp-json\/wp\/v2\/posts\/19120\/revisions"}],"predecessor-version":[{"id":19121,"href":"https:\/\/noticiasnoface.com.br\/index.php\/wp-json\/wp\/v2\/posts\/19120\/revisions\/19121"}],"wp:attachment":[{"href":"https:\/\/noticiasnoface.com.br\/index.php\/wp-json\/wp\/v2\/media?parent=19120"}],"wp:term":[{"taxonomy":"category","embeddable":true,"href":"https:\/\/noticiasnoface.com.br\/index.php\/wp-json\/wp\/v2\/categories?post=19120"},{"taxonomy":"post_tag","embeddable":true,"href":"https:\/\/noticiasnoface.com.br\/index.php\/wp-json\/wp\/v2\/tags?post=19120"}],"curies":[{"name":"wp","href":"https:\/\/api.w.org\/{rel}","templated":true}]}}