{"id":19139,"date":"2023-10-01T19:04:35","date_gmt":"2023-10-01T22:04:35","guid":{"rendered":"https:\/\/noticiasnoface.com.br\/?p=19139"},"modified":"2023-10-01T19:04:36","modified_gmt":"2023-10-01T22:04:36","slug":"blogueira-e-assassinada-a-tiros","status":"publish","type":"post","link":"https:\/\/noticiasnoface.com.br\/index.php\/2023\/10\/01\/blogueira-e-assassinada-a-tiros\/","title":{"rendered":"Blogueira \u00e9 assassinada a tiros"},"content":{"rendered":"\n<figure class=\"wp-block-image size-large\"><img data-opt-id=793450201  fetchpriority=\"high\" decoding=\"async\" width=\"1024\" height=\"530\" src=\"https:\/\/mlbfrsat7ahr.i.optimole.com\/w:1024\/h:530\/q:mauto\/ig:avif\/https:\/\/noticiasnoface.com.br\/wp-content\/uploads\/2023\/10\/img_2407-1.jpg\" class=\"wp-image-19138\" srcset=\"https:\/\/mlbfrsat7ahr.i.optimole.com\/w:1024\/h:530\/q:mauto\/ig:avif\/https:\/\/noticiasnoface.com.br\/wp-content\/uploads\/2023\/10\/img_2407-1.jpg 1024w, https:\/\/mlbfrsat7ahr.i.optimole.com\/w:300\/h:155\/q:mauto\/ig:avif\/https:\/\/noticiasnoface.com.br\/wp-content\/uploads\/2023\/10\/img_2407-1.jpg 300w, https:\/\/mlbfrsat7ahr.i.optimole.com\/w:768\/h:398\/q:mauto\/ig:avif\/https:\/\/noticiasnoface.com.br\/wp-content\/uploads\/2023\/10\/img_2407-1.jpg 768w, https:\/\/mlbfrsat7ahr.i.optimole.com\/w:1290\/h:668\/q:mauto\/ig:avif\/https:\/\/noticiasnoface.com.br\/wp-content\/uploads\/2023\/10\/img_2407-1.jpg 1290w\" sizes=\"(max-width: 1000px) 100vw, 1000px\" \/><figcaption class=\"wp-element-caption\"><strong>A blogueira Samynha Silva <\/strong>foi morta a tiros na tarde deste domingo (01), pr\u00f3ximo ao bal\u00e3o do S\u00e3o Crist\u00f3v\u00e3o, na zona Leste de Teresina. A informa\u00e7\u00e3o foi confirmada pelo<strong><a href=\"https:\/\/www.meionorte.com\/\" target=\"_blank\" rel=\"noopener\"> meionorte.com<\/a><\/strong>, junto ao CPU do 5\u00ba Batalh\u00e3o de Pol\u00edcia Militar.<br><br>De acordo com <strong><a href=\"https:\/\/www.meionorte.com\/\" target=\"_blank\" rel=\"noopener\">informa\u00e7\u00f5es extraoficiais obtidas pelo meionorte.com,<\/a> a blogueira estava em uma motocicleta, quando foi surpreendida por criminosos. <\/strong>Samynha foi perseguida e atingida pelos disparos, ela morreu ainda no local do crime.<br><br><img data-opt-id=777570787  fetchpriority=\"high\" decoding=\"async\" src=\"https:\/\/www.meionorte.com\/uploads\/imagens\/2023\/10\/1\/blogueira-samynha-silva-e-assassinada-apos-relatar-discussao-no-instagram-67fb7ef7-4bdd-4709-9c78-874d64f2fd4e.jpg\" alt=\"Blogueira Samynha Silva \u00e9 assassinada ap\u00f3s relatar discuss\u00e3o no instagram \/ Foto - Reprodu\u00e7\u00e3o\" class=\"i-amphtml-fill-content i-amphtml-replaced-content\"><br>Blogueira Samynha Silva \u00e9 assassinada ap\u00f3s relatar discuss\u00e3o no instagram \/ Foto &#8211; Reprodu\u00e7\u00e3o<br><strong>Horas antes, Samynha relatou nos stories do instagram que havia discutido em uma festa com duas mulheres<\/strong>. No v\u00eddeo ela relata que uma menina tinha derramado cerveja em seu vestido e<strong> logo em seguida a m\u00e3e da menina chegou e come\u00e7ou a discutir com a blogueira. <\/strong><br><br><strong>O Instituto de Medicina Legal (IML) foi acionado at\u00e9 o local para fazer a remo\u00e7\u00e3o do corpo<\/strong>. O caso vai ser investigado pelo Departamento de Homic\u00eddios e Prote\u00e7\u00e3o \u00e0 Pessoa (DHPP).<br><strong>Pol\u00eamicas<\/strong><br><strong>Samynha Silva ganhou repercuss\u00e3o em agosto deste ano,<\/strong> ao publicar em suas redes sociais uma <strong><a href=\"https:\/\/www.meionorte.com\/piaui\/blogueira-de-teresina-comemora-possivel-descriminalizacao-da-maconha-478516\" target=\"_blank\" rel=\"noopener\">s\u00e9rie de v\u00eddeos defendendo a legaliza\u00e7\u00e3o da maconha. <\/a><\/strong>Na \u00e9poca ela disse para os mais de 16 mil seguidores que poderia \u201cf1\u201d (fumar um), sem ser taxada como maconheira safada.<br>\u201cVou fumar um na pra\u00e7a, e vou ficar poder livre, porque n\u00e3o vou ser chamada de maconheira safada. Legalizou porra. Que \u00f3timo gente. Agora eu vou poder fumar um na pra\u00e7a de boa e nenhuma velha vai poder me parar, e me chamar de maconheira safada\u201d, afirmou.<\/figcaption><\/figure>\n","protected":false},"excerpt":{"rendered":"","protected":false},"author":1,"featured_media":0,"comment_status":"open","ping_status":"open","sticky":false,"template":"","format":"standard","meta":{"site-sidebar-layout":"default","site-content-layout":"","ast-site-content-layout":"default","site-content-style":"default","site-sidebar-style":"default","ast-global-header-display":"","ast-banner-title-visibility":"","ast-main-header-display":"","ast-hfb-above-header-display":"","ast-hfb-below-header-display":"","ast-hfb-mobile-header-display":"","site-post-title":"","ast-breadcrumbs-content":"","ast-featured-img":"","footer-sml-layout":"","ast-disable-related-posts":"","theme-transparent-header-meta":"","adv-header-id-meta":"","stick-header-meta":"","header-above-stick-meta":"","header-main-stick-meta":"","header-below-stick-meta":"","astra-migrate-meta-layouts":"default","ast-page-background-enabled":"default","ast-page-background-meta":{"desktop":{"background-color":"var(--ast-global-color-4)","background-image":"","background-repeat":"repeat","background-position":"center center","background-size":"auto","background-attachment":"scroll","background-type":"","background-media":"","overlay-type":"","overlay-color":"","overlay-opacity":"","overlay-gradient":""},"tablet":{"background-color":"","background-image":"","background-repeat":"repeat","background-position":"center center","background-size":"auto","background-attachment":"scroll","background-type":"","background-media":"","overlay-type":"","overlay-color":"","overlay-opacity":"","overlay-gradient":""},"mobile":{"background-color":"","background-image":"","background-repeat":"repeat","background-position":"center center","background-size":"auto","background-attachment":"scroll","background-type":"","background-media":"","overlay-type":"","overlay-color":"","overlay-opacity":"","overlay-gradient":""}},"ast-content-background-meta":{"desktop":{"background-color":"var(--ast-global-color-5)","background-image":"","background-repeat":"repeat","background-position":"center center","background-size":"auto","background-attachment":"scroll","background-type":"","background-media":"","overlay-type":"","overlay-color":"","overlay-opacity":"","overlay-gradient":""},"tablet":{"background-color":"var(--ast-global-color-5)","background-image":"","background-repeat":"repeat","background-position":"center center","background-size":"auto","background-attachment":"scroll","background-type":"","background-media":"","overlay-type":"","overlay-color":"","overlay-opacity":"","overlay-gradient":""},"mobile":{"background-color":"var(--ast-global-color-5)","background-image":"","background-repeat":"repeat","background-position":"center center","background-size":"auto","background-attachment":"scroll","background-type":"","background-media":"","overlay-type":"","overlay-color":"","overlay-opacity":"","overlay-gradient":""}},"footnotes":""},"categories":[517],"tags":[],"class_list":["post-19139","post","type-post","status-publish","format-standard","hentry","category-aconteceu"],"_links":{"self":[{"href":"https:\/\/noticiasnoface.com.br\/index.php\/wp-json\/wp\/v2\/posts\/19139","targetHints":{"allow":["GET"]}}],"collection":[{"href":"https:\/\/noticiasnoface.com.br\/index.php\/wp-json\/wp\/v2\/posts"}],"about":[{"href":"https:\/\/noticiasnoface.com.br\/index.php\/wp-json\/wp\/v2\/types\/post"}],"author":[{"embeddable":true,"href":"https:\/\/noticiasnoface.com.br\/index.php\/wp-json\/wp\/v2\/users\/1"}],"replies":[{"embeddable":true,"href":"https:\/\/noticiasnoface.com.br\/index.php\/wp-json\/wp\/v2\/comments?post=19139"}],"version-history":[{"count":1,"href":"https:\/\/noticiasnoface.com.br\/index.php\/wp-json\/wp\/v2\/posts\/19139\/revisions"}],"predecessor-version":[{"id":19140,"href":"https:\/\/noticiasnoface.com.br\/index.php\/wp-json\/wp\/v2\/posts\/19139\/revisions\/19140"}],"wp:attachment":[{"href":"https:\/\/noticiasnoface.com.br\/index.php\/wp-json\/wp\/v2\/media?parent=19139"}],"wp:term":[{"taxonomy":"category","embeddable":true,"href":"https:\/\/noticiasnoface.com.br\/index.php\/wp-json\/wp\/v2\/categories?post=19139"},{"taxonomy":"post_tag","embeddable":true,"href":"https:\/\/noticiasnoface.com.br\/index.php\/wp-json\/wp\/v2\/tags?post=19139"}],"curies":[{"name":"wp","href":"https:\/\/api.w.org\/{rel}","templated":true}]}}