{"id":19160,"date":"2023-10-02T20:31:19","date_gmt":"2023-10-02T23:31:19","guid":{"rendered":"https:\/\/noticiasnoface.com.br\/?p=19160"},"modified":"2023-10-02T20:31:20","modified_gmt":"2023-10-02T23:31:20","slug":"fortuna-de-faustao-passa-de-1-bilhao-de-reais","status":"publish","type":"post","link":"https:\/\/noticiasnoface.com.br\/index.php\/2023\/10\/02\/fortuna-de-faustao-passa-de-1-bilhao-de-reais\/","title":{"rendered":"Fortuna de Faust\u00e3o passa de 1 bilh\u00e3o de reais"},"content":{"rendered":"\n<figure class=\"wp-block-image size-large\"><img data-opt-id=771117465  fetchpriority=\"high\" decoding=\"async\" width=\"1024\" height=\"983\" src=\"https:\/\/mlbfrsat7ahr.i.optimole.com\/w:1024\/h:983\/q:mauto\/ig:avif\/https:\/\/noticiasnoface.com.br\/wp-content\/uploads\/2023\/10\/photo-output-1-5.jpg\" class=\"wp-image-19159\" srcset=\"https:\/\/mlbfrsat7ahr.i.optimole.com\/w:1024\/h:983\/q:mauto\/ig:avif\/https:\/\/noticiasnoface.com.br\/wp-content\/uploads\/2023\/10\/photo-output-1-5.jpg 1024w, https:\/\/mlbfrsat7ahr.i.optimole.com\/w:300\/h:288\/q:mauto\/ig:avif\/https:\/\/noticiasnoface.com.br\/wp-content\/uploads\/2023\/10\/photo-output-1-5.jpg 300w, https:\/\/mlbfrsat7ahr.i.optimole.com\/w:768\/h:737\/q:mauto\/ig:avif\/https:\/\/noticiasnoface.com.br\/wp-content\/uploads\/2023\/10\/photo-output-1-5.jpg 768w, https:\/\/mlbfrsat7ahr.i.optimole.com\/w:1124\/h:1080\/q:mauto\/ig:avif\/https:\/\/noticiasnoface.com.br\/wp-content\/uploads\/2023\/10\/photo-output-1-5.jpg 1536w, https:\/\/mlbfrsat7ahr.i.optimole.com\/w:1125\/h:1080\/q:mauto\/ig:avif\/https:\/\/noticiasnoface.com.br\/wp-content\/uploads\/2023\/10\/photo-output-1-5.jpg 2048w\" sizes=\"(max-width: 1000px) 100vw, 1000px\" \/><figcaption class=\"wp-element-caption\">O apresentador falou sobre o patrim\u00f4nio de Faust\u00e3o no canal de Andr\u00e9 Piunti no YouTube<br><a href=\"https:\/\/www.otvfoco.com.br\/apos-demissao-da-band-faustao-e-aceito-socio-de-emissora-rival\/\" target=\"_blank\" rel=\"noopener\"><strong>Fausto Silva<\/strong> tem sido, h\u00e1 muito tempo, um dos veteranos mais queridos da televis\u00e3o. Ao longo de mais<\/a> de 40 anos de carreira, <strong>Faust\u00e3o<\/strong> se destacou como um dos apresentadores mais bem pagos do pa\u00eds.<br>No entanto, a fortuna do apresentador pode potencialmente superar o que tem sido especulado nos \u00faltimos anos.<br>O t\u00f3pico sobre a riqueza de <strong>Fausto Silva<\/strong> surgiu durante uma entrevista entre o apresentador <strong>Geraldo Lu\u00eds<\/strong> e <strong>Andr\u00e9 Piunti<\/strong> no YouTube.<br>O ex-funcion\u00e1rio da Record TV discutiu sua pr\u00f3pria situa\u00e7\u00e3o financeira e mencionou que seu colega possui uma fortuna de 10 bilh\u00f5es de reais.<br><br><img data-opt-id=1333470194  fetchpriority=\"high\" decoding=\"async\" src=\"https:\/\/fatosdatv.ig.com.br\/wp-content\/uploads\/2023\/06\/geraldo-luis-insta-_fixed_large.jpg\" alt=\"Geraldo Lu\u00eds (Foto: Reprodu\u00e7\u00e3o\/ Record)\" width=\"990\" height=\"619\" srcset=\"https:\/\/fatosdatv.ig.com.br\/wp-content\/uploads\/2023\/06\/geraldo-luis-insta-_fixed_large.jpg 990w, https:\/\/fatosdatv.ig.com.br\/wp-content\/uploads\/2023\/06\/geraldo-luis-insta-_fixed_large-300x188.jpg 300w, https:\/\/fatosdatv.ig.com.br\/wp-content\/uploads\/2023\/06\/geraldo-luis-insta-_fixed_large-768x480.jpg 768w, https:\/\/fatosdatv.ig.com.br\/wp-content\/uploads\/2023\/06\/geraldo-luis-insta-_fixed_large-860x538.jpg 860w, https:\/\/fatosdatv.ig.com.br\/wp-content\/uploads\/2023\/06\/geraldo-luis-insta-_fixed_large-150x94.jpg 150w\" class=\"extendsBeyondTextColumn\"><br>Geraldo Lu\u00eds (Foto: Reprodu\u00e7\u00e3o\/ Record)<br>Apresentador fala sobre patrim\u00f4nio de Fausto<br><a href=\"https:\/\/www.otvfoco.com.br\/faustao\/\" target=\"_blank\" rel=\"noopener\">Enquanto falava sobre sua pr\u00f3pria situa\u00e7\u00e3o financeira, <strong>Geraldo Lu\u00eds<\/strong> afirmou que ainda<\/a> n\u00e3o tem condi\u00e7\u00f5es de deixar de trabalhar e viver de forma tranquila.<br>Neste momento, o apresentador falou sobre a fortuna de<strong> Fausto Silva,<\/strong> e elogiou o colega de trabalho por continuar trabalhando mesmo com uma condi\u00e7\u00e3o financeira confort\u00e1vel.<br><em>\u201cTranquilidade s\u00f3 tem o Faust\u00e3o com 10 bilh\u00f5es. O Faust\u00e3o com 10 bilh\u00f5es na conta e foi trabalhar. N\u00e3o sossegou! Ele tem 70 anos e 10 bilh\u00f5es na conta\u201c<\/em>, disse<strong> Geraldo<\/strong>.<br>Por outro lado, outra fonte afirma que a fortuna de <strong>Fausto Silva<\/strong> \u00e9 consideravelmente menor, mas de fato ultrapassa a marca do bilh\u00e3o.<br>Contudo, conforme um relat\u00f3rio do colunista do UOL, <strong>Ricardo Feltrin<\/strong>, a riqueza do apresentador chega a 1,1 bilh\u00e3o de reais.<br><a href=\"https:\/\/www.otvfoco.com.br\/faustao-deixa-a-band-com-ma-fama\/\" target=\"_blank\" rel=\"noopener\">De acordo com seu \u00faltimo relat\u00f3rio m\u00e9dico, <strong>Fausto Silva<\/strong> j\u00e1 acabou inclu\u00eddo na lista centralizad<\/a>a de espera por um transplante. O apresentador acabou hospitalizado com um quadro de insufici\u00eancia card\u00edaca que acabou se agravando.<br><br><img data-opt-id=1947660108  data-opt-src=\"https:\/\/fatosdatv.ig.com.br\/wp-content\/uploads\/2022\/11\/250-ari-e-brisa-enfrentarao-muitas-dificuldades-em-seu-romance-1.jpg\"  decoding=\"async\" src=\"data:image/svg+xml,%3Csvg%20viewBox%3D%220%200%20100%%20100%%22%20width%3D%22100%%22%20height%3D%22100%%22%20xmlns%3D%22http%3A%2F%2Fwww.w3.org%2F2000%2Fsvg%22%3E%3Crect%20width%3D%22100%%22%20height%3D%22100%%22%20fill%3D%22transparent%22%2F%3E%3C%2Fsvg%3E\" alt=\"Faust\u00e3o em seu programa na Band. (Foto: Reprodu\u00e7\u00e3o)\" width=\"800\" height=\"450\" old-srcset=\"https:\/\/fatosdatv.ig.com.br\/wp-content\/uploads\/2022\/11\/250-ari-e-brisa-enfrentarao-muitas-dificuldades-em-seu-romance-1.jpg 800w, https:\/\/fatosdatv.ig.com.br\/wp-content\/uploads\/2022\/11\/250-ari-e-brisa-enfrentarao-muitas-dificuldades-em-seu-romance-1-300x169.jpg 300w, https:\/\/fatosdatv.ig.com.br\/wp-content\/uploads\/2022\/11\/250-ari-e-brisa-enfrentarao-muitas-dificuldades-em-seu-romance-1-768x432.jpg 768w, https:\/\/fatosdatv.ig.com.br\/wp-content\/uploads\/2022\/11\/250-ari-e-brisa-enfrentarao-muitas-dificuldades-em-seu-romance-1-150x84.jpg 150w\" class=\"extendsBeyondTextColumn\"><br><\/figcaption><\/figure>\n","protected":false},"excerpt":{"rendered":"","protected":false},"author":1,"featured_media":0,"comment_status":"open","ping_status":"open","sticky":false,"template":"","format":"standard","meta":{"site-sidebar-layout":"default","site-content-layout":"","ast-site-content-layout":"default","site-content-style":"default","site-sidebar-style":"default","ast-global-header-display":"","ast-banner-title-visibility":"","ast-main-header-display":"","ast-hfb-above-header-display":"","ast-hfb-below-header-display":"","ast-hfb-mobile-header-display":"","site-post-title":"","ast-breadcrumbs-content":"","ast-featured-img":"","footer-sml-layout":"","ast-disable-related-posts":"","theme-transparent-header-meta":"","adv-header-id-meta":"","stick-header-meta":"","header-above-stick-meta":"","header-main-stick-meta":"","header-below-stick-meta":"","astra-migrate-meta-layouts":"default","ast-page-background-enabled":"default","ast-page-background-meta":{"desktop":{"background-color":"var(--ast-global-color-4)","background-image":"","background-repeat":"repeat","background-position":"center center","background-size":"auto","background-attachment":"scroll","background-type":"","background-media":"","overlay-type":"","overlay-color":"","overlay-opacity":"","overlay-gradient":""},"tablet":{"background-color":"","background-image":"","background-repeat":"repeat","background-position":"center center","background-size":"auto","background-attachment":"scroll","background-type":"","background-media":"","overlay-type":"","overlay-color":"","overlay-opacity":"","overlay-gradient":""},"mobile":{"background-color":"","background-image":"","background-repeat":"repeat","background-position":"center center","background-size":"auto","background-attachment":"scroll","background-type":"","background-media":"","overlay-type":"","overlay-color":"","overlay-opacity":"","overlay-gradient":""}},"ast-content-background-meta":{"desktop":{"background-color":"var(--ast-global-color-5)","background-image":"","background-repeat":"repeat","background-position":"center center","background-size":"auto","background-attachment":"scroll","background-type":"","background-media":"","overlay-type":"","overlay-color":"","overlay-opacity":"","overlay-gradient":""},"tablet":{"background-color":"var(--ast-global-color-5)","background-image":"","background-repeat":"repeat","background-position":"center center","background-size":"auto","background-attachment":"scroll","background-type":"","background-media":"","overlay-type":"","overlay-color":"","overlay-opacity":"","overlay-gradient":""},"mobile":{"background-color":"var(--ast-global-color-5)","background-image":"","background-repeat":"repeat","background-position":"center center","background-size":"auto","background-attachment":"scroll","background-type":"","background-media":"","overlay-type":"","overlay-color":"","overlay-opacity":"","overlay-gradient":""}},"footnotes":""},"categories":[517],"tags":[],"class_list":["post-19160","post","type-post","status-publish","format-standard","hentry","category-aconteceu"],"_links":{"self":[{"href":"https:\/\/noticiasnoface.com.br\/index.php\/wp-json\/wp\/v2\/posts\/19160","targetHints":{"allow":["GET"]}}],"collection":[{"href":"https:\/\/noticiasnoface.com.br\/index.php\/wp-json\/wp\/v2\/posts"}],"about":[{"href":"https:\/\/noticiasnoface.com.br\/index.php\/wp-json\/wp\/v2\/types\/post"}],"author":[{"embeddable":true,"href":"https:\/\/noticiasnoface.com.br\/index.php\/wp-json\/wp\/v2\/users\/1"}],"replies":[{"embeddable":true,"href":"https:\/\/noticiasnoface.com.br\/index.php\/wp-json\/wp\/v2\/comments?post=19160"}],"version-history":[{"count":1,"href":"https:\/\/noticiasnoface.com.br\/index.php\/wp-json\/wp\/v2\/posts\/19160\/revisions"}],"predecessor-version":[{"id":19161,"href":"https:\/\/noticiasnoface.com.br\/index.php\/wp-json\/wp\/v2\/posts\/19160\/revisions\/19161"}],"wp:attachment":[{"href":"https:\/\/noticiasnoface.com.br\/index.php\/wp-json\/wp\/v2\/media?parent=19160"}],"wp:term":[{"taxonomy":"category","embeddable":true,"href":"https:\/\/noticiasnoface.com.br\/index.php\/wp-json\/wp\/v2\/categories?post=19160"},{"taxonomy":"post_tag","embeddable":true,"href":"https:\/\/noticiasnoface.com.br\/index.php\/wp-json\/wp\/v2\/tags?post=19160"}],"curies":[{"name":"wp","href":"https:\/\/api.w.org\/{rel}","templated":true}]}}