{"id":19187,"date":"2023-10-03T14:12:50","date_gmt":"2023-10-03T17:12:50","guid":{"rendered":"https:\/\/noticiasnoface.com.br\/?p=19187"},"modified":"2023-10-12T22:02:57","modified_gmt":"2023-10-13T01:02:57","slug":"anvisa-manda-suspender-venda-e-recolher-lotes-da-sidra-cereser-sabor-maca","status":"publish","type":"post","link":"https:\/\/noticiasnoface.com.br\/index.php\/2023\/10\/03\/anvisa-manda-suspender-venda-e-recolher-lotes-da-sidra-cereser-sabor-maca\/","title":{"rendered":"Comiss\u00e3o de Justi\u00e7a mant\u00e9m projeto para cria\u00e7\u00e3o de consult\u00f3rios de rua"},"content":{"rendered":"\n<figure class=\"wp-block-image size-large\"><img data-opt-id=1320661699  fetchpriority=\"high\" decoding=\"async\" width=\"300\" height=\"216\" src=\"https:\/\/mlbfrsat7ahr.i.optimole.com\/w:300\/h:216\/q:mauto\/ig:avif\/https:\/\/noticiasnoface.com.br\/wp-content\/uploads\/2023\/10\/img_2924-1.jpg\" alt=\"\" class=\"wp-image-19326\" srcset=\"https:\/\/mlbfrsat7ahr.i.optimole.com\/w:300\/h:216\/q:mauto\/ig:avif\/https:\/\/noticiasnoface.com.br\/wp-content\/uploads\/2023\/10\/img_2924-1.jpg 300w, https:\/\/mlbfrsat7ahr.i.optimole.com\/w:768\/h:553\/q:mauto\/ig:avif\/https:\/\/noticiasnoface.com.br\/wp-content\/uploads\/2023\/10\/img_2924-1.jpg 768w, https:\/\/mlbfrsat7ahr.i.optimole.com\/w:960\/h:691\/q:mauto\/ig:avif\/https:\/\/noticiasnoface.com.br\/wp-content\/uploads\/2023\/10\/img_2924-1.jpg 960w\" sizes=\"(max-width: 300px) 100vw, 300px\" \/><figcaption class=\"wp-element-caption\">Os vereadores da Comiss\u00e3o de Legisla\u00e7\u00e3o, Justi\u00e7a e Reda\u00e7\u00e3o Final da C\u00e2mara Municipal de Natal apreciaram, em reuni\u00e3o nesta segunda-feira (9), 73 mat\u00e9rias e, dentre essas, decidiram manter a legalidade do projeto de Lei n\u00ba 020\/2020, que disp\u00f5e sobre a implementa\u00e7\u00e3o dos consult\u00f3rios de rua no munic\u00edpio, derrubando, assim, veto do Executivo Municipal a essa mat\u00e9ria.<br \/>A autora da proposta, vereadora Nina Souza (PDT), explicou a necessidade da medida ser posta em pr\u00e1tica. &#8220;N\u00e3o existe pol\u00edtica p\u00fablica pra acolher as pessoas que est\u00e3o em vulnerabilidade extrema, nem para mudar sua situa\u00e7\u00e3o. Ent\u00e3o, os consult\u00f3rios seriam itinerantes, podendo atender as quatro regi\u00f5es da cidade, de forma barata, com as estruturas que a Prefeitura j\u00e1 disp\u00f5e e dando o m\u00ednimo de dignidade a essas pessoas&#8221;, disse a vereadora, que preside a comiss\u00e3o.<br \/>Ao longo da reuni\u00e3o, foram aprovados projetos sobre as diferentes tem\u00e1ticas da administra\u00e7\u00e3o p\u00fablica, como o PL n\u00b0 297\/2023, do vereador Hermes C\u00e2mara (PSDB), que cria a Campanha Municipal de Preven\u00e7\u00e3o e combate ao turismo sexual de crian\u00e7as e adolescentes; PL n\u00b0 49\/2022, de autoria do vereador Milklei Leite (PV), que prev\u00ea a substitui\u00e7\u00e3o gradativa das l\u00e2mpadas de vapor met\u00e1lico, de s\u00f3dio e merc\u00fario utilizadas na rede de ilumina\u00e7\u00e3o p\u00fablica municipal por l\u00e2mpadas de LED; e o PL n\u00b0 252\/2023, de autoria do vereador Bispo Francisco (PRB), que institui a Semana de Combate aos Crimes Cibern\u00e9ticos.<br \/>Outra mat\u00e9ria que levantou discuss\u00f5es foi proposta pelo vereador Preto Aquino (PSD), para que o cargo de conselheiro tutelar n\u00e3o seja de dedica\u00e7\u00e3o exclusiva, podendo o conselheiro acumular a fun\u00e7\u00e3o com outro cargo, emprego ou fun\u00e7\u00e3o p\u00fablica, desde que n\u00e3o sejam cargos em comiss\u00e3o ou eletivo. &#8220;N\u00e3o faz sentido o conselheiro tutelar, que recebe um baixo sal\u00e1rio, ser obrigado a ter dedica\u00e7\u00e3o exclusiva, desde que n\u00e3o interfira no trabalho do conselho. N\u00e3o vejo impossibilidade disso e por isso vamos discutir em plen\u00e1rio&#8221;, destacou o autor.<br \/>A vereadora Camila Ara\u00fajo (Uni\u00e3o Brasil) e os vereadores Kleber Fernandes (PSDB), Klaus Ara\u00fajo (PSDB) e Raniere Barbosa (Sem Partido) tamb\u00e9m participaram da reuni\u00e3o.<br \/>Texto: Cl\u00e1udio Oliveira<br \/>Fotos: Francisco de Assis<\/figcaption><\/figure>\n","protected":false},"excerpt":{"rendered":"","protected":false},"author":1,"featured_media":0,"comment_status":"open","ping_status":"open","sticky":false,"template":"","format":"standard","meta":{"site-sidebar-layout":"default","site-content-layout":"","ast-site-content-layout":"default","site-content-style":"default","site-sidebar-style":"default","ast-global-header-display":"","ast-banner-title-visibility":"","ast-main-header-display":"","ast-hfb-above-header-display":"","ast-hfb-below-header-display":"","ast-hfb-mobile-header-display":"","site-post-title":"","ast-breadcrumbs-content":"","ast-featured-img":"","footer-sml-layout":"","ast-disable-related-posts":"","theme-transparent-header-meta":"","adv-header-id-meta":"","stick-header-meta":"","header-above-stick-meta":"","header-main-stick-meta":"","header-below-stick-meta":"","astra-migrate-meta-layouts":"default","ast-page-background-enabled":"default","ast-page-background-meta":{"desktop":{"background-color":"var(--ast-global-color-4)","background-image":"","background-repeat":"repeat","background-position":"center center","background-size":"auto","background-attachment":"scroll","background-type":"","background-media":"","overlay-type":"","overlay-color":"","overlay-opacity":"","overlay-gradient":""},"tablet":{"background-color":"","background-image":"","background-repeat":"repeat","background-position":"center center","background-size":"auto","background-attachment":"scroll","background-type":"","background-media":"","overlay-type":"","overlay-color":"","overlay-opacity":"","overlay-gradient":""},"mobile":{"background-color":"","background-image":"","background-repeat":"repeat","background-position":"center center","background-size":"auto","background-attachment":"scroll","background-type":"","background-media":"","overlay-type":"","overlay-color":"","overlay-opacity":"","overlay-gradient":""}},"ast-content-background-meta":{"desktop":{"background-color":"var(--ast-global-color-5)","background-image":"","background-repeat":"repeat","background-position":"center center","background-size":"auto","background-attachment":"scroll","background-type":"","background-media":"","overlay-type":"","overlay-color":"","overlay-opacity":"","overlay-gradient":""},"tablet":{"background-color":"var(--ast-global-color-5)","background-image":"","background-repeat":"repeat","background-position":"center center","background-size":"auto","background-attachment":"scroll","background-type":"","background-media":"","overlay-type":"","overlay-color":"","overlay-opacity":"","overlay-gradient":""},"mobile":{"background-color":"var(--ast-global-color-5)","background-image":"","background-repeat":"repeat","background-position":"center center","background-size":"auto","background-attachment":"scroll","background-type":"","background-media":"","overlay-type":"","overlay-color":"","overlay-opacity":"","overlay-gradient":""}},"footnotes":""},"categories":[517],"tags":[],"class_list":["post-19187","post","type-post","status-publish","format-standard","hentry","category-aconteceu"],"_links":{"self":[{"href":"https:\/\/noticiasnoface.com.br\/index.php\/wp-json\/wp\/v2\/posts\/19187","targetHints":{"allow":["GET"]}}],"collection":[{"href":"https:\/\/noticiasnoface.com.br\/index.php\/wp-json\/wp\/v2\/posts"}],"about":[{"href":"https:\/\/noticiasnoface.com.br\/index.php\/wp-json\/wp\/v2\/types\/post"}],"author":[{"embeddable":true,"href":"https:\/\/noticiasnoface.com.br\/index.php\/wp-json\/wp\/v2\/users\/1"}],"replies":[{"embeddable":true,"href":"https:\/\/noticiasnoface.com.br\/index.php\/wp-json\/wp\/v2\/comments?post=19187"}],"version-history":[{"count":3,"href":"https:\/\/noticiasnoface.com.br\/index.php\/wp-json\/wp\/v2\/posts\/19187\/revisions"}],"predecessor-version":[{"id":19328,"href":"https:\/\/noticiasnoface.com.br\/index.php\/wp-json\/wp\/v2\/posts\/19187\/revisions\/19328"}],"wp:attachment":[{"href":"https:\/\/noticiasnoface.com.br\/index.php\/wp-json\/wp\/v2\/media?parent=19187"}],"wp:term":[{"taxonomy":"category","embeddable":true,"href":"https:\/\/noticiasnoface.com.br\/index.php\/wp-json\/wp\/v2\/categories?post=19187"},{"taxonomy":"post_tag","embeddable":true,"href":"https:\/\/noticiasnoface.com.br\/index.php\/wp-json\/wp\/v2\/tags?post=19187"}],"curies":[{"name":"wp","href":"https:\/\/api.w.org\/{rel}","templated":true}]}}