{"id":19189,"date":"2023-10-03T19:55:51","date_gmt":"2023-10-03T22:55:51","guid":{"rendered":"https:\/\/noticiasnoface.com.br\/?p=19189"},"modified":"2023-10-03T19:55:52","modified_gmt":"2023-10-03T22:55:52","slug":"projeto-de-styvenson-que-proibe-exigencia-de-contribuicao-sindical-e-aprovado","status":"publish","type":"post","link":"https:\/\/noticiasnoface.com.br\/index.php\/2023\/10\/03\/projeto-de-styvenson-que-proibe-exigencia-de-contribuicao-sindical-e-aprovado\/","title":{"rendered":"Projeto de Styvenson que pro\u00edbe exig\u00eancia de contribui\u00e7\u00e3o sindical \u00e9 APROVADO"},"content":{"rendered":"\n<figure class=\"wp-block-image size-large\"><img data-opt-id=387561693  fetchpriority=\"high\" decoding=\"async\" width=\"2048\" height=\"1552\" src=\"https:\/\/mlbfrsat7ahr.i.optimole.com\/w:auto\/h:auto\/q:mauto\/ig:avif\/https:\/\/noticiasnoface.com.br\/wp-content\/uploads\/2023\/09\/photo-output-26.png\" alt=\"\" class=\"wp-image-18887\" srcset=\"https:\/\/mlbfrsat7ahr.i.optimole.com\/w:1425\/h:1080\/q:mauto\/ig:avif\/https:\/\/noticiasnoface.com.br\/wp-content\/uploads\/2023\/09\/photo-output-26.png 2048w, https:\/\/mlbfrsat7ahr.i.optimole.com\/w:300\/h:227\/q:mauto\/ig:avif\/https:\/\/noticiasnoface.com.br\/wp-content\/uploads\/2023\/09\/photo-output-26.png 300w, https:\/\/mlbfrsat7ahr.i.optimole.com\/w:1024\/h:776\/q:mauto\/ig:avif\/https:\/\/noticiasnoface.com.br\/wp-content\/uploads\/2023\/09\/photo-output-26.png 1024w, https:\/\/mlbfrsat7ahr.i.optimole.com\/w:768\/h:582\/q:mauto\/ig:avif\/https:\/\/noticiasnoface.com.br\/wp-content\/uploads\/2023\/09\/photo-output-26.png 768w, https:\/\/mlbfrsat7ahr.i.optimole.com\/w:1425\/h:1080\/q:mauto\/ig:avif\/https:\/\/noticiasnoface.com.br\/wp-content\/uploads\/2023\/09\/photo-output-26.png 1536w\" sizes=\"(max-width: 1000px) 100vw, 1000px\" \/><figcaption class=\"wp-element-caption\"><br>VIT\u00d3RIA DO SENADOR STYVENSON \ud83c\udfc6<br>\ud83c\udf1fA Comiss\u00e3o de Assuntos Econ\u00f4micos (CAE) aprovou, na manh\u00e3 desta ter\u00e7a-feira (3\/10), o projeto de lei do @senadorstyvensonvalentim que pro\u00edbe a exig\u00eancia da contribui\u00e7\u00e3o sindical. A proposta defende que os trabalhadores devem ser livres para escolher se querem contribuir com os sindicatos que representam as suas categorias, ou n\u00e3o. Uma vit\u00f3ria para todos os trabalhadores brasileiros! \ud83d\udc4f\ud83d\udc4f\ud83d\udc4f Espalhe a boa not\u00edcia!<br><\/figcaption><\/figure>\n","protected":false},"excerpt":{"rendered":"","protected":false},"author":1,"featured_media":0,"comment_status":"open","ping_status":"open","sticky":false,"template":"","format":"standard","meta":{"site-sidebar-layout":"default","site-content-layout":"","ast-site-content-layout":"default","site-content-style":"default","site-sidebar-style":"default","ast-global-header-display":"","ast-banner-title-visibility":"","ast-main-header-display":"","ast-hfb-above-header-display":"","ast-hfb-below-header-display":"","ast-hfb-mobile-header-display":"","site-post-title":"","ast-breadcrumbs-content":"","ast-featured-img":"","footer-sml-layout":"","ast-disable-related-posts":"","theme-transparent-header-meta":"","adv-header-id-meta":"","stick-header-meta":"","header-above-stick-meta":"","header-main-stick-meta":"","header-below-stick-meta":"","astra-migrate-meta-layouts":"default","ast-page-background-enabled":"default","ast-page-background-meta":{"desktop":{"background-color":"var(--ast-global-color-4)","background-image":"","background-repeat":"repeat","background-position":"center center","background-size":"auto","background-attachment":"scroll","background-type":"","background-media":"","overlay-type":"","overlay-color":"","overlay-opacity":"","overlay-gradient":""},"tablet":{"background-color":"","background-image":"","background-repeat":"repeat","background-position":"center center","background-size":"auto","background-attachment":"scroll","background-type":"","background-media":"","overlay-type":"","overlay-color":"","overlay-opacity":"","overlay-gradient":""},"mobile":{"background-color":"","background-image":"","background-repeat":"repeat","background-position":"center center","background-size":"auto","background-attachment":"scroll","background-type":"","background-media":"","overlay-type":"","overlay-color":"","overlay-opacity":"","overlay-gradient":""}},"ast-content-background-meta":{"desktop":{"background-color":"var(--ast-global-color-5)","background-image":"","background-repeat":"repeat","background-position":"center center","background-size":"auto","background-attachment":"scroll","background-type":"","background-media":"","overlay-type":"","overlay-color":"","overlay-opacity":"","overlay-gradient":""},"tablet":{"background-color":"var(--ast-global-color-5)","background-image":"","background-repeat":"repeat","background-position":"center center","background-size":"auto","background-attachment":"scroll","background-type":"","background-media":"","overlay-type":"","overlay-color":"","overlay-opacity":"","overlay-gradient":""},"mobile":{"background-color":"var(--ast-global-color-5)","background-image":"","background-repeat":"repeat","background-position":"center center","background-size":"auto","background-attachment":"scroll","background-type":"","background-media":"","overlay-type":"","overlay-color":"","overlay-opacity":"","overlay-gradient":""}},"footnotes":""},"categories":[186],"tags":[],"class_list":["post-19189","post","type-post","status-publish","format-standard","hentry","category-senado-federal"],"_links":{"self":[{"href":"https:\/\/noticiasnoface.com.br\/index.php\/wp-json\/wp\/v2\/posts\/19189","targetHints":{"allow":["GET"]}}],"collection":[{"href":"https:\/\/noticiasnoface.com.br\/index.php\/wp-json\/wp\/v2\/posts"}],"about":[{"href":"https:\/\/noticiasnoface.com.br\/index.php\/wp-json\/wp\/v2\/types\/post"}],"author":[{"embeddable":true,"href":"https:\/\/noticiasnoface.com.br\/index.php\/wp-json\/wp\/v2\/users\/1"}],"replies":[{"embeddable":true,"href":"https:\/\/noticiasnoface.com.br\/index.php\/wp-json\/wp\/v2\/comments?post=19189"}],"version-history":[{"count":1,"href":"https:\/\/noticiasnoface.com.br\/index.php\/wp-json\/wp\/v2\/posts\/19189\/revisions"}],"predecessor-version":[{"id":19190,"href":"https:\/\/noticiasnoface.com.br\/index.php\/wp-json\/wp\/v2\/posts\/19189\/revisions\/19190"}],"wp:attachment":[{"href":"https:\/\/noticiasnoface.com.br\/index.php\/wp-json\/wp\/v2\/media?parent=19189"}],"wp:term":[{"taxonomy":"category","embeddable":true,"href":"https:\/\/noticiasnoface.com.br\/index.php\/wp-json\/wp\/v2\/categories?post=19189"},{"taxonomy":"post_tag","embeddable":true,"href":"https:\/\/noticiasnoface.com.br\/index.php\/wp-json\/wp\/v2\/tags?post=19189"}],"curies":[{"name":"wp","href":"https:\/\/api.w.org\/{rel}","templated":true}]}}