{"id":19214,"date":"2023-10-05T12:56:11","date_gmt":"2023-10-05T15:56:11","guid":{"rendered":"https:\/\/noticiasnoface.com.br\/?p=19214"},"modified":"2023-10-05T12:56:12","modified_gmt":"2023-10-05T15:56:12","slug":"sargento-goncalves-exige-esclarecimentos-ao-ministro-da-defesa-apos-oficio-que-prejudica-os-policiais-e-bombeiros-militares","status":"publish","type":"post","link":"https:\/\/noticiasnoface.com.br\/index.php\/2023\/10\/05\/sargento-goncalves-exige-esclarecimentos-ao-ministro-da-defesa-apos-oficio-que-prejudica-os-policiais-e-bombeiros-militares\/","title":{"rendered":"Sargento Gon\u00e7alves exige esclarecimentos ao Ministro da Defesa ap\u00f3s Of\u00edcio que prejudica os Policiais e Bombeiros Militares"},"content":{"rendered":"\n<figure class=\"wp-block-image size-large\"><img data-opt-id=968356046  fetchpriority=\"high\" decoding=\"async\" width=\"1024\" height=\"691\" src=\"https:\/\/mlbfrsat7ahr.i.optimole.com\/w:1024\/h:691\/q:mauto\/ig:avif\/https:\/\/noticiasnoface.com.br\/wp-content\/uploads\/2023\/10\/bc08b6bb-621c-42a2-b1e3-b64683bc6db4-1.jpg\" class=\"wp-image-19213\" srcset=\"https:\/\/mlbfrsat7ahr.i.optimole.com\/w:1024\/h:691\/q:mauto\/ig:avif\/https:\/\/noticiasnoface.com.br\/wp-content\/uploads\/2023\/10\/bc08b6bb-621c-42a2-b1e3-b64683bc6db4-1.jpg 1024w, https:\/\/mlbfrsat7ahr.i.optimole.com\/w:300\/h:202\/q:mauto\/ig:avif\/https:\/\/noticiasnoface.com.br\/wp-content\/uploads\/2023\/10\/bc08b6bb-621c-42a2-b1e3-b64683bc6db4-1.jpg 300w, https:\/\/mlbfrsat7ahr.i.optimole.com\/w:768\/h:518\/q:mauto\/ig:avif\/https:\/\/noticiasnoface.com.br\/wp-content\/uploads\/2023\/10\/bc08b6bb-621c-42a2-b1e3-b64683bc6db4-1.jpg 768w, https:\/\/mlbfrsat7ahr.i.optimole.com\/w:1286\/h:868\/q:mauto\/ig:avif\/https:\/\/noticiasnoface.com.br\/wp-content\/uploads\/2023\/10\/bc08b6bb-621c-42a2-b1e3-b64683bc6db4-1.jpg 1286w\" sizes=\"(max-width: 1000px) 100vw, 1000px\" \/><figcaption class=\"wp-element-caption\"><em>Sargento Gon\u00e7alves exige esclarecimentos ao Ministro da Defesa ap\u00f3s Of\u00edcio que prejudica os Policiais e Bombeiros Militares<\/em><br><em>Sargento Gon\u00e7alves protocola Requerimento de Informa\u00e7\u00e3o Constitucional na C\u00e2mara Federal, solicitando esclarecimentos do Ministro da Defesa sobre a suspens\u00e3o de autoriza\u00e7\u00f5es para aquisi\u00e7\u00e3o de porte de armas e muni\u00e7\u00f5es.<\/em><br>Uma situa\u00e7\u00e3o que vem revoltando os policiais militares e bombeiros militares \u00e9 a suspens\u00e3o de autoriza\u00e7\u00f5es para aquisi\u00e7\u00e3o de porte de armas e muni\u00e7\u00f5es.<br>O Comando do Ex\u00e9rcito Brasileiro, atrav\u00e9s de Of\u00edcio encaminhado ao Comandante da Policia Militar do RN, Cel. PM Alarico Jos\u00e9 Pessoa Azev\u00eado J\u00fanior, determinou que fosse suspenso as autoriza\u00e7\u00f5es para aquisi\u00e7\u00e3o e transfer\u00eancia de arma de fogo de uso permitido e restrito, para policiais militares\/bombeiros militares.<br>Diante dessa determina\u00e7\u00e3o, o deputado federal Sargento Gon\u00e7alves, requereu a C\u00e2mara Federal o encaminhamento de RIC &#8211; Requerimento de informa\u00e7\u00e3o Constitucional ao Ministro da Defesa, solicitando os motivos que ensejaram tal decis\u00e3o, para buscar juntamente ao Congresso, medidas que acelerem o t\u00e9rmino dessa suspens\u00e3o e resolva essa situa\u00e7\u00e3o, que coloca em risco a vida de dezenas de policiais.<br>Em suas redes sociais, disse: \u201cTivemos a preocupa\u00e7\u00e3o porque sabemos da necessidade do policial poder ter o direito \u00e0 leg\u00edtima defesa, que \u00e9 o policial poder portar sua arma de fogo para proteger sua vida e at\u00e9 de terceiros.\u201d<br>\u00c9 importante ressaltar que diante da eleva\u00e7\u00e3o da criminalidade em todo o estado, policiais militares est\u00e3o sendo mortos por fac\u00e7\u00f5es criminosas.<br>O porte de arma para policiais\/bombeiros militares desempenha um papel crucial na seguran\u00e7a p\u00fablica. Esse direito se baseia na necessidade de permitir que os agentes da lei possam efetivamente cumprir suas fun\u00e7\u00f5es de proteger a sociedade e manter a ordem, enfrentando os desafios espec\u00edficos associados \u00e0 criminalidade intensa.<br>O Requerimento j\u00e1 foi encaminhado ao Ministro da Defesa, via C\u00e2mara Federal e agora, aguarda uma resposta para tomada das devidas provid\u00eancias.<\/figcaption><\/figure>\n","protected":false},"excerpt":{"rendered":"","protected":false},"author":1,"featured_media":0,"comment_status":"open","ping_status":"open","sticky":false,"template":"","format":"standard","meta":{"site-sidebar-layout":"default","site-content-layout":"","ast-site-content-layout":"default","site-content-style":"default","site-sidebar-style":"default","ast-global-header-display":"","ast-banner-title-visibility":"","ast-main-header-display":"","ast-hfb-above-header-display":"","ast-hfb-below-header-display":"","ast-hfb-mobile-header-display":"","site-post-title":"","ast-breadcrumbs-content":"","ast-featured-img":"","footer-sml-layout":"","ast-disable-related-posts":"","theme-transparent-header-meta":"","adv-header-id-meta":"","stick-header-meta":"","header-above-stick-meta":"","header-main-stick-meta":"","header-below-stick-meta":"","astra-migrate-meta-layouts":"default","ast-page-background-enabled":"default","ast-page-background-meta":{"desktop":{"background-color":"var(--ast-global-color-4)","background-image":"","background-repeat":"repeat","background-position":"center center","background-size":"auto","background-attachment":"scroll","background-type":"","background-media":"","overlay-type":"","overlay-color":"","overlay-opacity":"","overlay-gradient":""},"tablet":{"background-color":"","background-image":"","background-repeat":"repeat","background-position":"center center","background-size":"auto","background-attachment":"scroll","background-type":"","background-media":"","overlay-type":"","overlay-color":"","overlay-opacity":"","overlay-gradient":""},"mobile":{"background-color":"","background-image":"","background-repeat":"repeat","background-position":"center center","background-size":"auto","background-attachment":"scroll","background-type":"","background-media":"","overlay-type":"","overlay-color":"","overlay-opacity":"","overlay-gradient":""}},"ast-content-background-meta":{"desktop":{"background-color":"var(--ast-global-color-5)","background-image":"","background-repeat":"repeat","background-position":"center center","background-size":"auto","background-attachment":"scroll","background-type":"","background-media":"","overlay-type":"","overlay-color":"","overlay-opacity":"","overlay-gradient":""},"tablet":{"background-color":"var(--ast-global-color-5)","background-image":"","background-repeat":"repeat","background-position":"center center","background-size":"auto","background-attachment":"scroll","background-type":"","background-media":"","overlay-type":"","overlay-color":"","overlay-opacity":"","overlay-gradient":""},"mobile":{"background-color":"var(--ast-global-color-5)","background-image":"","background-repeat":"repeat","background-position":"center center","background-size":"auto","background-attachment":"scroll","background-type":"","background-media":"","overlay-type":"","overlay-color":"","overlay-opacity":"","overlay-gradient":""}},"footnotes":""},"categories":[408],"tags":[],"class_list":["post-19214","post","type-post","status-publish","format-standard","hentry","category-congresso-nacional"],"_links":{"self":[{"href":"https:\/\/noticiasnoface.com.br\/index.php\/wp-json\/wp\/v2\/posts\/19214","targetHints":{"allow":["GET"]}}],"collection":[{"href":"https:\/\/noticiasnoface.com.br\/index.php\/wp-json\/wp\/v2\/posts"}],"about":[{"href":"https:\/\/noticiasnoface.com.br\/index.php\/wp-json\/wp\/v2\/types\/post"}],"author":[{"embeddable":true,"href":"https:\/\/noticiasnoface.com.br\/index.php\/wp-json\/wp\/v2\/users\/1"}],"replies":[{"embeddable":true,"href":"https:\/\/noticiasnoface.com.br\/index.php\/wp-json\/wp\/v2\/comments?post=19214"}],"version-history":[{"count":1,"href":"https:\/\/noticiasnoface.com.br\/index.php\/wp-json\/wp\/v2\/posts\/19214\/revisions"}],"predecessor-version":[{"id":19215,"href":"https:\/\/noticiasnoface.com.br\/index.php\/wp-json\/wp\/v2\/posts\/19214\/revisions\/19215"}],"wp:attachment":[{"href":"https:\/\/noticiasnoface.com.br\/index.php\/wp-json\/wp\/v2\/media?parent=19214"}],"wp:term":[{"taxonomy":"category","embeddable":true,"href":"https:\/\/noticiasnoface.com.br\/index.php\/wp-json\/wp\/v2\/categories?post=19214"},{"taxonomy":"post_tag","embeddable":true,"href":"https:\/\/noticiasnoface.com.br\/index.php\/wp-json\/wp\/v2\/tags?post=19214"}],"curies":[{"name":"wp","href":"https:\/\/api.w.org\/{rel}","templated":true}]}}