{"id":19217,"date":"2023-10-05T23:11:53","date_gmt":"2023-10-06T02:11:53","guid":{"rendered":"https:\/\/noticiasnoface.com.br\/?p=19217"},"modified":"2023-10-05T23:11:54","modified_gmt":"2023-10-06T02:11:54","slug":"idosos-assumem-lugar-de-vereadores-na-sessao-solene-do-dia-do-idoso","status":"publish","type":"post","link":"https:\/\/noticiasnoface.com.br\/index.php\/2023\/10\/05\/idosos-assumem-lugar-de-vereadores-na-sessao-solene-do-dia-do-idoso\/","title":{"rendered":"Idosos assumem lugar de vereadores na Sess\u00e3o Solene do Dia do Idoso"},"content":{"rendered":"\n<ul class=\"wp-block-list\">\n<li><\/li>\n<\/ul>\n\n\n\n<figure class=\"wp-block-image size-large\"><img data-opt-id=1423423473  fetchpriority=\"high\" decoding=\"async\" width=\"1024\" height=\"546\" src=\"https:\/\/mlbfrsat7ahr.i.optimole.com\/w:1024\/h:546\/q:mauto\/ig:avif\/https:\/\/noticiasnoface.com.br\/wp-content\/uploads\/2023\/10\/img_2659-1.jpg\" class=\"wp-image-19216\" srcset=\"https:\/\/mlbfrsat7ahr.i.optimole.com\/w:1024\/h:546\/q:mauto\/ig:avif\/https:\/\/noticiasnoface.com.br\/wp-content\/uploads\/2023\/10\/img_2659-1.jpg 1024w, https:\/\/mlbfrsat7ahr.i.optimole.com\/w:300\/h:160\/q:mauto\/ig:avif\/https:\/\/noticiasnoface.com.br\/wp-content\/uploads\/2023\/10\/img_2659-1.jpg 300w, https:\/\/mlbfrsat7ahr.i.optimole.com\/w:768\/h:410\/q:mauto\/ig:avif\/https:\/\/noticiasnoface.com.br\/wp-content\/uploads\/2023\/10\/img_2659-1.jpg 768w, https:\/\/mlbfrsat7ahr.i.optimole.com\/w:1110\/h:592\/q:mauto\/ig:avif\/https:\/\/noticiasnoface.com.br\/wp-content\/uploads\/2023\/10\/img_2659-1.jpg 1110w\" sizes=\"(max-width: 1000px) 100vw, 1000px\" \/><figcaption class=\"wp-element-caption\">Em alus\u00e3o ao Dia do Idoso, a C\u00e2mara Municipal de Parnamirim realizou uma tarde de homenagens \u00e0 pessoa idosa. Na quarta-feira (04), a Sess\u00e3o Solene \u201cVereador Idoso Por um Dia\u201d, de proposi\u00e7\u00e3o do vereador Thiago Fernandes (SD), convidou 18 idosos para assumir as cadeiras do Plen\u00e1rio Dr. M\u00e1rio Medeiros e desempenhar a fun\u00e7\u00e3o de vereador por uma tarde.<br>Al\u00e9m da entrega de honrarias aos homenageados e da participa\u00e7\u00e3o do Coral Vozes das Semas, discuss\u00f5es sobre pautas importantes para a popula\u00e7\u00e3o da terceira idade fizeram parte da Sess\u00e3o. <br>O ex-vereador de Parnamirim Samuel Fernandes usou a tribuna para agradecer em nome de todos os homenageados. \u201cPra mim \u00e9 uma honra estar aqui neste momento solene. O momento \u00e9 especial para mim e para todos os convidados pois estamos colhendo o que plantamos no passado. Estou muito feliz, lisonjeado e agradecido\u201d, ressaltou.<br>Marcia Vieira de Alencar Caldas, vice-presidente do Conselho Estadual dos Direitos da Pessoa Idosa, falou sobre a import\u00e2ncia do evento. \u201c\u00c9 muito importante trazer o protagonismo da pessoa idosa. Que os idosos sintam a vontade de ocupar o espa\u00e7o de participa\u00e7\u00e3o e contribui\u00e7\u00e3o dentro das pol\u00edticas p\u00fablicas do munic\u00edpio. \u00c9 uma grande oportunidade para trazer as necessidades e dificuldades de vivenciar a idade avan\u00e7ada\u201d, afirmou. <br>A solenidade foi encerrada pelo vereador e propositor da sess\u00e3o, Thiago Fernandes, que ressaltou a import\u00e2ncia da valoriza\u00e7\u00e3o da pessoa da terceira idade. \u201cA lei do Estatuto da Pessoa Idosa completou 20 anos este ano. Gra\u00e7as a lei, o Brasil avan\u00e7ou consideravelmente na prote\u00e7\u00e3o das pessoas mais velhas. Por causa da lei, a velhice deixou de ser vista como doen\u00e7a e se transformou no direito de personalidade. Neste momento, vemos a pessoa idosa sair da invisibilidade. Saibam que os protagonistas hoje s\u00e3o todos voc\u00eas, parab\u00e9ns e que possamos comemorar esta data por muitos outros anos\u201d, declarou. <br><small class=\"cmp-noticia-content-credit\">Fonte: Malu Machado &#8211; Ascom\/CMP<\/small><\/figcaption><\/figure>\n","protected":false},"excerpt":{"rendered":"","protected":false},"author":1,"featured_media":0,"comment_status":"open","ping_status":"open","sticky":false,"template":"","format":"standard","meta":{"site-sidebar-layout":"default","site-content-layout":"","ast-site-content-layout":"default","site-content-style":"default","site-sidebar-style":"default","ast-global-header-display":"","ast-banner-title-visibility":"","ast-main-header-display":"","ast-hfb-above-header-display":"","ast-hfb-below-header-display":"","ast-hfb-mobile-header-display":"","site-post-title":"","ast-breadcrumbs-content":"","ast-featured-img":"","footer-sml-layout":"","ast-disable-related-posts":"","theme-transparent-header-meta":"","adv-header-id-meta":"","stick-header-meta":"","header-above-stick-meta":"","header-main-stick-meta":"","header-below-stick-meta":"","astra-migrate-meta-layouts":"default","ast-page-background-enabled":"default","ast-page-background-meta":{"desktop":{"background-color":"var(--ast-global-color-4)","background-image":"","background-repeat":"repeat","background-position":"center center","background-size":"auto","background-attachment":"scroll","background-type":"","background-media":"","overlay-type":"","overlay-color":"","overlay-opacity":"","overlay-gradient":""},"tablet":{"background-color":"","background-image":"","background-repeat":"repeat","background-position":"center center","background-size":"auto","background-attachment":"scroll","background-type":"","background-media":"","overlay-type":"","overlay-color":"","overlay-opacity":"","overlay-gradient":""},"mobile":{"background-color":"","background-image":"","background-repeat":"repeat","background-position":"center center","background-size":"auto","background-attachment":"scroll","background-type":"","background-media":"","overlay-type":"","overlay-color":"","overlay-opacity":"","overlay-gradient":""}},"ast-content-background-meta":{"desktop":{"background-color":"var(--ast-global-color-5)","background-image":"","background-repeat":"repeat","background-position":"center center","background-size":"auto","background-attachment":"scroll","background-type":"","background-media":"","overlay-type":"","overlay-color":"","overlay-opacity":"","overlay-gradient":""},"tablet":{"background-color":"var(--ast-global-color-5)","background-image":"","background-repeat":"repeat","background-position":"center center","background-size":"auto","background-attachment":"scroll","background-type":"","background-media":"","overlay-type":"","overlay-color":"","overlay-opacity":"","overlay-gradient":""},"mobile":{"background-color":"var(--ast-global-color-5)","background-image":"","background-repeat":"repeat","background-position":"center center","background-size":"auto","background-attachment":"scroll","background-type":"","background-media":"","overlay-type":"","overlay-color":"","overlay-opacity":"","overlay-gradient":""}},"footnotes":""},"categories":[517],"tags":[],"class_list":["post-19217","post","type-post","status-publish","format-standard","hentry","category-aconteceu"],"_links":{"self":[{"href":"https:\/\/noticiasnoface.com.br\/index.php\/wp-json\/wp\/v2\/posts\/19217","targetHints":{"allow":["GET"]}}],"collection":[{"href":"https:\/\/noticiasnoface.com.br\/index.php\/wp-json\/wp\/v2\/posts"}],"about":[{"href":"https:\/\/noticiasnoface.com.br\/index.php\/wp-json\/wp\/v2\/types\/post"}],"author":[{"embeddable":true,"href":"https:\/\/noticiasnoface.com.br\/index.php\/wp-json\/wp\/v2\/users\/1"}],"replies":[{"embeddable":true,"href":"https:\/\/noticiasnoface.com.br\/index.php\/wp-json\/wp\/v2\/comments?post=19217"}],"version-history":[{"count":1,"href":"https:\/\/noticiasnoface.com.br\/index.php\/wp-json\/wp\/v2\/posts\/19217\/revisions"}],"predecessor-version":[{"id":19218,"href":"https:\/\/noticiasnoface.com.br\/index.php\/wp-json\/wp\/v2\/posts\/19217\/revisions\/19218"}],"wp:attachment":[{"href":"https:\/\/noticiasnoface.com.br\/index.php\/wp-json\/wp\/v2\/media?parent=19217"}],"wp:term":[{"taxonomy":"category","embeddable":true,"href":"https:\/\/noticiasnoface.com.br\/index.php\/wp-json\/wp\/v2\/categories?post=19217"},{"taxonomy":"post_tag","embeddable":true,"href":"https:\/\/noticiasnoface.com.br\/index.php\/wp-json\/wp\/v2\/tags?post=19217"}],"curies":[{"name":"wp","href":"https:\/\/api.w.org\/{rel}","templated":true}]}}