{"id":19220,"date":"2023-10-06T04:52:43","date_gmt":"2023-10-06T07:52:43","guid":{"rendered":"https:\/\/noticiasnoface.com.br\/?p=19220"},"modified":"2023-10-06T04:52:44","modified_gmt":"2023-10-06T07:52:44","slug":"guerra-entre-traficantes-podem-estar-por-tras-do-assassinatos-dos-medicos","status":"publish","type":"post","link":"https:\/\/noticiasnoface.com.br\/index.php\/2023\/10\/06\/guerra-entre-traficantes-podem-estar-por-tras-do-assassinatos-dos-medicos\/","title":{"rendered":"Guerra entre traficantes podem estar por tr\u00e1s do assassinatos dos m\u00e9dicos"},"content":{"rendered":"\n<figure class=\"wp-block-image size-large\"><img data-opt-id=1933535104  fetchpriority=\"high\" decoding=\"async\" width=\"295\" height=\"300\" src=\"https:\/\/mlbfrsat7ahr.i.optimole.com\/w:295\/h:300\/q:mauto\/ig:avif\/https:\/\/noticiasnoface.com.br\/wp-content\/uploads\/2023\/10\/img_2612-1.jpg\" class=\"wp-image-19219\" srcset=\"https:\/\/mlbfrsat7ahr.i.optimole.com\/w:295\/h:300\/q:mauto\/ig:avif\/https:\/\/noticiasnoface.com.br\/wp-content\/uploads\/2023\/10\/img_2612-1.jpg 295w, https:\/\/mlbfrsat7ahr.i.optimole.com\/w:555\/h:565\/q:mauto\/ig:avif\/https:\/\/noticiasnoface.com.br\/wp-content\/uploads\/2023\/10\/img_2612-1.jpg 555w\" sizes=\"(max-width: 295px) 100vw, 295px\" \/><figcaption class=\"wp-element-caption\">Guerra entre tr\u00e1fico e mil\u00edcia na Zona Oeste do Rio pode estar por tr\u00e1s de assassinato de m\u00e9dicos; entenda<br>Liga\u00e7\u00e3o entre o crime e a guerra entre traficantes e milicianos na Zona Oeste entrou no radar da pol\u00edcia ap\u00f3s a an\u00e1lise de uma comunica\u00e7\u00e3o entre traficantes interceptada pouco antes do ataque<br>O crime, cometido num ponto tur\u00edstico do Rio, gerou uma onda de como\u00e7\u00e3o por todo o pa\u00eds. O presidente Lula afirmou, pelas redes sociais, que recebeu a informa\u00e7\u00e3o sobre o crime &#8220;com grande tristeza e indigna\u00e7\u00e3o&#8221; e determinou que a Pol\u00edcia Federal acompanhe a investiga\u00e7\u00e3o. Pelo fato de uma das v\u00edtimas, Diego Bomfim, ser irm\u00e3o da deputada federal S\u00e2mia Bomfim (PSOL-SP), inicialmente a pol\u00edcia cogitou a hip\u00f3tese de crime pol\u00edtico. No entanto, ao longo do dia, a principal linha de investiga\u00e7\u00e3o passou a apontar para conex\u00e3o entre o crime e uma guerra entre milicianos e traficantes pelo controle de favelas na Zona Oeste: segundo a investiga\u00e7\u00e3o da Delegacia de Homic\u00eddios (DH), os m\u00e9dicos teriam sido mortos por engano, j\u00e1 que um deles teria sido confundido com um chefe da mil\u00edcia de Rio das Pedras. <br>Uma c\u00e2mera de seguran\u00e7a do quiosque que flagrou a a\u00e7\u00e3o foi a primeira prova coletada pela pol\u00edcia: as imagens mostram que os tr\u00eas criminosos usaram pistolas e n\u00e3o se preocuparam em esconder o rosto durante o ataque. Ap\u00f3s fazerem os primeiros disparos, eles ainda retornam e atiram mais vezes. Cada um dos m\u00e9dicos foi atingido por pelo menos cinco tiros. O modus operandi dos atiradores chamou a aten\u00e7\u00e3o dos investigadores, j\u00e1 que \u00e9 diferente do empregado em outras execu\u00e7\u00f5es recentes que aconteceram no Rio. Nos assassinatos da vereadora Marielle Franco e do bicheiro Fernando Iggn\u00e1cio, por exemplo, as v\u00edtimas foram monitoradas por meses e os assassinos planejaram cada detalhe da execu\u00e7\u00e3o para prejudicar a investiga\u00e7\u00e3o. No caso dos m\u00e9dicos, os criminosos sequer se preocuparam em esconder o rosto de testemunhas \u2014 o que indica, segundo os investigadores, que o crime foi cometido \u00e0s pressas, sem planejamento. <br><img data-opt-id=327735489  fetchpriority=\"high\" decoding=\"async\" src=\"https:\/\/s2-oglobo.glbimg.com\/OlFKDPBikw8kj9iCIww81oFECXg=\/0x0:1354x1688\/984x0\/smart\/filters:strip_icc()\/i.s3.glbimg.com\/v1\/AUTH_da025474c0c44edd99332dddb09cabe8\/internal_photos\/bs\/2023\/r\/1\/weB0YsTrAgrZuXFLew7g\/screenshot-2023-10-05-at-15.09.14.png\" srcset=\"https:\/\/s2-oglobo.glbimg.com\/cpNCNutqo0ThmUVHlksAu2iIjTQ=\/0x0:1354x1688\/1000x0\/smart\/filters:strip_icc()\/i.s3.glbimg.com\/v1\/AUTH_da025474c0c44edd99332dddb09cabe8\/internal_photos\/bs\/2023\/r\/1\/weB0YsTrAgrZuXFLew7g\/screenshot-2023-10-05-at-15.09.14.png 1000w, https:\/\/s2-oglobo.glbimg.com\/OlFKDPBikw8kj9iCIww81oFECXg=\/0x0:1354x1688\/984x0\/smart\/filters:strip_icc()\/i.s3.glbimg.com\/v1\/AUTH_da025474c0c44edd99332dddb09cabe8\/internal_photos\/bs\/2023\/r\/1\/weB0YsTrAgrZuXFLew7g\/screenshot-2023-10-05-at-15.09.14.png 984w, https:\/\/s2-oglobo.glbimg.com\/mw5EAJJIeLAzBQO0JanKGO_L91I=\/0x0:1354x1688\/640x0\/smart\/filters:strip_icc()\/i.s3.glbimg.com\/v1\/AUTH_da025474c0c44edd99332dddb09cabe8\/internal_photos\/bs\/2023\/r\/1\/weB0YsTrAgrZuXFLew7g\/screenshot-2023-10-05-at-15.09.14.png 640w, https:\/\/s2-oglobo.glbimg.com\/tlWXJz9Z41Moy4FRzBpj9BCq9_o=\/0x0:1354x1688\/600x0\/smart\/filters:strip_icc()\/i.s3.glbimg.com\/v1\/AUTH_da025474c0c44edd99332dddb09cabe8\/internal_photos\/bs\/2023\/r\/1\/weB0YsTrAgrZuXFLew7g\/screenshot-2023-10-05-at-15.09.14.png 600w\" alt=\"Infogr\u00e1fico \u2014 Foto: Reprodu\u00e7\u00e3o\" width=\"1354\" height=\"1688\" class=\"extendsBeyondTextColumn\">Infogr\u00e1fico \u2014 Foto: Reprodu\u00e7\u00e3o<br>A liga\u00e7\u00e3o entre o crime e a guerra entre traficantes e milicianos na Zona Oeste entrou no radar da pol\u00edcia ap\u00f3s a an\u00e1lise de uma comunica\u00e7\u00e3o entre traficantes interceptada pouco antes do ataque. &#8220;Acho que \u00e9 Posto 2&#8221;, disse um homem que, segundo os investigadores, faz parte da quadrilha que domina a Gard\u00eania Azul. Apesar de o quiosque onde os m\u00e9dicos estavam ficar entre os postos 3 e 4, a pol\u00edcia acredita que o criminoso tentava comunicar a um comparsa a localiza\u00e7\u00e3o do miliciano Taillon de Alc\u00e2ntara Pereira Barbosa, de 26 anos, filho de Dalmir Pereira Barbosa, chefe do grupo paramilitar de Rio das Pedras. A pol\u00edcia j\u00e1 sabe que Taillon n\u00e3o estava na praia durante a madrugada, mas seus desafetos o teriam confundido com o ortopedista Perseu Ribeiro de Almeida. De acordo com as pol\u00edcias Civil e Federal, Perseu tem peso, altura, cabelo e barba parecidos com Taillon. <br>Taillon teve a pris\u00e3o preventiva decretada pelo crime de organiza\u00e7\u00e3o criminosa em 2020, mas obteve livramento condicional h\u00e1 dez dias e saiu da cadeia. O miliciano mora na mesma avenida onde os m\u00e9dicos foram assassinados, num apartamento a 750 metros do quiosque. Desde o ano passado, Taillon e outros integrantes da mil\u00edcia de Rio das Pedras viraram desafetos da quadrilha que domina a Gard\u00eania Azul \u2014 grupo formado por ex-milicianos que, desde o ano passado, se aliou a traficantes da maior fac\u00e7\u00e3o do Rio, o Comando Vermelho (CV). <br>O pacto entre os criminosos aconteceu em meio a um processo de fragmenta\u00e7\u00e3o da mil\u00edcia do Rio, que teve como estopim a morte de Wellington da Silva Braga, o Ecko, durante uma opera\u00e7\u00e3o da Pol\u00edcia Civil, em 2021. A queda do chef\u00e3o desencadeou uma s\u00e9rie de conflitos internos na mil\u00edcia em v\u00e1rios bairros da Zona Oeste e na Baixada Fluminense. O CV se aproveitou da fragilidade causada pelas disputas dos rivais e passou a tentar invadir antigos dom\u00ednios da mil\u00edcia, como a Gard\u00eania \u2014 o que acabou levando parte dos milicianos locais a se aliarem \u00e0 fac\u00e7\u00e3o. <br>Ap\u00f3s o racha, os criminosos da Gard\u00eania entraram em guerra com o grupo paramilitar que domina Rio das Pedras. O conflito j\u00e1 causou v\u00e1rias mortes na regi\u00e3o, como a de Leandro Siqueira de Assis, o Gargalhone, um dos ex-milicianos que se aliou ao tr\u00e1fico, encontrado morto dentro de um carro em frente ao Mercado do Peixe, tamb\u00e9m na Barra da Tijuca, em maio. Outra prova que corrobora essa linha de investiga\u00e7\u00e3o \u00e9 o destino do carro usado no crime: o ve\u00edculo foi rastreado e teve como destino a Cidade de Deus, favela de Jacarepagu\u00e1 dominada pelo CV \u2014 fac\u00e7\u00e3o aliada aos suspeitos dos homic\u00eddios. <br>A pol\u00edcia tamb\u00e9m apura se, ap\u00f3s a repercuss\u00e3o do crime, chefes do CV determinaram que os atiradores fossem mortos no tribunal paralelo do crime. As execu\u00e7\u00f5es teriam acontecido dentro do Complexo da Penha, na Zona Norte, apontado como o QG da fac\u00e7\u00e3o. <br>No in\u00edcio da tarde de ontem, a c\u00fapula da Pol\u00edcia Civil fez um pronunciamento sobre o caso. Sem responder a questionamentos de jornalistas, o secret\u00e1rio Jos\u00e9 Renato Torres se limitou a dizer que o crime &#8220;n\u00e3o ficar\u00e1 impune&#8221;. J\u00e1 o ministro da Justi\u00e7a Fl\u00e1vio Dino afirmou que existem \u201cduas ou tr\u00eas\u201d linhas de investiga\u00e7\u00e3o policial sobre o assassinato. J\u00e1 o secret\u00e1rio-executivo do minist\u00e9rio, Ricardo Cappelli n\u00e3o quis comentar sobre o rumo das investiga\u00e7\u00f5es. <br>\u2014 Temos que ter prud\u00eancia \u2014 disse.<\/figcaption><\/figure>\n","protected":false},"excerpt":{"rendered":"","protected":false},"author":1,"featured_media":0,"comment_status":"open","ping_status":"open","sticky":false,"template":"","format":"standard","meta":{"site-sidebar-layout":"default","site-content-layout":"","ast-site-content-layout":"default","site-content-style":"default","site-sidebar-style":"default","ast-global-header-display":"","ast-banner-title-visibility":"","ast-main-header-display":"","ast-hfb-above-header-display":"","ast-hfb-below-header-display":"","ast-hfb-mobile-header-display":"","site-post-title":"","ast-breadcrumbs-content":"","ast-featured-img":"","footer-sml-layout":"","ast-disable-related-posts":"","theme-transparent-header-meta":"","adv-header-id-meta":"","stick-header-meta":"","header-above-stick-meta":"","header-main-stick-meta":"","header-below-stick-meta":"","astra-migrate-meta-layouts":"default","ast-page-background-enabled":"default","ast-page-background-meta":{"desktop":{"background-color":"var(--ast-global-color-4)","background-image":"","background-repeat":"repeat","background-position":"center center","background-size":"auto","background-attachment":"scroll","background-type":"","background-media":"","overlay-type":"","overlay-color":"","overlay-opacity":"","overlay-gradient":""},"tablet":{"background-color":"","background-image":"","background-repeat":"repeat","background-position":"center center","background-size":"auto","background-attachment":"scroll","background-type":"","background-media":"","overlay-type":"","overlay-color":"","overlay-opacity":"","overlay-gradient":""},"mobile":{"background-color":"","background-image":"","background-repeat":"repeat","background-position":"center center","background-size":"auto","background-attachment":"scroll","background-type":"","background-media":"","overlay-type":"","overlay-color":"","overlay-opacity":"","overlay-gradient":""}},"ast-content-background-meta":{"desktop":{"background-color":"var(--ast-global-color-5)","background-image":"","background-repeat":"repeat","background-position":"center center","background-size":"auto","background-attachment":"scroll","background-type":"","background-media":"","overlay-type":"","overlay-color":"","overlay-opacity":"","overlay-gradient":""},"tablet":{"background-color":"var(--ast-global-color-5)","background-image":"","background-repeat":"repeat","background-position":"center center","background-size":"auto","background-attachment":"scroll","background-type":"","background-media":"","overlay-type":"","overlay-color":"","overlay-opacity":"","overlay-gradient":""},"mobile":{"background-color":"var(--ast-global-color-5)","background-image":"","background-repeat":"repeat","background-position":"center center","background-size":"auto","background-attachment":"scroll","background-type":"","background-media":"","overlay-type":"","overlay-color":"","overlay-opacity":"","overlay-gradient":""}},"footnotes":""},"categories":[517],"tags":[],"class_list":["post-19220","post","type-post","status-publish","format-standard","hentry","category-aconteceu"],"_links":{"self":[{"href":"https:\/\/noticiasnoface.com.br\/index.php\/wp-json\/wp\/v2\/posts\/19220","targetHints":{"allow":["GET"]}}],"collection":[{"href":"https:\/\/noticiasnoface.com.br\/index.php\/wp-json\/wp\/v2\/posts"}],"about":[{"href":"https:\/\/noticiasnoface.com.br\/index.php\/wp-json\/wp\/v2\/types\/post"}],"author":[{"embeddable":true,"href":"https:\/\/noticiasnoface.com.br\/index.php\/wp-json\/wp\/v2\/users\/1"}],"replies":[{"embeddable":true,"href":"https:\/\/noticiasnoface.com.br\/index.php\/wp-json\/wp\/v2\/comments?post=19220"}],"version-history":[{"count":1,"href":"https:\/\/noticiasnoface.com.br\/index.php\/wp-json\/wp\/v2\/posts\/19220\/revisions"}],"predecessor-version":[{"id":19221,"href":"https:\/\/noticiasnoface.com.br\/index.php\/wp-json\/wp\/v2\/posts\/19220\/revisions\/19221"}],"wp:attachment":[{"href":"https:\/\/noticiasnoface.com.br\/index.php\/wp-json\/wp\/v2\/media?parent=19220"}],"wp:term":[{"taxonomy":"category","embeddable":true,"href":"https:\/\/noticiasnoface.com.br\/index.php\/wp-json\/wp\/v2\/categories?post=19220"},{"taxonomy":"post_tag","embeddable":true,"href":"https:\/\/noticiasnoface.com.br\/index.php\/wp-json\/wp\/v2\/tags?post=19220"}],"curies":[{"name":"wp","href":"https:\/\/api.w.org\/{rel}","templated":true}]}}