{"id":19239,"date":"2023-10-07T08:25:35","date_gmt":"2023-10-07T11:25:35","guid":{"rendered":"https:\/\/noticiasnoface.com.br\/?p=19239"},"modified":"2023-10-13T22:50:25","modified_gmt":"2023-10-14T01:50:25","slug":"influencer-evangelico-e-preso-por-estupro","status":"publish","type":"post","link":"https:\/\/noticiasnoface.com.br\/index.php\/2023\/10\/07\/influencer-evangelico-e-preso-por-estupro\/","title":{"rendered":"CMN outorga cidadania ao \u201cvelho lobo\u201d, mais antigo escoteiro em atividade no RN"},"content":{"rendered":"\n<figure class=\"wp-block-image size-large\"><img data-opt-id=181858875  fetchpriority=\"high\" decoding=\"async\" width=\"1024\" height=\"726\" src=\"https:\/\/mlbfrsat7ahr.i.optimole.com\/w:1024\/h:726\/q:mauto\/ig:avif\/https:\/\/noticiasnoface.com.br\/wp-content\/uploads\/2023\/10\/img_2978-1.jpg\" alt=\"\" class=\"wp-image-19353\" srcset=\"https:\/\/mlbfrsat7ahr.i.optimole.com\/w:1024\/h:726\/q:mauto\/ig:avif\/https:\/\/noticiasnoface.com.br\/wp-content\/uploads\/2023\/10\/img_2978-1.jpg 1024w, https:\/\/mlbfrsat7ahr.i.optimole.com\/w:300\/h:213\/q:mauto\/ig:avif\/https:\/\/noticiasnoface.com.br\/wp-content\/uploads\/2023\/10\/img_2978-1.jpg 300w, https:\/\/mlbfrsat7ahr.i.optimole.com\/w:768\/h:545\/q:mauto\/ig:avif\/https:\/\/noticiasnoface.com.br\/wp-content\/uploads\/2023\/10\/img_2978-1.jpg 768w, https:\/\/mlbfrsat7ahr.i.optimole.com\/w:1521\/h:1080\/q:mauto\/ig:avif\/https:\/\/noticiasnoface.com.br\/wp-content\/uploads\/2023\/10\/img_2978-1.jpg 1536w, https:\/\/mlbfrsat7ahr.i.optimole.com\/w:1522\/h:1080\/q:mauto\/ig:avif\/https:\/\/noticiasnoface.com.br\/wp-content\/uploads\/2023\/10\/img_2978-1.jpg 1600w\" sizes=\"(max-width: 1000px) 100vw, 1000px\" \/><figcaption class=\"wp-element-caption\">Nesta quarta-feira (11), o escoteiro mais antigo em atividade no Rio Grande do Norte realizou o sonho de tornar-se cidad\u00e3o natalense, ao receber o T\u00edtulo de Cidadania na C\u00e2mara Municipal, por proposi\u00e7\u00e3o do vereador Nivaldo Bacurau. \u201cEsse t\u00edtulo completa minha vida\u201d, disse emocionado Jos\u00e9 Louren\u00e7o dos Santos, revelando que j\u00e1 tinha at\u00e9 buscado, sem sucesso, meios de se naturalizar potiguar.<br \/>O \u201cvelho lobo\u201d, como \u00e9 carinhosamente chamado, conta 72 anos de dedica\u00e7\u00e3o ao Escotismo, e ainda impressiona a todos pela vitalidade e sabedoria compartilhadas em acampamentos com a tropa.<br \/>Natural de Guarabira, na Para\u00edba, Jos\u00e9 Louren\u00e7o dos Santos nasceu em 2 de outubro de 1937 <br \/>e chegou a Natal em 1943. Aos 14 anos, ingressou na Associa\u00e7\u00e3o de Escoteiros do Alecrim, bairro onde residia. A partir de ent\u00e3o, o Chefe Louren\u00e7o, como \u00e9 conhecido no Movimento Escoteiro, come\u00e7ou a escrever uma das mais longevas hist\u00f3rias do escotismo natalense. Hist\u00f3ria que perdura at\u00e9 os dias atuais e \u00e9 t\u00e3o repleta de feitos que o credenciou a ser o terceiro potiguar agraciado com a Comenda Tapir de Prata, recompensa honor\u00edfica de mais alto m\u00e9rito do Escotismo no Brasil. Entre as in\u00fameras realiza\u00e7\u00f5es, Chefe Louren\u00e7o criou o Museu Escoteiro Cap. Ant\u00f4nio Lopes Neto, inaugurado em agosto de 2011, dentro da Escola Padre Miguelinho, e com rel\u00edquias centen\u00e1rias.<br \/>\u201cEstudei no Padre Miguelinho e fui escoteiro. Naquela \u00e9poca, ele j\u00e1 estava l\u00e1. Ent\u00e3o hoje, como vereador de Natal, sinto-me muito feliz e honrado em poder homenagear esse homem que dedicou 72 de seus 86 anos de vida ao Escotismo de nossa cidade e de nosso estado, tendo sido condecorado com as mais altas honrarias dos escoteiros\u201d, afirmou o vereador.<br \/>\u201cO chefe Louren\u00e7o \u00e9 antes de tudo um educador. Uma lideran\u00e7a para n\u00f3s adultos no Escotismo. Ele inspira crian\u00e7as e jovens a serem cidad\u00e3os do bem e pessoas preocupadas com as outras. Pessoas que defendem o meio ambiente e a democracia, e que praticam a generosidade. Ele transmite os valores do movimento Escoteiro e a gente v\u00ea claramente no chefe Louren\u00e7o que por isso ele inspira tantas crian\u00e7as e jovens\u201d, testemunhou o presidente da Uni\u00e3o dos Escoteiros do Brasil, Ivan Alves de Nascimento.<br \/>Na mesa de autoridades da solenidade tamb\u00e9m estiveram a secret\u00e1ria adjunta de Esporte e Lazer do Munic\u00edpio, Nina Salustino, e o presidente da Associa\u00e7\u00e3o de Escoteiros do Alecrim, Thiago Simpl\u00edcio Raimundo da Silva.<br \/>Texto: Ilana Albuquerque<br \/>Fotos: Ver\u00f4nica Macedo<\/figcaption><\/figure>\n","protected":false},"excerpt":{"rendered":"","protected":false},"author":1,"featured_media":0,"comment_status":"open","ping_status":"open","sticky":false,"template":"","format":"standard","meta":{"site-sidebar-layout":"default","site-content-layout":"","ast-site-content-layout":"default","site-content-style":"default","site-sidebar-style":"default","ast-global-header-display":"","ast-banner-title-visibility":"","ast-main-header-display":"","ast-hfb-above-header-display":"","ast-hfb-below-header-display":"","ast-hfb-mobile-header-display":"","site-post-title":"","ast-breadcrumbs-content":"","ast-featured-img":"","footer-sml-layout":"","ast-disable-related-posts":"","theme-transparent-header-meta":"","adv-header-id-meta":"","stick-header-meta":"","header-above-stick-meta":"","header-main-stick-meta":"","header-below-stick-meta":"","astra-migrate-meta-layouts":"default","ast-page-background-enabled":"default","ast-page-background-meta":{"desktop":{"background-color":"var(--ast-global-color-4)","background-image":"","background-repeat":"repeat","background-position":"center center","background-size":"auto","background-attachment":"scroll","background-type":"","background-media":"","overlay-type":"","overlay-color":"","overlay-opacity":"","overlay-gradient":""},"tablet":{"background-color":"","background-image":"","background-repeat":"repeat","background-position":"center center","background-size":"auto","background-attachment":"scroll","background-type":"","background-media":"","overlay-type":"","overlay-color":"","overlay-opacity":"","overlay-gradient":""},"mobile":{"background-color":"","background-image":"","background-repeat":"repeat","background-position":"center center","background-size":"auto","background-attachment":"scroll","background-type":"","background-media":"","overlay-type":"","overlay-color":"","overlay-opacity":"","overlay-gradient":""}},"ast-content-background-meta":{"desktop":{"background-color":"var(--ast-global-color-5)","background-image":"","background-repeat":"repeat","background-position":"center center","background-size":"auto","background-attachment":"scroll","background-type":"","background-media":"","overlay-type":"","overlay-color":"","overlay-opacity":"","overlay-gradient":""},"tablet":{"background-color":"var(--ast-global-color-5)","background-image":"","background-repeat":"repeat","background-position":"center center","background-size":"auto","background-attachment":"scroll","background-type":"","background-media":"","overlay-type":"","overlay-color":"","overlay-opacity":"","overlay-gradient":""},"mobile":{"background-color":"var(--ast-global-color-5)","background-image":"","background-repeat":"repeat","background-position":"center center","background-size":"auto","background-attachment":"scroll","background-type":"","background-media":"","overlay-type":"","overlay-color":"","overlay-opacity":"","overlay-gradient":""}},"footnotes":""},"categories":[517],"tags":[],"class_list":["post-19239","post","type-post","status-publish","format-standard","hentry","category-aconteceu"],"_links":{"self":[{"href":"https:\/\/noticiasnoface.com.br\/index.php\/wp-json\/wp\/v2\/posts\/19239","targetHints":{"allow":["GET"]}}],"collection":[{"href":"https:\/\/noticiasnoface.com.br\/index.php\/wp-json\/wp\/v2\/posts"}],"about":[{"href":"https:\/\/noticiasnoface.com.br\/index.php\/wp-json\/wp\/v2\/types\/post"}],"author":[{"embeddable":true,"href":"https:\/\/noticiasnoface.com.br\/index.php\/wp-json\/wp\/v2\/users\/1"}],"replies":[{"embeddable":true,"href":"https:\/\/noticiasnoface.com.br\/index.php\/wp-json\/wp\/v2\/comments?post=19239"}],"version-history":[{"count":3,"href":"https:\/\/noticiasnoface.com.br\/index.php\/wp-json\/wp\/v2\/posts\/19239\/revisions"}],"predecessor-version":[{"id":19355,"href":"https:\/\/noticiasnoface.com.br\/index.php\/wp-json\/wp\/v2\/posts\/19239\/revisions\/19355"}],"wp:attachment":[{"href":"https:\/\/noticiasnoface.com.br\/index.php\/wp-json\/wp\/v2\/media?parent=19239"}],"wp:term":[{"taxonomy":"category","embeddable":true,"href":"https:\/\/noticiasnoface.com.br\/index.php\/wp-json\/wp\/v2\/categories?post=19239"},{"taxonomy":"post_tag","embeddable":true,"href":"https:\/\/noticiasnoface.com.br\/index.php\/wp-json\/wp\/v2\/tags?post=19239"}],"curies":[{"name":"wp","href":"https:\/\/api.w.org\/{rel}","templated":true}]}}