{"id":19249,"date":"2023-10-07T20:51:49","date_gmt":"2023-10-07T23:51:49","guid":{"rendered":"https:\/\/noticiasnoface.com.br\/?p=19249"},"modified":"2023-10-07T20:51:50","modified_gmt":"2023-10-07T23:51:50","slug":"israel-e-alvo-da-maior-acao-militar-contra-o-pais-desde-a-guerra-do-yom-kippur","status":"publish","type":"post","link":"https:\/\/noticiasnoface.com.br\/index.php\/2023\/10\/07\/israel-e-alvo-da-maior-acao-militar-contra-o-pais-desde-a-guerra-do-yom-kippur\/","title":{"rendered":"Israel \u00e9 alvo da maior a\u00e7\u00e3o militar contra o pa\u00eds desde a guerra do Yom Kippur"},"content":{"rendered":"\n<figure class=\"wp-block-image size-large\"><img data-opt-id=2003313139  fetchpriority=\"high\" decoding=\"async\" width=\"300\" height=\"169\" src=\"https:\/\/mlbfrsat7ahr.i.optimole.com\/w:300\/h:169\/q:mauto\/ig:avif\/https:\/\/noticiasnoface.com.br\/wp-content\/uploads\/2023\/10\/img_2729.jpg\" class=\"wp-image-19248\" srcset=\"https:\/\/mlbfrsat7ahr.i.optimole.com\/w:300\/h:169\/q:mauto\/ig:avif\/https:\/\/noticiasnoface.com.br\/wp-content\/uploads\/2023\/10\/img_2729.jpg 300w, https:\/\/mlbfrsat7ahr.i.optimole.com\/w:732\/h:412\/q:mauto\/ig:avif\/https:\/\/noticiasnoface.com.br\/wp-content\/uploads\/2023\/10\/img_2729.jpg 732w\" sizes=\"(max-width: 300px) 100vw, 300px\" \/><figcaption class=\"wp-element-caption\">Israel \u00e9 alvo da maior a\u00e7\u00e3o militar contra o pa\u00eds desde a guerra do Yom Kippur<br>Primeiro-ministro Benjamin Netanyahu disse que o pa\u00eds est\u00e1 \u201cem guerra\u201d ap\u00f3s o ataque surpresa<br><img data-opt-id=525445907  fetchpriority=\"high\" decoding=\"async\" src=\"https:\/\/www.cnnbrasil.com.br\/wp-content\/uploads\/sites\/12\/2023\/10\/GettyImages-1711370313.jpg?w=732&#038;h=412&#038;crop=1\" width=\"380\" height=\"178\">4 de 16<br>Pessoas tentam apagar o fogo em carros ap\u00f3s um ataques de m\u00edsseis vindos de Gaza neste s\u00e1bado (7)<small>Cr\u00e9dito: Ilia Yefimovich\/picture Alliance via Getty Images<\/small><br>O Israel foi alvo neste s\u00e1bado (7) da maior a\u00e7\u00e3o militar executada contra o pa\u00eds desde a guerra do Yom Kippur, na d\u00e9cada de 1970. A ofensiva deste fim de semana foi comandada pelo grupo isl\u00e2mico extremista Hamas.<br>Ap\u00f3s o ataque, o ex\u00e9rcito de Israel reagiu e preparou uma contraofensiva. Somados, tanto a ofensiva do Hamas quanto a resposta israelense deixaram ao menos 532 mortos e 1.697 feridos, informou o Minist\u00e9rio da Sa\u00fade palestino.<br>Receba, em <strong>primeira m\u00e3o<\/strong>, as principais not\u00edcias da <strong>CNN Brasil<\/strong> no seu <strong>WhatsApp!<\/strong><br><a href=\"https:\/\/whatsapp.com\/channel\/0029Va7nLLu5PO10UIlHtS1h\" target=\"_blank\" rel=\"noreferrer noopener\">Inscrever-se<\/a><br>O ataque aconteceu \u201cs\u00e1bado da paz\u201d, quando os judeus descansam ap\u00f3s seis dias de trabalho, e \u00e9 considerada data \u201csagrada\u201d no juda\u00edsmo. Os bombardeios tamb\u00e9m aconteceram horas depois do \u00faltimo dia da celebra\u00e7\u00e3o judaica Sucot.<br>O primeiro-ministro de Israel, <a href=\"https:\/\/www.cnnbrasil.com.br\/tudo-sobre\/benjamin-netanyahu\/\" target=\"_blank\" rel=\"noopener\">Benjamin Netanyahu<\/a>, disse que o pa\u00eds est\u00e1 \u201cem guerra\u201d ap\u00f3s o ataque surpresa do Hamas. \u201cCidad\u00e3os de Israel, estamos em guerra \u2013 n\u00e3o numa opera\u00e7\u00e3o, n\u00e3o em rondas \u2013 em guerra\u201d, disse Netanyahu numa mensagem de v\u00eddeo.<br>O ministro da Defesa israelense, Yoav Gallant, sustentou a posi\u00e7\u00e3o de Netanyahu e disse que Israel \u201cvencer\u00e1 esta guerra\u201d contra o Hamas, horas depois de o grupo lan\u00e7ar foguetes e enviar soldados para o territ\u00f3rio israelense.<br>\u201cO Hamas cometeu um grave erro esta manh\u00e3 e lan\u00e7ou uma guerra contra o Estado de Israel. As tropas das FDI [For\u00e7as de Defesa de Israel] est\u00e3o lutando contra o inimigo em todos os locais. Apelo a todos os cidad\u00e3os de Israel para que sigam as instru\u00e7\u00f5es de seguran\u00e7a. O Estado de Israel vencer\u00e1 esta guerra.\u201d<br>Diante da situa\u00e7\u00e3o, a popula\u00e7\u00e3o de Israel est\u00e1 amedrontada e assustada. Sem toque de recolher oficial, a Defesa Civil do pa\u00eds vem pedindo que as pessoas n\u00e3o saiam de casa.<br>Al\u00e9m disso, sirenes soam quando h\u00e1 bombardeios, alertando para que o cidad\u00e3os se direcionem para bunkers, onde podem se abrigar com seguran\u00e7a.<br>Militares do Hamas com roupas do ex\u00e9rcito de Israel<br>Em entrevista \u00e0 <strong>CNN<\/strong>, o brasileiro Roberto Harari, que mora em Israel com esposa e filhos, disse que militares do Hamas usavam roupas do ex\u00e9rcito israelense quando cometeram os ataques ao pa\u00eds.<br>\u201cA informa\u00e7\u00e3o \u00e9 que 200 a 300 terroristas entraram em Israel na madrugada. Esse \u00e9 um dos motivos de medo que a gente tem aqui. Eles entraram aqui com uniforme do ex\u00e9rcito de Israel, bateram nas portas das pessoas. As pessoas abriram porque acharam que era o ex\u00e9rcito de Israel. E eles mataram essas pessoas a sangue-frio, sequestraram outros, na frente dos filhos, na frente dos pais, como terroristas do <a href=\"https:\/\/cnnbrasil.com.br\/tudo-sobre\/hamas\" target=\"_blank\" rel=\"noopener\">Hamas<\/a> costumam fazer\u201d, disse.<br>\u201cAtaque suicida\u201d<br>O ataque do Hamas em Israel \u00e9 suicida para os l\u00edderes do grupo, afirmou Ian Bremmer, cientista pol\u00edtico americano especializado em pol\u00edtica externa dos <a href=\"https:\/\/www.cnnbrasil.com.br\/tudo-sobre\/estados-unidos\" target=\"_blank\" rel=\"noopener\">Estados Unidos<\/a> e presidente da Eurasia Group, a maior ag\u00eancia de consultoria de risco pol\u00edtico do mundo.<br>\u201cEsta a\u00e7\u00e3o foi suicida para a lideran\u00e7a do <a href=\"https:\/\/www.cnnbrasil.com.br\/tudo-sobre\/hamas\/\" target=\"_blank\" rel=\"noopener\">Hamas<\/a>. Me parece o que aconteceu quando Prigozhin e o grupo Wagner decidiram ficar contra Putin. Eles agora est\u00e3o sem sa\u00edda. Eles ser\u00e3o removidos, eles ser\u00e3o mortos\u201d, declarou.<br>\u201cJ\u00e1 h\u00e1 ataques a\u00e9reos come\u00e7ando em Gaza nessa dire\u00e7\u00e3o. Haver\u00e1 guerra terrestre. Provavelmente haver\u00e1 ocupa\u00e7\u00e3o de longo prazo de Israel, um esfor\u00e7o para desarmar as mil\u00edcias do Hamas, um desejo dos israelenses de paralisar e erradicar a amea\u00e7a contra Israel\u201d.<br>Para Bremmer, Israel tem a posi\u00e7\u00e3o geopol\u00edtica mais forte que j\u00e1 teve em d\u00e9cadas, o que far\u00e1 com que a resposta militar seja muito forte contra o Hamas.<br>Falhas na intelig\u00eancia<br>Embora Israel n\u00e3o seja estranho aos ataques terroristas, o ataque do s\u00e1bado foi sem precedentes \u2013 sobretudo devido \u00e0 falta de aviso.<br>Os militares de Israel foram pegos de surpresa, apesar de d\u00e9cadas em que o pa\u00eds se tornou uma pot\u00eancia tecnol\u00f3gica que ostenta uma das for\u00e7as armadas mais impressionantes do mundo e uma ag\u00eancia de intelig\u00eancia de primeira linha.<br>\u201cTodo o sistema falhou. N\u00e3o \u00e9 apenas um componente. \u00c9 toda a arquitetura de defesa que evidentemente falhou em fornecer a defesa necess\u00e1ria aos civis israelenses\u201d, disse Jonathan Conricus, antigo porta-voz internacional das For\u00e7as de Defesa de Israel.<br>Para Ian Bremmer, cientista pol\u00edtico americano especializado em pol\u00edtica externa dos <a href=\"https:\/\/www.cnnbrasil.com.br\/tudo-sobre\/estados-unidos\" target=\"_blank\" rel=\"noopener\">Estados Unidos<\/a>, as falhas no sistema de defesa teriam sido provocadas, de forma ampla, pela crise interna que Israel enfrenta.<br>\u201cA reforma judicial, como \u00e9 chamada, que Netanyahu tem promovido, levando a manifesta\u00e7\u00f5es sem precedentes em todo o pa\u00eds, manifesta\u00e7\u00f5es pac\u00edficas, mas envolvendo grande parte do pa\u00eds h\u00e1 meses, distraiu a intelig\u00eancia israelita\u201d, disse.<br>\u201cTamb\u00e9m distraiu os militares israelitas, muitos dos quais disseram que n\u00e3o estavam dispostos a servir nas for\u00e7as armadas se a reforma judicial prosseguisse\u201d.<br>Outro ponto que, segundo Bremmer, faz parte da crise interna \u00e9 a campanha de expans\u00e3o da coaliz\u00e3o de extrema direita do presidente Benjamin Netanyahu sobre os assentamentos israelenses na Cisjord\u00e2nia, o que teria provocado rea\u00e7\u00e3o violenta de palestinos.<br>\u201cMuitas das for\u00e7as de defesa israelenses estavam focadas na Cisjord\u00e2nia, estavam focadas nos territ\u00f3rios ocupados e na seguran\u00e7a da fronteira. Eles retiraram muitas das tropas do foco do sul israelense e de Gaza. Ent\u00e3o, claramente, os israelenses tiraram os olhos da bola\u201d, concluiu.<br>\u201cEste \u00e9 um enorme fracasso da intelig\u00eancia e da defesa para Israel e, especificamente, para Netanyahu. Eles eram vistos como o padr\u00e3o ouro em vigil\u00e2ncia, em coleta de intelig\u00eancia, em seguran\u00e7a de fronteiras, especialmente quando falamos sobre as popula\u00e7\u00f5es palestinas. E agora assistem palestinos armados abatendo civis em cidades israelenses e levando ref\u00e9ns de volta para Gaza\u201d.<br>V\u00cdDEO \u2013 Imagens mostram destrui\u00e7\u00e3o de ataques em Israel<br>Entenda o conflito<br>De acordo com as For\u00e7as de Defesa de Israel (FDI), o ataque partiu da <strong>Faixa de Gaza<\/strong>. Mais cedo, o comandante militar do Hamas, <strong>Muhammad Al-Deif<\/strong>, divulgou uma mensagem gravada anunciando a opera\u00e7\u00e3o \u201cTempestade Al-Aqsa\u201d, na qual diz que o grupo militante palestino \u201calvejou as posi\u00e7\u00f5es inimigas, aeroportos e posi\u00e7\u00f5es militares [de Israel]\u201d com milhares de foguetes.<br>Hamas declara guerra contra Israel: \u201cSe voc\u00ea tem uma arma, \u00e9 hora de us\u00e1-la\u201d<br><a href=\"https:\/\/www.cnnbrasil.com.br\/internacional\/hamas-declara-guerra-contra-israel-se-voce-tem-uma-arma-e-hora-de-usa-la\/\" target=\"_blank\" rel=\"noreferrer noopener\">Muhammad Al-Deif convocou um levante geral contra Israel<\/a> em mensagem gravada neste s\u00e1bado e declarou: \u201cSe voc\u00ea [Israel] tem uma arma, use-a. Esta \u00e9 a hora de us\u00e1-la \u2013 saia com caminh\u00f5es, carros, machados. Hoje come\u00e7a a melhor e mais honrosa hist\u00f3ria\u201d.<br>O chefe do grupo palestino disse que o ataque a Israel foi uma resposta aos ataques \u00e0s mulheres, \u00e0 profana\u00e7\u00e3o da mesquita de al-Aqsa e ao cerco de Gaza.<br>Al-Deif apelou aos povos \u00e1rabes e isl\u00e2micos para que viessem \u00e0 \u201cliberta\u00e7\u00e3o de al-Aqsa\u201d, a mesquita em Jerusal\u00e9m<br>As FDI afirmam que o Hamas fez ref\u00e9ns e prisioneiros de guerra desde que lan\u00e7ou o seu <a href=\"https:\/\/www.cnnbrasil.com.br\/internacional\/israel-e-atacado-por-foguetes-do-hamas-o-que-sabemos-sobre-conflito\/\" target=\"_blank\" rel=\"noreferrer noopener\">ataque surpresa<\/a> na manh\u00e3 deste s\u00e1bado (7). Em v\u00eddeos geolocalizados e autenticados pela <strong>CNN<\/strong>, o Hamas parece ter feito prisioneiros israelenses dentro e perto de Gaza, incluindo soldados de Israel.<br>Num dos v\u00eddeos, em Gaza, uma mulher descal\u00e7a \u00e9 puxada de um jipe por um homem armado e depois for\u00e7ada a sentar-se no banco de tr\u00e1s do carro.\u201dEstamos em guerra\u201d, diz premi\u00ea israelense<br>Seu rosto est\u00e1 sangrando e seus pulsos parecem amarrados atr\u00e1s das costas. O jipe tamb\u00e9m parece ter uma placa das FDI, sugerindo que pode ter sido roubado e trazido para Gaza.<br>Outro v\u00eddeo, que parece mostrar militantes do Hamas levando v\u00e1rios israelenses como prisioneiros, foi geolocalizado pela <strong>CNN<\/strong> em Be\u2019eri, no sul de Israel, que \u00e9 uma vila perto de Gaza.<br>Num outro conjunto de v\u00eddeos geolocalizados e autenticados, o Hamas parece estar capturando soldados israelenses.<br>O primeiro-ministro de Israel, Benjamin Netanyahu, disse que <a href=\"https:\/\/www.cnnbrasil.com.br\/internacional\/estamos-em-guerra-diz-premie-israelense-netanyahu-apos-ataques-do-hamas\/\" target=\"_blank\" rel=\"noreferrer noopener\">o pa\u00eds est\u00e1 \u201cem guerra\u201d ap\u00f3s o ataque surpresa do Hamas<\/a> na manh\u00e3 deste s\u00e1bado.<br>\u201cCidad\u00e3os de Israel, estamos em guerra \u2013 n\u00e3o numa opera\u00e7\u00e3o, n\u00e3o em rondas \u2013 em guerra\u201d, enfatizou Netanyahu numa mensagem de v\u00eddeo.<br>O ministro da Defesa israelense, Yoav Gallant, sustentou a posi\u00e7\u00e3o do premi\u00ea e afirmou que Israel \u201cvencer\u00e1 esta guerra\u201d contra os militantes palestinos.<br>\u201cO Hamas cometeu um grave erro esta manh\u00e3 e lan\u00e7ou uma guerra contra o Estado de Israel. As tropas das FDI est\u00e3o lutando contra o inimigo em todos os locais. Apelo a todos os cidad\u00e3os de Israel para que sigam as instru\u00e7\u00f5es de seguran\u00e7a. O Estado de Israel vencer\u00e1 esta guerra\u201d.<br><\/figcaption><\/figure>\n","protected":false},"excerpt":{"rendered":"","protected":false},"author":1,"featured_media":0,"comment_status":"open","ping_status":"open","sticky":false,"template":"","format":"standard","meta":{"site-sidebar-layout":"default","site-content-layout":"","ast-site-content-layout":"default","site-content-style":"default","site-sidebar-style":"default","ast-global-header-display":"","ast-banner-title-visibility":"","ast-main-header-display":"","ast-hfb-above-header-display":"","ast-hfb-below-header-display":"","ast-hfb-mobile-header-display":"","site-post-title":"","ast-breadcrumbs-content":"","ast-featured-img":"","footer-sml-layout":"","ast-disable-related-posts":"","theme-transparent-header-meta":"","adv-header-id-meta":"","stick-header-meta":"","header-above-stick-meta":"","header-main-stick-meta":"","header-below-stick-meta":"","astra-migrate-meta-layouts":"default","ast-page-background-enabled":"default","ast-page-background-meta":{"desktop":{"background-color":"var(--ast-global-color-4)","background-image":"","background-repeat":"repeat","background-position":"center center","background-size":"auto","background-attachment":"scroll","background-type":"","background-media":"","overlay-type":"","overlay-color":"","overlay-opacity":"","overlay-gradient":""},"tablet":{"background-color":"","background-image":"","background-repeat":"repeat","background-position":"center center","background-size":"auto","background-attachment":"scroll","background-type":"","background-media":"","overlay-type":"","overlay-color":"","overlay-opacity":"","overlay-gradient":""},"mobile":{"background-color":"","background-image":"","background-repeat":"repeat","background-position":"center center","background-size":"auto","background-attachment":"scroll","background-type":"","background-media":"","overlay-type":"","overlay-color":"","overlay-opacity":"","overlay-gradient":""}},"ast-content-background-meta":{"desktop":{"background-color":"var(--ast-global-color-5)","background-image":"","background-repeat":"repeat","background-position":"center center","background-size":"auto","background-attachment":"scroll","background-type":"","background-media":"","overlay-type":"","overlay-color":"","overlay-opacity":"","overlay-gradient":""},"tablet":{"background-color":"var(--ast-global-color-5)","background-image":"","background-repeat":"repeat","background-position":"center center","background-size":"auto","background-attachment":"scroll","background-type":"","background-media":"","overlay-type":"","overlay-color":"","overlay-opacity":"","overlay-gradient":""},"mobile":{"background-color":"var(--ast-global-color-5)","background-image":"","background-repeat":"repeat","background-position":"center center","background-size":"auto","background-attachment":"scroll","background-type":"","background-media":"","overlay-type":"","overlay-color":"","overlay-opacity":"","overlay-gradient":""}},"footnotes":""},"categories":[517],"tags":[],"class_list":["post-19249","post","type-post","status-publish","format-standard","hentry","category-aconteceu"],"_links":{"self":[{"href":"https:\/\/noticiasnoface.com.br\/index.php\/wp-json\/wp\/v2\/posts\/19249","targetHints":{"allow":["GET"]}}],"collection":[{"href":"https:\/\/noticiasnoface.com.br\/index.php\/wp-json\/wp\/v2\/posts"}],"about":[{"href":"https:\/\/noticiasnoface.com.br\/index.php\/wp-json\/wp\/v2\/types\/post"}],"author":[{"embeddable":true,"href":"https:\/\/noticiasnoface.com.br\/index.php\/wp-json\/wp\/v2\/users\/1"}],"replies":[{"embeddable":true,"href":"https:\/\/noticiasnoface.com.br\/index.php\/wp-json\/wp\/v2\/comments?post=19249"}],"version-history":[{"count":1,"href":"https:\/\/noticiasnoface.com.br\/index.php\/wp-json\/wp\/v2\/posts\/19249\/revisions"}],"predecessor-version":[{"id":19250,"href":"https:\/\/noticiasnoface.com.br\/index.php\/wp-json\/wp\/v2\/posts\/19249\/revisions\/19250"}],"wp:attachment":[{"href":"https:\/\/noticiasnoface.com.br\/index.php\/wp-json\/wp\/v2\/media?parent=19249"}],"wp:term":[{"taxonomy":"category","embeddable":true,"href":"https:\/\/noticiasnoface.com.br\/index.php\/wp-json\/wp\/v2\/categories?post=19249"},{"taxonomy":"post_tag","embeddable":true,"href":"https:\/\/noticiasnoface.com.br\/index.php\/wp-json\/wp\/v2\/tags?post=19249"}],"curies":[{"name":"wp","href":"https:\/\/api.w.org\/{rel}","templated":true}]}}