{"id":19255,"date":"2023-10-08T05:06:08","date_gmt":"2023-10-08T08:06:08","guid":{"rendered":"https:\/\/noticiasnoface.com.br\/?p=19255"},"modified":"2023-10-08T05:06:09","modified_gmt":"2023-10-08T08:06:09","slug":"ministros-de-lula-usaram-49-mais-voos-da-fab-do-que-os-de-bolsonaro","status":"publish","type":"post","link":"https:\/\/noticiasnoface.com.br\/index.php\/2023\/10\/08\/ministros-de-lula-usaram-49-mais-voos-da-fab-do-que-os-de-bolsonaro\/","title":{"rendered":"Ministros de Lula usaram 49% mais voos da FAB do que os de Bolsonaro"},"content":{"rendered":"\n<figure class=\"wp-block-image size-large\"><img data-opt-id=1875203629  fetchpriority=\"high\" decoding=\"async\" width=\"300\" height=\"171\" src=\"https:\/\/mlbfrsat7ahr.i.optimole.com\/w:300\/h:171\/q:mauto\/ig:avif\/https:\/\/noticiasnoface.com.br\/wp-content\/uploads\/2023\/10\/img_2736.jpg\" class=\"wp-image-19254\" srcset=\"https:\/\/mlbfrsat7ahr.i.optimole.com\/w:300\/h:171\/q:mauto\/ig:avif\/https:\/\/noticiasnoface.com.br\/wp-content\/uploads\/2023\/10\/img_2736.jpg 300w, https:\/\/mlbfrsat7ahr.i.optimole.com\/w:420\/h:240\/q:mauto\/ig:avif\/https:\/\/noticiasnoface.com.br\/wp-content\/uploads\/2023\/10\/img_2736.jpg 420w\" sizes=\"(max-width: 300px) 100vw, 300px\" \/><figcaption class=\"wp-element-caption\">Ministros de Lula usaram 49% mais voos da FAB do que os de Bolsonaro<br>For\u00e7a A\u00e9rea realizou 1.574 voos para atender autoridades em 2023; no primeiro ano do governo anterior foram 1.053<br>Nos nove primeiros meses de 2023, os avi\u00f5es da For\u00e7a A\u00e9rea Brasileira (FAB) fizeram 1.574 decolagens para atender autoridades do governo federal. \u00c9 o que mostra um levantamento pelo pela <strong>CNN<\/strong> com base nos dados divulgados pela FAB.<br>A conta exclui os voos do presidente e vice-presidente da Rep\u00fablica. Se comparado ao mesmo per\u00edodo da gest\u00e3o anterior, os auxiliares de Jair Bolsonaro (PL) voaram menos: entre janeiro e setembro de 2019, foram 1.053 voos. Aumento de 49%.<br><br>No geral, seja neste governo ou no anterior, as decolagens ocorrem para os mais diversos destinos. Desde o interior de estados do Nordeste, passando por regi\u00f5es isoladas do Amazonas, at\u00e9 grandes centros como S\u00e3o Paulo \u2013o destino mais solicitado pelos ministros.<br>V\u00eddeo: Oposi\u00e7\u00e3o critica ministra Anielle Franco por uso de avi\u00e3o da FAB<br>A lei permite que auxiliares do primeiro escal\u00e3o usem as cerca de 30 aeronaves da FAB em tr\u00eas situa\u00e7\u00f5es: \u201ca servi\u00e7o\u201d, o mais invocado; por \u201cseguran\u00e7a\u201d; e em raz\u00e3o de \u201cemerg\u00eancia m\u00e9dica\u201d, que \u00e9 pouco usada.<br>Para solicitar a aeronave, a autoridade precisa ficar numa fila, que depende da antiguidade da cria\u00e7\u00e3o do minist\u00e9rio. Os mais antigos t\u00eam prefer\u00eancia. Os mais novos, muitas vezes, precisam pegar carona para chegar ao destino.<br>Cada ministro, a depender da configura\u00e7\u00e3o do avi\u00e3o, pode transportar at\u00e9 15 convidados, que n\u00e3o necessariamente precisam ser servidores da administra\u00e7\u00e3o p\u00fablica.<br>Parlamentares tamb\u00e9m aproveitam a \u201cbeira\u201d para irem fazer pol\u00edtica em redutos eleitorais.<br>Entre os ministros que mais voaram de FAB em 2023 est\u00e1 o da Justi\u00e7a e da Seguran\u00e7a P\u00fablica, Fl\u00e1vio Dino. Foram 79 voos de Norte a Sul do pa\u00eds. Mas um detalhe chama aten\u00e7\u00e3o. Boa parte encerrou numa sexta-feira no Maranh\u00e3o, reduto eleitoral do ministro. Em todos os casos, o ministro justificou motivo de seguran\u00e7a para usar as aeronaves.<br>Anielle Franco, da Igualdade Racial, \u00e9 o caso mais recente que chamou aten\u00e7\u00e3o. Usou um desses avi\u00f5es para ir a uma partida de futebol em S\u00e3o Paulo, pela final da Copa do Brasil. Alegou estar a servi\u00e7o. Ela recebeu ataques nas redes sociais porque gravou um v\u00eddeo dentro da aeronave torcendo para o Flamengo, que jogara na ocasi\u00e3o. Tamb\u00e9m teve que se explicar. \u00c0 <strong>CNN,<\/strong> justificou que o voo est\u00e1 amparado pela legisla\u00e7\u00e3o.<br>Outro ministro no ranking dos que mais voaram \u00e0s custas da FAB \u00e9 o atual chefe da pasta do Empreendedorismo, da Micro e Pequena Empresa, M\u00e1rcio Fran\u00e7a. Enquanto esteve \u00e0 frente do Minist\u00e9rio de Portos e Aeroportos, voou 35 vezes. Em todos os casos alegou estar a servi\u00e7o, em atividade inerente \u00e0 pasta.<br>Outros Poderes<br>Al\u00e9m de ministros, os chefes de Poderes e os comandantes da Marinha, Ex\u00e9rcito e Aeron\u00e1utica tamb\u00e9m t\u00eam o direito de uso dos avi\u00f5es da FAB. Esses \u00faltimos pouco acionam o servi\u00e7o.<br>Quanto aos presidentes da C\u00e2mara, Senado e Supremo Tribunal Federal (STF), o uso \u00e9 mais frequente, no entanto bem abaixo dos 39 ministros de Luiz In\u00e1cio Lula da Silva (PT).<br>Arthur Lira (PP-AL), presidente da C\u00e2mara, voou 107 vezes; Rodrigo Pacheco (PSD-MG), do Senado, 77; e Rosa Weber, ent\u00e3o presidente do STF no per\u00edodo analisado, usou avi\u00f5es da FAB apor 31 vezes nos nove primeiros meses deste ano.<\/figcaption><\/figure>\n","protected":false},"excerpt":{"rendered":"","protected":false},"author":1,"featured_media":0,"comment_status":"open","ping_status":"open","sticky":false,"template":"","format":"standard","meta":{"site-sidebar-layout":"default","site-content-layout":"","ast-site-content-layout":"default","site-content-style":"default","site-sidebar-style":"default","ast-global-header-display":"","ast-banner-title-visibility":"","ast-main-header-display":"","ast-hfb-above-header-display":"","ast-hfb-below-header-display":"","ast-hfb-mobile-header-display":"","site-post-title":"","ast-breadcrumbs-content":"","ast-featured-img":"","footer-sml-layout":"","ast-disable-related-posts":"","theme-transparent-header-meta":"","adv-header-id-meta":"","stick-header-meta":"","header-above-stick-meta":"","header-main-stick-meta":"","header-below-stick-meta":"","astra-migrate-meta-layouts":"default","ast-page-background-enabled":"default","ast-page-background-meta":{"desktop":{"background-color":"var(--ast-global-color-4)","background-image":"","background-repeat":"repeat","background-position":"center center","background-size":"auto","background-attachment":"scroll","background-type":"","background-media":"","overlay-type":"","overlay-color":"","overlay-opacity":"","overlay-gradient":""},"tablet":{"background-color":"","background-image":"","background-repeat":"repeat","background-position":"center center","background-size":"auto","background-attachment":"scroll","background-type":"","background-media":"","overlay-type":"","overlay-color":"","overlay-opacity":"","overlay-gradient":""},"mobile":{"background-color":"","background-image":"","background-repeat":"repeat","background-position":"center center","background-size":"auto","background-attachment":"scroll","background-type":"","background-media":"","overlay-type":"","overlay-color":"","overlay-opacity":"","overlay-gradient":""}},"ast-content-background-meta":{"desktop":{"background-color":"var(--ast-global-color-5)","background-image":"","background-repeat":"repeat","background-position":"center center","background-size":"auto","background-attachment":"scroll","background-type":"","background-media":"","overlay-type":"","overlay-color":"","overlay-opacity":"","overlay-gradient":""},"tablet":{"background-color":"var(--ast-global-color-5)","background-image":"","background-repeat":"repeat","background-position":"center center","background-size":"auto","background-attachment":"scroll","background-type":"","background-media":"","overlay-type":"","overlay-color":"","overlay-opacity":"","overlay-gradient":""},"mobile":{"background-color":"var(--ast-global-color-5)","background-image":"","background-repeat":"repeat","background-position":"center center","background-size":"auto","background-attachment":"scroll","background-type":"","background-media":"","overlay-type":"","overlay-color":"","overlay-opacity":"","overlay-gradient":""}},"footnotes":""},"categories":[517],"tags":[],"class_list":["post-19255","post","type-post","status-publish","format-standard","hentry","category-aconteceu"],"_links":{"self":[{"href":"https:\/\/noticiasnoface.com.br\/index.php\/wp-json\/wp\/v2\/posts\/19255","targetHints":{"allow":["GET"]}}],"collection":[{"href":"https:\/\/noticiasnoface.com.br\/index.php\/wp-json\/wp\/v2\/posts"}],"about":[{"href":"https:\/\/noticiasnoface.com.br\/index.php\/wp-json\/wp\/v2\/types\/post"}],"author":[{"embeddable":true,"href":"https:\/\/noticiasnoface.com.br\/index.php\/wp-json\/wp\/v2\/users\/1"}],"replies":[{"embeddable":true,"href":"https:\/\/noticiasnoface.com.br\/index.php\/wp-json\/wp\/v2\/comments?post=19255"}],"version-history":[{"count":1,"href":"https:\/\/noticiasnoface.com.br\/index.php\/wp-json\/wp\/v2\/posts\/19255\/revisions"}],"predecessor-version":[{"id":19256,"href":"https:\/\/noticiasnoface.com.br\/index.php\/wp-json\/wp\/v2\/posts\/19255\/revisions\/19256"}],"wp:attachment":[{"href":"https:\/\/noticiasnoface.com.br\/index.php\/wp-json\/wp\/v2\/media?parent=19255"}],"wp:term":[{"taxonomy":"category","embeddable":true,"href":"https:\/\/noticiasnoface.com.br\/index.php\/wp-json\/wp\/v2\/categories?post=19255"},{"taxonomy":"post_tag","embeddable":true,"href":"https:\/\/noticiasnoface.com.br\/index.php\/wp-json\/wp\/v2\/tags?post=19255"}],"curies":[{"name":"wp","href":"https:\/\/api.w.org\/{rel}","templated":true}]}}