{"id":19335,"date":"2023-10-13T01:21:59","date_gmt":"2023-10-13T04:21:59","guid":{"rendered":"https:\/\/noticiasnoface.com.br\/?p=19335"},"modified":"2023-10-13T01:22:00","modified_gmt":"2023-10-13T04:22:00","slug":"influencer-karol-eller-tira-propria-vida","status":"publish","type":"post","link":"https:\/\/noticiasnoface.com.br\/index.php\/2023\/10\/13\/influencer-karol-eller-tira-propria-vida\/","title":{"rendered":"Influ\u00eancer Karol Eller tira  pr\u00f3pria vida"},"content":{"rendered":"\n<figure class=\"wp-block-image size-large\"><img data-opt-id=1211629684  fetchpriority=\"high\" decoding=\"async\" width=\"1024\" height=\"561\" src=\"https:\/\/mlbfrsat7ahr.i.optimole.com\/w:1024\/h:561\/q:mauto\/ig:avif\/https:\/\/noticiasnoface.com.br\/wp-content\/uploads\/2023\/10\/img_2929.jpg\" class=\"wp-image-19334\" srcset=\"https:\/\/mlbfrsat7ahr.i.optimole.com\/w:1024\/h:561\/q:mauto\/ig:avif\/https:\/\/noticiasnoface.com.br\/wp-content\/uploads\/2023\/10\/img_2929.jpg 1024w, https:\/\/mlbfrsat7ahr.i.optimole.com\/w:300\/h:164\/q:mauto\/ig:avif\/https:\/\/noticiasnoface.com.br\/wp-content\/uploads\/2023\/10\/img_2929.jpg 300w, https:\/\/mlbfrsat7ahr.i.optimole.com\/w:768\/h:421\/q:mauto\/ig:avif\/https:\/\/noticiasnoface.com.br\/wp-content\/uploads\/2023\/10\/img_2929.jpg 768w, https:\/\/mlbfrsat7ahr.i.optimole.com\/w:1366\/h:748\/q:mauto\/ig:avif\/https:\/\/noticiasnoface.com.br\/wp-content\/uploads\/2023\/10\/img_2929.jpg 1366w\" sizes=\"(max-width: 1000px) 100vw, 1000px\" \/><figcaption class=\"wp-element-caption\">Influencer Karol Eller comete suic\u00eddio um m\u00eas ap\u00f3s anunciar convers\u00e3o<br>Influencer bolsonarista Karol Eller anunciou recentemente em suas redes que havia renunciado \u00e0 \u201cpr\u00e1tica homossexual\u201d. Morte aconteceu em SP<br><br><br>A influencer Karol Eller, apoiadora do ex-presidente Jair Bolsonaro (PL), morreu nesta quinta-feira (12\/10) em S\u00e3o Paulo. Ela publicou, nas redes sociais, mensagem com afirma\u00e7\u00f5es como \u201cperdi a guerra\u201d e \u201clutei pela p\u00e1tria\u201d.<br>O falecimento foi confirmado por parlamentares como o deputado federal Nikolas Ferreira (PL-MG). \u201cEscrevo isso praticamente sem for\u00e7as, mas infelizmente Karol Eller veio a \u00f3bito. Que o Senhor conforte a vida de seus familiares\u201d, escreveu Nikolas no X (antigo Twitter).<br>\u201cCom muito pesar mesmo acabei de receber a not\u00edcia do falecimento da Karol Eller. Que Deus em sua infinita bondade conforte familiares e amigos, vai fazer falta por aqui\u201d, publicou o tamb\u00e9m deputado Eduardo Bolsonaro (PL-SP).<br>O senador Fl\u00e1vio Bolsonaro (PL-RJ) lamentou a morte de Karol. \u201cRecebi com muita tristeza a not\u00edcia da morte da Karol Eller, uma pessoa de cora\u00e7\u00e3o gigantesco, uma grande mulher. Pe\u00e7o respeito pela hist\u00f3ria da Karol e ora\u00e7\u00f5es pela alma dela e pelo conforto de todos. Que Deus a receba!\u201d, escreveu.<br>Em setembro, a influenciadora anunciou em publica\u00e7\u00e3o nas redes sociais ter \u201crenunciado \u00e0 pr\u00e1tica homossexual\u201d, al\u00e9m de \u201cv\u00edcios e desejos da carne\u201d ap\u00f3s voltar de retiro religioso. Apoiadora da fam\u00edlia Bolsonaro, ela se filiou ao Partido Liberal (PL) em agosto.<br>Busque ajuda<br>O Metr\u00f3poles tem a pol\u00edtica de publicar informa\u00e7\u00f5es sobre casos de suic\u00eddio ou tentativas que ocorrem em locais p\u00fablicos ou causam mobiliza\u00e7\u00e3o social. Isso porque \u00e9 um tema debatido com muito cuidado pelas pessoas em geral. O sil\u00eancio, por\u00e9m, camufla outro problema: a falta de conhecimento sobre o que, de fato, leva essas pessoas a se matarem.<br>Depress\u00e3o, esquizofrenia e o uso de drogas il\u00edcitas s\u00e3o os principais males identificados pelos m\u00e9dicos em um potencial suicida. Problemas que poderiam ser tratados e evitados em 90% dos casos, segundo a Associa\u00e7\u00e3o Brasileira de Psiquiatria.<br>Est\u00e1 passando por um per\u00edodo dif\u00edcil? O Centro de Valoriza\u00e7\u00e3o da Vida (CVV) pode te ajudar. A organiza\u00e7\u00e3o atua no apoio emocional e na preven\u00e7\u00e3o do suic\u00eddio, atendendo volunt\u00e1ria e gratuitamente todas as pessoas que querem e precisam conversar, sob total sigilo, por telefone, e-mail, chat e Skype 24 horas todos os dias.<br>O N\u00facleo de Sa\u00fade Mental (Nusam) do Samu tamb\u00e9m \u00e9 respons\u00e1vel por atender demandas relacionadas a transtornos psicol\u00f3gicos. O N\u00facleo atua tanto de forma presencial, atendendo em ambul\u00e2ncia, como a dist\u00e2ncia, por telefone, na Central de Regula\u00e7\u00e3o M\u00e9dica 192.<br>Disque 188<br>A cada m\u00eas, em m\u00e9dia, mil pessoas procuram ajuda no Centro de Valoriza\u00e7\u00e3o da Vida (CVV). S\u00e3o 33 casos por dia, ou mais de um por hora. Se n\u00e3o for tratada, a depress\u00e3o pode levar a atitudes extremas.<br>Segundo dados da Organiza\u00e7\u00e3o Mundial da Sa\u00fade (OMS), a cada dia, 32 pessoas cometem suic\u00eddio no Brasil. Hoje, o CVV \u00e9 um dos poucos servi\u00e7os em Bras\u00edlia em que se pode encontrar ajuda de gra\u00e7a. Cerca de 50 volunt\u00e1rios atendem 24 horas por dia a quem precisa.<\/figcaption><\/figure>\n","protected":false},"excerpt":{"rendered":"","protected":false},"author":1,"featured_media":0,"comment_status":"open","ping_status":"open","sticky":false,"template":"","format":"standard","meta":{"site-sidebar-layout":"default","site-content-layout":"","ast-site-content-layout":"default","site-content-style":"default","site-sidebar-style":"default","ast-global-header-display":"","ast-banner-title-visibility":"","ast-main-header-display":"","ast-hfb-above-header-display":"","ast-hfb-below-header-display":"","ast-hfb-mobile-header-display":"","site-post-title":"","ast-breadcrumbs-content":"","ast-featured-img":"","footer-sml-layout":"","ast-disable-related-posts":"","theme-transparent-header-meta":"","adv-header-id-meta":"","stick-header-meta":"","header-above-stick-meta":"","header-main-stick-meta":"","header-below-stick-meta":"","astra-migrate-meta-layouts":"default","ast-page-background-enabled":"default","ast-page-background-meta":{"desktop":{"background-color":"var(--ast-global-color-4)","background-image":"","background-repeat":"repeat","background-position":"center center","background-size":"auto","background-attachment":"scroll","background-type":"","background-media":"","overlay-type":"","overlay-color":"","overlay-opacity":"","overlay-gradient":""},"tablet":{"background-color":"","background-image":"","background-repeat":"repeat","background-position":"center center","background-size":"auto","background-attachment":"scroll","background-type":"","background-media":"","overlay-type":"","overlay-color":"","overlay-opacity":"","overlay-gradient":""},"mobile":{"background-color":"","background-image":"","background-repeat":"repeat","background-position":"center center","background-size":"auto","background-attachment":"scroll","background-type":"","background-media":"","overlay-type":"","overlay-color":"","overlay-opacity":"","overlay-gradient":""}},"ast-content-background-meta":{"desktop":{"background-color":"var(--ast-global-color-5)","background-image":"","background-repeat":"repeat","background-position":"center center","background-size":"auto","background-attachment":"scroll","background-type":"","background-media":"","overlay-type":"","overlay-color":"","overlay-opacity":"","overlay-gradient":""},"tablet":{"background-color":"var(--ast-global-color-5)","background-image":"","background-repeat":"repeat","background-position":"center center","background-size":"auto","background-attachment":"scroll","background-type":"","background-media":"","overlay-type":"","overlay-color":"","overlay-opacity":"","overlay-gradient":""},"mobile":{"background-color":"var(--ast-global-color-5)","background-image":"","background-repeat":"repeat","background-position":"center center","background-size":"auto","background-attachment":"scroll","background-type":"","background-media":"","overlay-type":"","overlay-color":"","overlay-opacity":"","overlay-gradient":""}},"footnotes":""},"categories":[517],"tags":[],"class_list":["post-19335","post","type-post","status-publish","format-standard","hentry","category-aconteceu"],"_links":{"self":[{"href":"https:\/\/noticiasnoface.com.br\/index.php\/wp-json\/wp\/v2\/posts\/19335","targetHints":{"allow":["GET"]}}],"collection":[{"href":"https:\/\/noticiasnoface.com.br\/index.php\/wp-json\/wp\/v2\/posts"}],"about":[{"href":"https:\/\/noticiasnoface.com.br\/index.php\/wp-json\/wp\/v2\/types\/post"}],"author":[{"embeddable":true,"href":"https:\/\/noticiasnoface.com.br\/index.php\/wp-json\/wp\/v2\/users\/1"}],"replies":[{"embeddable":true,"href":"https:\/\/noticiasnoface.com.br\/index.php\/wp-json\/wp\/v2\/comments?post=19335"}],"version-history":[{"count":1,"href":"https:\/\/noticiasnoface.com.br\/index.php\/wp-json\/wp\/v2\/posts\/19335\/revisions"}],"predecessor-version":[{"id":19336,"href":"https:\/\/noticiasnoface.com.br\/index.php\/wp-json\/wp\/v2\/posts\/19335\/revisions\/19336"}],"wp:attachment":[{"href":"https:\/\/noticiasnoface.com.br\/index.php\/wp-json\/wp\/v2\/media?parent=19335"}],"wp:term":[{"taxonomy":"category","embeddable":true,"href":"https:\/\/noticiasnoface.com.br\/index.php\/wp-json\/wp\/v2\/categories?post=19335"},{"taxonomy":"post_tag","embeddable":true,"href":"https:\/\/noticiasnoface.com.br\/index.php\/wp-json\/wp\/v2\/tags?post=19335"}],"curies":[{"name":"wp","href":"https:\/\/api.w.org\/{rel}","templated":true}]}}