{"id":19382,"date":"2023-10-15T07:42:36","date_gmt":"2023-10-15T10:42:36","guid":{"rendered":"https:\/\/noticiasnoface.com.br\/?p=19382"},"modified":"2023-10-15T07:42:37","modified_gmt":"2023-10-15T10:42:37","slug":"caco-barcelos-casa-com-promotora-de-justica","status":"publish","type":"post","link":"https:\/\/noticiasnoface.com.br\/index.php\/2023\/10\/15\/caco-barcelos-casa-com-promotora-de-justica\/","title":{"rendered":"Caco Barcelos casa com promotora de justi\u00e7a"},"content":{"rendered":"\n<figure class=\"wp-block-image size-large\"><img data-opt-id=515393697  fetchpriority=\"high\" decoding=\"async\" width=\"300\" height=\"200\" src=\"https:\/\/mlbfrsat7ahr.i.optimole.com\/w:300\/h:200\/q:mauto\/ig:avif\/https:\/\/noticiasnoface.com.br\/wp-content\/uploads\/2023\/10\/img_3049-1.jpg\" class=\"wp-image-19381\" srcset=\"https:\/\/mlbfrsat7ahr.i.optimole.com\/w:300\/h:200\/q:mauto\/ig:avif\/https:\/\/noticiasnoface.com.br\/wp-content\/uploads\/2023\/10\/img_3049-1.jpg 300w, https:\/\/mlbfrsat7ahr.i.optimole.com\/w:768\/h:513\/q:mauto\/ig:avif\/https:\/\/noticiasnoface.com.br\/wp-content\/uploads\/2023\/10\/img_3049-1.jpg 768w, https:\/\/mlbfrsat7ahr.i.optimole.com\/w:1004\/h:670\/q:mauto\/ig:avif\/https:\/\/noticiasnoface.com.br\/wp-content\/uploads\/2023\/10\/img_3049-1.jpg 1004w\" sizes=\"(max-width: 300px) 100vw, 300px\" \/><figcaption class=\"wp-element-caption\">O jornalista <a href=\"https:\/\/www.metropoles.com\/search?q=caco+barcellos\" target=\"_blank\" rel=\"noreferrer noopener\">Caco Barcellos<\/a> se casou com Carla Tilley, nesta sexta-feira (13\/10), em S\u00e3o Paulo. Amigos dos noivos compartilharam fotos da celebra\u00e7\u00e3o, que contou com a presen\u00e7a de v\u00e1rias figuras conhecidas das telinhas da <a href=\"https:\/\/www.instagram.com\/tvglobo\/\" target=\"_blank\" rel=\"noreferrer noopener\">TV Globo<\/a>.<br>O cas\u00f3rio, no entanto, fez despertar a curiosidade do p\u00fablico em saber quem \u00e9 a mulher que ganhou o cora\u00e7\u00e3o de Caco Barcellos.<br>Assim como o apresentador da TV Globo, Carla costuma ser bastante discreta com sua vida pessoal. Ela \u00e9 promotora de Justi\u00e7a do Rio de Janeiro, onde nasceu.<br>Entre os convidados do casamento de Caco Barcellos e Carla Tilley estavam: Carlos Tramontina, Ernesto Paglia, <a href=\"https:\/\/www.instagram.com\/sandra.annenberg.real\/\" target=\"_blank\" rel=\"noreferrer noopener\">Sandra Annenberg<\/a>, Alberto Gaspar, Carlos Nascimento e Jos\u00e9 Roberto Burnier.<br>Quem tamb\u00e9m esteve na comemora\u00e7\u00e3o foi <a href=\"https:\/\/www.instagram.com\/anamariabragaoficial\/\" target=\"_blank\" rel=\"noreferrer noopener\">Ana Maria Braga<\/a>. A apresentadora do Mais Voc\u00ea \u00e9 considerada a \u201ccupido\u201d do casal. Isso porque, no fim do ano passado, quando participou do programa da Globo, Caco Barcellos se emocionou ao falar que ele e Carla estavam separados por um erro dele.<br>\u201cEu conheci ela em uma situa\u00e7\u00e3o dram\u00e1tica: a perda de dois filhos, derivada de um erro m\u00e9dico. Tempos depois a gente se apaixonou. Ela teve uma import\u00e2ncia muito grande na minha vida. Por eu ser dedicado demais ao trabalho, acho que descuidava um pouco das rela\u00e7\u00f5es afetivas, ela me trouxe um certo equil\u00edbrio. \u00c9 uma pena, porque agora a gente est\u00e1 afastado, devido a um erro meu. Mas tenho esperan\u00e7a\u201d, disse Caco, na ocasi\u00e3o.<br>Ana Maria Braga, ent\u00e3o, <a href=\"https:\/\/www.metropoles.com\/celebridades\/caco-barcellos-revela-ajuda-de-ana-maria-para-reatar-namoro-entenda\" target=\"_blank\" rel=\"noreferrer noopener\">fez um apelo para a promotora, dando um \u201cempurr\u00e3ozinho\u201d para os dois reatarem<\/a>. \u201c\u00d4, Carlinha. Ai que intimidade, desculpa. Mas olha, amor, s\u00e3o momentos dif\u00edceis de encontrar na vida da gente. Quando achamos algu\u00e9m que bate no cora\u00e7\u00e3o\u2026 Errar todo mundo erra, mas aprendemos com erros\u201d, disse a apresentadora.<br>Meses depois, em abril deste ano, ao participar do programa Encontro, tamb\u00e9m na Globo, Caco Barcellos contou que tinha reatado a rela\u00e7\u00e3o com Carla. \u201cEu preciso agradecer a Ana Maria Braga, porque a influ\u00eancia dela me ajudou bastante. A namorada voltou. Um beijo, Ana Maria. Muito obrigado\u201d, contou ele.<\/figcaption><\/figure>\n","protected":false},"excerpt":{"rendered":"","protected":false},"author":1,"featured_media":0,"comment_status":"open","ping_status":"open","sticky":false,"template":"","format":"standard","meta":{"site-sidebar-layout":"default","site-content-layout":"","ast-site-content-layout":"default","site-content-style":"default","site-sidebar-style":"default","ast-global-header-display":"","ast-banner-title-visibility":"","ast-main-header-display":"","ast-hfb-above-header-display":"","ast-hfb-below-header-display":"","ast-hfb-mobile-header-display":"","site-post-title":"","ast-breadcrumbs-content":"","ast-featured-img":"","footer-sml-layout":"","ast-disable-related-posts":"","theme-transparent-header-meta":"","adv-header-id-meta":"","stick-header-meta":"","header-above-stick-meta":"","header-main-stick-meta":"","header-below-stick-meta":"","astra-migrate-meta-layouts":"default","ast-page-background-enabled":"default","ast-page-background-meta":{"desktop":{"background-color":"var(--ast-global-color-4)","background-image":"","background-repeat":"repeat","background-position":"center center","background-size":"auto","background-attachment":"scroll","background-type":"","background-media":"","overlay-type":"","overlay-color":"","overlay-opacity":"","overlay-gradient":""},"tablet":{"background-color":"","background-image":"","background-repeat":"repeat","background-position":"center center","background-size":"auto","background-attachment":"scroll","background-type":"","background-media":"","overlay-type":"","overlay-color":"","overlay-opacity":"","overlay-gradient":""},"mobile":{"background-color":"","background-image":"","background-repeat":"repeat","background-position":"center center","background-size":"auto","background-attachment":"scroll","background-type":"","background-media":"","overlay-type":"","overlay-color":"","overlay-opacity":"","overlay-gradient":""}},"ast-content-background-meta":{"desktop":{"background-color":"var(--ast-global-color-5)","background-image":"","background-repeat":"repeat","background-position":"center center","background-size":"auto","background-attachment":"scroll","background-type":"","background-media":"","overlay-type":"","overlay-color":"","overlay-opacity":"","overlay-gradient":""},"tablet":{"background-color":"var(--ast-global-color-5)","background-image":"","background-repeat":"repeat","background-position":"center center","background-size":"auto","background-attachment":"scroll","background-type":"","background-media":"","overlay-type":"","overlay-color":"","overlay-opacity":"","overlay-gradient":""},"mobile":{"background-color":"var(--ast-global-color-5)","background-image":"","background-repeat":"repeat","background-position":"center center","background-size":"auto","background-attachment":"scroll","background-type":"","background-media":"","overlay-type":"","overlay-color":"","overlay-opacity":"","overlay-gradient":""}},"footnotes":""},"categories":[517],"tags":[],"class_list":["post-19382","post","type-post","status-publish","format-standard","hentry","category-aconteceu"],"_links":{"self":[{"href":"https:\/\/noticiasnoface.com.br\/index.php\/wp-json\/wp\/v2\/posts\/19382","targetHints":{"allow":["GET"]}}],"collection":[{"href":"https:\/\/noticiasnoface.com.br\/index.php\/wp-json\/wp\/v2\/posts"}],"about":[{"href":"https:\/\/noticiasnoface.com.br\/index.php\/wp-json\/wp\/v2\/types\/post"}],"author":[{"embeddable":true,"href":"https:\/\/noticiasnoface.com.br\/index.php\/wp-json\/wp\/v2\/users\/1"}],"replies":[{"embeddable":true,"href":"https:\/\/noticiasnoface.com.br\/index.php\/wp-json\/wp\/v2\/comments?post=19382"}],"version-history":[{"count":1,"href":"https:\/\/noticiasnoface.com.br\/index.php\/wp-json\/wp\/v2\/posts\/19382\/revisions"}],"predecessor-version":[{"id":19383,"href":"https:\/\/noticiasnoface.com.br\/index.php\/wp-json\/wp\/v2\/posts\/19382\/revisions\/19383"}],"wp:attachment":[{"href":"https:\/\/noticiasnoface.com.br\/index.php\/wp-json\/wp\/v2\/media?parent=19382"}],"wp:term":[{"taxonomy":"category","embeddable":true,"href":"https:\/\/noticiasnoface.com.br\/index.php\/wp-json\/wp\/v2\/categories?post=19382"},{"taxonomy":"post_tag","embeddable":true,"href":"https:\/\/noticiasnoface.com.br\/index.php\/wp-json\/wp\/v2\/tags?post=19382"}],"curies":[{"name":"wp","href":"https:\/\/api.w.org\/{rel}","templated":true}]}}