{"id":19399,"date":"2023-10-16T09:36:23","date_gmt":"2023-10-16T12:36:23","guid":{"rendered":"https:\/\/noticiasnoface.com.br\/?p=19399"},"modified":"2023-10-16T09:36:25","modified_gmt":"2023-10-16T12:36:25","slug":"articulacao-de-paulinho-garante-progressistas-para-eriko-jacome","status":"publish","type":"post","link":"https:\/\/noticiasnoface.com.br\/index.php\/2023\/10\/16\/articulacao-de-paulinho-garante-progressistas-para-eriko-jacome\/","title":{"rendered":"ARTICULA\u00c7\u00c3O DE PAULINHO GARANTE PROGRESSISTAS PARA \u00c9RIKO J\u00c1COME"},"content":{"rendered":"\n<figure class=\"wp-block-image size-large\"><img data-opt-id=1968971979  fetchpriority=\"high\" decoding=\"async\" width=\"1024\" height=\"940\" src=\"https:\/\/mlbfrsat7ahr.i.optimole.com\/w:1024\/h:940\/q:mauto\/ig:avif\/https:\/\/noticiasnoface.com.br\/wp-content\/uploads\/2023\/10\/photo-output-1-2.png\" class=\"wp-image-19398\" srcset=\"https:\/\/mlbfrsat7ahr.i.optimole.com\/w:1024\/h:940\/q:mauto\/ig:avif\/https:\/\/noticiasnoface.com.br\/wp-content\/uploads\/2023\/10\/photo-output-1-2.png 1024w, https:\/\/mlbfrsat7ahr.i.optimole.com\/w:300\/h:275\/q:mauto\/ig:avif\/https:\/\/noticiasnoface.com.br\/wp-content\/uploads\/2023\/10\/photo-output-1-2.png 300w, https:\/\/mlbfrsat7ahr.i.optimole.com\/w:768\/h:705\/q:mauto\/ig:avif\/https:\/\/noticiasnoface.com.br\/wp-content\/uploads\/2023\/10\/photo-output-1-2.png 768w, https:\/\/mlbfrsat7ahr.i.optimole.com\/w:1176\/h:1080\/q:mauto\/ig:avif\/https:\/\/noticiasnoface.com.br\/wp-content\/uploads\/2023\/10\/photo-output-1-2.png 1536w, https:\/\/mlbfrsat7ahr.i.optimole.com\/w:1176\/h:1080\/q:mauto\/ig:avif\/https:\/\/noticiasnoface.com.br\/wp-content\/uploads\/2023\/10\/photo-output-1-2.png 2048w\" sizes=\"(max-width: 1000px) 100vw, 1000px\" \/><figcaption class=\"wp-element-caption\">H\u00e1 cerca de dois meses o deputado federal Paulinho Freire colocou debaixo do bra\u00e7o os presidentes da C\u00e2mara de Natal e da Assembleia Legislativa \u00c9riko J\u00e1come e Ezequiel Ferreira respectivamente e os levou at\u00e9 a resid\u00eancia oficial do presidente da C\u00e2mara Federal deputado Arthur Lira. <br><br>Paulinho demonstrou prest\u00edgio junto ao comandante da C\u00e2mara e l\u00edder Nacional do Progressitas. Na ocasi\u00e3o, ficou selada a costura para o diret\u00f3rio do Progressistas em Natal ser ocupado por \u00c9riko J\u00e1come (de sa\u00edda do MDB) e o seu grupo pol\u00edtico. <br><br>Ainda no MDB, \u00c9riko indicou o pr\u00e9-candidato a vereador de Natal Daniel Santiago para presidir a Comiss\u00e3o Provis\u00f3ria do PP na capital. Daniel \u00e9 uma das figuras mais corretas que conheci no meio pol\u00edtico.<br>A nominata que est\u00e1 em constru\u00e7\u00e3o poder\u00e1 conquistar at\u00e9 tr\u00eas assentos na C\u00e2mara de Natal no pr\u00f3ximo pleito.<\/figcaption><\/figure>\n","protected":false},"excerpt":{"rendered":"","protected":false},"author":1,"featured_media":0,"comment_status":"open","ping_status":"open","sticky":false,"template":"","format":"standard","meta":{"site-sidebar-layout":"default","site-content-layout":"","ast-site-content-layout":"default","site-content-style":"default","site-sidebar-style":"default","ast-global-header-display":"","ast-banner-title-visibility":"","ast-main-header-display":"","ast-hfb-above-header-display":"","ast-hfb-below-header-display":"","ast-hfb-mobile-header-display":"","site-post-title":"","ast-breadcrumbs-content":"","ast-featured-img":"","footer-sml-layout":"","ast-disable-related-posts":"","theme-transparent-header-meta":"","adv-header-id-meta":"","stick-header-meta":"","header-above-stick-meta":"","header-main-stick-meta":"","header-below-stick-meta":"","astra-migrate-meta-layouts":"default","ast-page-background-enabled":"default","ast-page-background-meta":{"desktop":{"background-color":"var(--ast-global-color-4)","background-image":"","background-repeat":"repeat","background-position":"center center","background-size":"auto","background-attachment":"scroll","background-type":"","background-media":"","overlay-type":"","overlay-color":"","overlay-opacity":"","overlay-gradient":""},"tablet":{"background-color":"","background-image":"","background-repeat":"repeat","background-position":"center center","background-size":"auto","background-attachment":"scroll","background-type":"","background-media":"","overlay-type":"","overlay-color":"","overlay-opacity":"","overlay-gradient":""},"mobile":{"background-color":"","background-image":"","background-repeat":"repeat","background-position":"center center","background-size":"auto","background-attachment":"scroll","background-type":"","background-media":"","overlay-type":"","overlay-color":"","overlay-opacity":"","overlay-gradient":""}},"ast-content-background-meta":{"desktop":{"background-color":"var(--ast-global-color-5)","background-image":"","background-repeat":"repeat","background-position":"center center","background-size":"auto","background-attachment":"scroll","background-type":"","background-media":"","overlay-type":"","overlay-color":"","overlay-opacity":"","overlay-gradient":""},"tablet":{"background-color":"var(--ast-global-color-5)","background-image":"","background-repeat":"repeat","background-position":"center center","background-size":"auto","background-attachment":"scroll","background-type":"","background-media":"","overlay-type":"","overlay-color":"","overlay-opacity":"","overlay-gradient":""},"mobile":{"background-color":"var(--ast-global-color-5)","background-image":"","background-repeat":"repeat","background-position":"center center","background-size":"auto","background-attachment":"scroll","background-type":"","background-media":"","overlay-type":"","overlay-color":"","overlay-opacity":"","overlay-gradient":""}},"footnotes":""},"categories":[153],"tags":[],"class_list":["post-19399","post","type-post","status-publish","format-standard","hentry","category-politica"],"_links":{"self":[{"href":"https:\/\/noticiasnoface.com.br\/index.php\/wp-json\/wp\/v2\/posts\/19399","targetHints":{"allow":["GET"]}}],"collection":[{"href":"https:\/\/noticiasnoface.com.br\/index.php\/wp-json\/wp\/v2\/posts"}],"about":[{"href":"https:\/\/noticiasnoface.com.br\/index.php\/wp-json\/wp\/v2\/types\/post"}],"author":[{"embeddable":true,"href":"https:\/\/noticiasnoface.com.br\/index.php\/wp-json\/wp\/v2\/users\/1"}],"replies":[{"embeddable":true,"href":"https:\/\/noticiasnoface.com.br\/index.php\/wp-json\/wp\/v2\/comments?post=19399"}],"version-history":[{"count":1,"href":"https:\/\/noticiasnoface.com.br\/index.php\/wp-json\/wp\/v2\/posts\/19399\/revisions"}],"predecessor-version":[{"id":19400,"href":"https:\/\/noticiasnoface.com.br\/index.php\/wp-json\/wp\/v2\/posts\/19399\/revisions\/19400"}],"wp:attachment":[{"href":"https:\/\/noticiasnoface.com.br\/index.php\/wp-json\/wp\/v2\/media?parent=19399"}],"wp:term":[{"taxonomy":"category","embeddable":true,"href":"https:\/\/noticiasnoface.com.br\/index.php\/wp-json\/wp\/v2\/categories?post=19399"},{"taxonomy":"post_tag","embeddable":true,"href":"https:\/\/noticiasnoface.com.br\/index.php\/wp-json\/wp\/v2\/tags?post=19399"}],"curies":[{"name":"wp","href":"https:\/\/api.w.org\/{rel}","templated":true}]}}