{"id":19403,"date":"2023-10-16T11:00:26","date_gmt":"2023-10-16T14:00:26","guid":{"rendered":"https:\/\/noticiasnoface.com.br\/?p=19403"},"modified":"2023-10-16T11:01:57","modified_gmt":"2023-10-16T14:01:57","slug":"motivo-da-menina-tocar-fogo-pq-foi-proibida-de-usar-o-celular","status":"publish","type":"post","link":"https:\/\/noticiasnoface.com.br\/index.php\/2023\/10\/16\/motivo-da-menina-tocar-fogo-pq-foi-proibida-de-usar-o-celular\/","title":{"rendered":"Motivo da menina tocar fogo em apartamento\u201cFoi PROIBIDA DE USAR O CELULAR\u201d"},"content":{"rendered":"\n<figure class=\"wp-block-image size-large\"><img data-opt-id=1038798165  fetchpriority=\"high\" decoding=\"async\" width=\"1024\" height=\"576\" src=\"https:\/\/mlbfrsat7ahr.i.optimole.com\/w:1024\/h:576\/q:mauto\/ig:avif\/https:\/\/noticiasnoface.com.br\/wp-content\/uploads\/2023\/10\/photo-output-2.jpg\" alt=\"\" class=\"wp-image-19401\" srcset=\"https:\/\/mlbfrsat7ahr.i.optimole.com\/w:1024\/h:576\/q:mauto\/ig:avif\/https:\/\/noticiasnoface.com.br\/wp-content\/uploads\/2023\/10\/photo-output-2.jpg 1024w, https:\/\/mlbfrsat7ahr.i.optimole.com\/w:300\/h:169\/q:mauto\/ig:avif\/https:\/\/noticiasnoface.com.br\/wp-content\/uploads\/2023\/10\/photo-output-2.jpg 300w, https:\/\/mlbfrsat7ahr.i.optimole.com\/w:768\/h:432\/q:mauto\/ig:avif\/https:\/\/noticiasnoface.com.br\/wp-content\/uploads\/2023\/10\/photo-output-2.jpg 768w, https:\/\/mlbfrsat7ahr.i.optimole.com\/w:1536\/h:864\/q:mauto\/ig:avif\/https:\/\/noticiasnoface.com.br\/wp-content\/uploads\/2023\/10\/photo-output-2.jpg 1536w, https:\/\/mlbfrsat7ahr.i.optimole.com\/w:800\/h:450\/q:mauto\/ig:avif\/https:\/\/noticiasnoface.com.br\/wp-content\/uploads\/2023\/10\/photo-output-2.jpg 800w, https:\/\/mlbfrsat7ahr.i.optimole.com\/w:1920\/h:1080\/q:mauto\/ig:avif\/https:\/\/noticiasnoface.com.br\/wp-content\/uploads\/2023\/10\/photo-output-2.jpg 2048w\" sizes=\"(max-width: 1000px) 100vw, 1000px\" \/><figcaption class=\"wp-element-caption\">A garota de 11 anos que ateou fogo no sof\u00e1 da casa dos av\u00f3s no \u00faltimo (14) em <a href=\"https:\/\/www.bnews.com.br\/tags\/minas-gerais\" target=\"_blank\" rel=\"noreferrer noopener\">Patos de Minas (MG)<\/a> trancou o apartamento com os familiares dentro e foi brincar. A informa\u00e7\u00e3o foi confirmada pela <a href=\"https:\/\/www.bnews.com.br\/tags\/policia-militar\" target=\"_blank\" rel=\"noreferrer noopener\">Pol\u00edcia Militar.<\/a><br \/>Para fugir do fogo o casal teve que pular do quarto andar do pr\u00e9dio pela janela do apartamento e caiu em colch\u00f5es colocados por vizinhos para amortecer a queda.<br \/>Segundo o boletim de ocorr\u00eancia, o av\u00f4 da garota disse que no s\u00e1bado, ele e a esposa estavam deitados no quarto quando a garota entrou no c\u00f4modo e pediu para usar celular. Mas, a av\u00f3 n\u00e3o permitiu.<br \/>Em seguida, a menina contou que ia descer para o p\u00e1tio para andar de patins. Logo depois, o av\u00f4 acordou e sentiu cheiro de fuma\u00e7a.<br \/>Ao tentar sair do quarto, ele notou que a porta estava trancada por fora. Um vizinho conseguiu arromb\u00e1-la, mas n\u00e3o conseguiu sair do c\u00f4modo em raz\u00e3o das chamas. Com isso, resolveu tirar a tela de prote\u00e7\u00e3o da janela para que ele e a esposa pudessem pular.<br \/><a href=\"https:\/\/www.bnews.com.br\/tags\/hospital\" target=\"_blank\" rel=\"noreferrer noopener\">A av\u00f3 da garota foi encaminhada ao Hospital Regional Ant\u00f4nio Dias (HRAD)<\/a> com dores nas pernas e no peito. J\u00e1 o esposo, que pulou em seguida, n\u00e3o precisou ir para a unidade de sa\u00fade.<br \/>Ainda de acordo com o av\u00f4 da crian\u00e7a, ela costuma passar v\u00e1rios dias da semana na casa dele e tem mudan\u00e7as de humor repentinas.<br \/>Ele informou ainda que a garota estava de castigo e foi proibida de usar o celular, mas n\u00e3o soube dizer se a puni\u00e7\u00e3o foi a causa de ela ter provocado o inc\u00eandio.<br \/>Aos policiais, a menina afirmou que colocou fogo no sof\u00e1, trancou o apartamento e desceu para andar de patins. A menina n\u00e3o foi levada para delegacia por ser menor de idade, e ficou sob os cuidados da m\u00e3e.<\/figcaption><\/figure>\n\n\n\n<figure class=\"wp-block-video\"><video height=\"1280\" style=\"aspect-ratio: 720 \/ 1280;\" width=\"720\" controls src=\"https:\/\/noticiasnoface.com.br\/wp-content\/uploads\/2023\/10\/lt2k_nb47cq2l4na-1-1.mp4\"><\/video><figcaption class=\"wp-element-caption\">Ap\u00f3s ficar proibida de usar o celular garota atea fogo em apartamento e tranca os av\u00f3s no quarto <\/figcaption><\/figure>\n","protected":false},"excerpt":{"rendered":"","protected":false},"author":1,"featured_media":0,"comment_status":"open","ping_status":"open","sticky":false,"template":"","format":"standard","meta":{"site-sidebar-layout":"default","site-content-layout":"","ast-site-content-layout":"default","site-content-style":"default","site-sidebar-style":"default","ast-global-header-display":"","ast-banner-title-visibility":"","ast-main-header-display":"","ast-hfb-above-header-display":"","ast-hfb-below-header-display":"","ast-hfb-mobile-header-display":"","site-post-title":"","ast-breadcrumbs-content":"","ast-featured-img":"","footer-sml-layout":"","ast-disable-related-posts":"","theme-transparent-header-meta":"","adv-header-id-meta":"","stick-header-meta":"","header-above-stick-meta":"","header-main-stick-meta":"","header-below-stick-meta":"","astra-migrate-meta-layouts":"default","ast-page-background-enabled":"default","ast-page-background-meta":{"desktop":{"background-color":"var(--ast-global-color-4)","background-image":"","background-repeat":"repeat","background-position":"center center","background-size":"auto","background-attachment":"scroll","background-type":"","background-media":"","overlay-type":"","overlay-color":"","overlay-opacity":"","overlay-gradient":""},"tablet":{"background-color":"","background-image":"","background-repeat":"repeat","background-position":"center center","background-size":"auto","background-attachment":"scroll","background-type":"","background-media":"","overlay-type":"","overlay-color":"","overlay-opacity":"","overlay-gradient":""},"mobile":{"background-color":"","background-image":"","background-repeat":"repeat","background-position":"center center","background-size":"auto","background-attachment":"scroll","background-type":"","background-media":"","overlay-type":"","overlay-color":"","overlay-opacity":"","overlay-gradient":""}},"ast-content-background-meta":{"desktop":{"background-color":"var(--ast-global-color-5)","background-image":"","background-repeat":"repeat","background-position":"center center","background-size":"auto","background-attachment":"scroll","background-type":"","background-media":"","overlay-type":"","overlay-color":"","overlay-opacity":"","overlay-gradient":""},"tablet":{"background-color":"var(--ast-global-color-5)","background-image":"","background-repeat":"repeat","background-position":"center center","background-size":"auto","background-attachment":"scroll","background-type":"","background-media":"","overlay-type":"","overlay-color":"","overlay-opacity":"","overlay-gradient":""},"mobile":{"background-color":"var(--ast-global-color-5)","background-image":"","background-repeat":"repeat","background-position":"center center","background-size":"auto","background-attachment":"scroll","background-type":"","background-media":"","overlay-type":"","overlay-color":"","overlay-opacity":"","overlay-gradient":""}},"footnotes":""},"categories":[517],"tags":[],"class_list":["post-19403","post","type-post","status-publish","format-standard","hentry","category-aconteceu"],"_links":{"self":[{"href":"https:\/\/noticiasnoface.com.br\/index.php\/wp-json\/wp\/v2\/posts\/19403","targetHints":{"allow":["GET"]}}],"collection":[{"href":"https:\/\/noticiasnoface.com.br\/index.php\/wp-json\/wp\/v2\/posts"}],"about":[{"href":"https:\/\/noticiasnoface.com.br\/index.php\/wp-json\/wp\/v2\/types\/post"}],"author":[{"embeddable":true,"href":"https:\/\/noticiasnoface.com.br\/index.php\/wp-json\/wp\/v2\/users\/1"}],"replies":[{"embeddable":true,"href":"https:\/\/noticiasnoface.com.br\/index.php\/wp-json\/wp\/v2\/comments?post=19403"}],"version-history":[{"count":2,"href":"https:\/\/noticiasnoface.com.br\/index.php\/wp-json\/wp\/v2\/posts\/19403\/revisions"}],"predecessor-version":[{"id":19405,"href":"https:\/\/noticiasnoface.com.br\/index.php\/wp-json\/wp\/v2\/posts\/19403\/revisions\/19405"}],"wp:attachment":[{"href":"https:\/\/noticiasnoface.com.br\/index.php\/wp-json\/wp\/v2\/media?parent=19403"}],"wp:term":[{"taxonomy":"category","embeddable":true,"href":"https:\/\/noticiasnoface.com.br\/index.php\/wp-json\/wp\/v2\/categories?post=19403"},{"taxonomy":"post_tag","embeddable":true,"href":"https:\/\/noticiasnoface.com.br\/index.php\/wp-json\/wp\/v2\/tags?post=19403"}],"curies":[{"name":"wp","href":"https:\/\/api.w.org\/{rel}","templated":true}]}}