{"id":19407,"date":"2023-10-16T16:50:10","date_gmt":"2023-10-16T19:50:10","guid":{"rendered":"https:\/\/noticiasnoface.com.br\/?p=19407"},"modified":"2023-10-16T16:50:12","modified_gmt":"2023-10-16T19:50:12","slug":"styvenson-e-o-senador-com-menos-assessores-do-brasil","status":"publish","type":"post","link":"https:\/\/noticiasnoface.com.br\/index.php\/2023\/10\/16\/styvenson-e-o-senador-com-menos-assessores-do-brasil\/","title":{"rendered":"STYVENSON \u00e9 o senador com menos assessores do Brasil"},"content":{"rendered":"\n<figure class=\"wp-block-image size-large\"><img data-opt-id=24671805  fetchpriority=\"high\" decoding=\"async\" width=\"1024\" height=\"755\" src=\"https:\/\/mlbfrsat7ahr.i.optimole.com\/w:1024\/h:755\/q:mauto\/ig:avif\/https:\/\/noticiasnoface.com.br\/wp-content\/uploads\/2023\/10\/photo-output-1-15.jpg\" class=\"wp-image-19406\" srcset=\"https:\/\/mlbfrsat7ahr.i.optimole.com\/w:1024\/h:755\/q:mauto\/ig:avif\/https:\/\/noticiasnoface.com.br\/wp-content\/uploads\/2023\/10\/photo-output-1-15.jpg 1024w, https:\/\/mlbfrsat7ahr.i.optimole.com\/w:300\/h:221\/q:mauto\/ig:avif\/https:\/\/noticiasnoface.com.br\/wp-content\/uploads\/2023\/10\/photo-output-1-15.jpg 300w, https:\/\/mlbfrsat7ahr.i.optimole.com\/w:768\/h:566\/q:mauto\/ig:avif\/https:\/\/noticiasnoface.com.br\/wp-content\/uploads\/2023\/10\/photo-output-1-15.jpg 768w, https:\/\/mlbfrsat7ahr.i.optimole.com\/w:1464\/h:1080\/q:mauto\/ig:avif\/https:\/\/noticiasnoface.com.br\/wp-content\/uploads\/2023\/10\/photo-output-1-15.jpg 1536w, https:\/\/mlbfrsat7ahr.i.optimole.com\/w:1464\/h:1080\/q:mauto\/ig:avif\/https:\/\/noticiasnoface.com.br\/wp-content\/uploads\/2023\/10\/photo-output-1-15.jpg 2048w\" sizes=\"(max-width: 1000px) 100vw, 1000px\" \/><figcaption class=\"wp-element-caption\">S\u00e3o tantos assessores nos gabinetes de senador que eles teriam de dividir cada cadeira em duas ou tr\u00eas, caso fossem obrigados a aparecer no trabalho. A maior parte dos gabinetes acumula uma centena de assessores, n\u00famero semelhante aos empregos gerados por empresas de m\u00e9dio porte, de acordo com classifica\u00e7\u00e3o do Sebrae.<br>A diferen\u00e7a para empresas de m\u00e9dio porte \u00e9 que os gordos sal\u00e1rios de at\u00e9 R$24,7 mil em gabinetes do Senado s\u00e3o bancados pelos pagadores de impostos.<br>Rog\u00e9rio Carvalho (PT-SE) adora tudo isso. Al\u00e9m de 83 assessores, \u00e9 um dos que mais pediram ressarcimento de despesas: R$454,1 mil.<br>Outro gabinete \u201cpopuloso\u201d \u00e9 o de Randolfe Rodrigues (AP), l\u00edder de Lula no Congresso. Pagamos para ele impressionantes 72 assessores.<br>Dois senadores t\u00eam os gabinetes mais enxutos, 17 assessores, ambos do Podemos: Styvenson Valentin (RN) e Oriovisto Guimar\u00e3es (PR).<br>Os gabinetes dos senadores t\u00eam 3.368 gordos cargos, n\u00famero superior \u00e0 popula\u00e7\u00e3o de 623 munic\u00edpios brasileiros, segundo o Censo 2022.<br>Com informa\u00e7\u00f5es do Di\u00e1rio do Poder.<\/figcaption><\/figure>\n","protected":false},"excerpt":{"rendered":"","protected":false},"author":1,"featured_media":0,"comment_status":"open","ping_status":"open","sticky":false,"template":"","format":"standard","meta":{"site-sidebar-layout":"default","site-content-layout":"","ast-site-content-layout":"default","site-content-style":"default","site-sidebar-style":"default","ast-global-header-display":"","ast-banner-title-visibility":"","ast-main-header-display":"","ast-hfb-above-header-display":"","ast-hfb-below-header-display":"","ast-hfb-mobile-header-display":"","site-post-title":"","ast-breadcrumbs-content":"","ast-featured-img":"","footer-sml-layout":"","ast-disable-related-posts":"","theme-transparent-header-meta":"","adv-header-id-meta":"","stick-header-meta":"","header-above-stick-meta":"","header-main-stick-meta":"","header-below-stick-meta":"","astra-migrate-meta-layouts":"default","ast-page-background-enabled":"default","ast-page-background-meta":{"desktop":{"background-color":"var(--ast-global-color-4)","background-image":"","background-repeat":"repeat","background-position":"center center","background-size":"auto","background-attachment":"scroll","background-type":"","background-media":"","overlay-type":"","overlay-color":"","overlay-opacity":"","overlay-gradient":""},"tablet":{"background-color":"","background-image":"","background-repeat":"repeat","background-position":"center center","background-size":"auto","background-attachment":"scroll","background-type":"","background-media":"","overlay-type":"","overlay-color":"","overlay-opacity":"","overlay-gradient":""},"mobile":{"background-color":"","background-image":"","background-repeat":"repeat","background-position":"center center","background-size":"auto","background-attachment":"scroll","background-type":"","background-media":"","overlay-type":"","overlay-color":"","overlay-opacity":"","overlay-gradient":""}},"ast-content-background-meta":{"desktop":{"background-color":"var(--ast-global-color-5)","background-image":"","background-repeat":"repeat","background-position":"center center","background-size":"auto","background-attachment":"scroll","background-type":"","background-media":"","overlay-type":"","overlay-color":"","overlay-opacity":"","overlay-gradient":""},"tablet":{"background-color":"var(--ast-global-color-5)","background-image":"","background-repeat":"repeat","background-position":"center center","background-size":"auto","background-attachment":"scroll","background-type":"","background-media":"","overlay-type":"","overlay-color":"","overlay-opacity":"","overlay-gradient":""},"mobile":{"background-color":"var(--ast-global-color-5)","background-image":"","background-repeat":"repeat","background-position":"center center","background-size":"auto","background-attachment":"scroll","background-type":"","background-media":"","overlay-type":"","overlay-color":"","overlay-opacity":"","overlay-gradient":""}},"footnotes":""},"categories":[186],"tags":[],"class_list":["post-19407","post","type-post","status-publish","format-standard","hentry","category-senado-federal"],"_links":{"self":[{"href":"https:\/\/noticiasnoface.com.br\/index.php\/wp-json\/wp\/v2\/posts\/19407","targetHints":{"allow":["GET"]}}],"collection":[{"href":"https:\/\/noticiasnoface.com.br\/index.php\/wp-json\/wp\/v2\/posts"}],"about":[{"href":"https:\/\/noticiasnoface.com.br\/index.php\/wp-json\/wp\/v2\/types\/post"}],"author":[{"embeddable":true,"href":"https:\/\/noticiasnoface.com.br\/index.php\/wp-json\/wp\/v2\/users\/1"}],"replies":[{"embeddable":true,"href":"https:\/\/noticiasnoface.com.br\/index.php\/wp-json\/wp\/v2\/comments?post=19407"}],"version-history":[{"count":1,"href":"https:\/\/noticiasnoface.com.br\/index.php\/wp-json\/wp\/v2\/posts\/19407\/revisions"}],"predecessor-version":[{"id":19408,"href":"https:\/\/noticiasnoface.com.br\/index.php\/wp-json\/wp\/v2\/posts\/19407\/revisions\/19408"}],"wp:attachment":[{"href":"https:\/\/noticiasnoface.com.br\/index.php\/wp-json\/wp\/v2\/media?parent=19407"}],"wp:term":[{"taxonomy":"category","embeddable":true,"href":"https:\/\/noticiasnoface.com.br\/index.php\/wp-json\/wp\/v2\/categories?post=19407"},{"taxonomy":"post_tag","embeddable":true,"href":"https:\/\/noticiasnoface.com.br\/index.php\/wp-json\/wp\/v2\/tags?post=19407"}],"curies":[{"name":"wp","href":"https:\/\/api.w.org\/{rel}","templated":true}]}}