{"id":19414,"date":"2023-10-16T17:43:26","date_gmt":"2023-10-16T20:43:26","guid":{"rendered":"https:\/\/noticiasnoface.com.br\/?p=19414"},"modified":"2023-10-16T17:43:26","modified_gmt":"2023-10-16T20:43:26","slug":"terrorista-islamico-mata-dois-suecos-em-bruxelas-veja-video","status":"publish","type":"post","link":"https:\/\/noticiasnoface.com.br\/index.php\/2023\/10\/16\/terrorista-islamico-mata-dois-suecos-em-bruxelas-veja-video\/","title":{"rendered":"Terrorista isl\u00e2mico mata dois suecos em Bruxelas, VEJA V\u00cdDEO"},"content":{"rendered":"\n<figure class=\"wp-block-image size-large\"><img data-opt-id=285799096  fetchpriority=\"high\" decoding=\"async\" width=\"1024\" height=\"826\" src=\"https:\/\/mlbfrsat7ahr.i.optimole.com\/w:1024\/h:826\/q:mauto\/ig:avif\/https:\/\/noticiasnoface.com.br\/wp-content\/uploads\/2023\/10\/img_3169-1.jpg\" class=\"wp-image-19412\" srcset=\"https:\/\/mlbfrsat7ahr.i.optimole.com\/w:1024\/h:826\/q:mauto\/ig:avif\/https:\/\/noticiasnoface.com.br\/wp-content\/uploads\/2023\/10\/img_3169-1.jpg 1024w, https:\/\/mlbfrsat7ahr.i.optimole.com\/w:300\/h:242\/q:mauto\/ig:avif\/https:\/\/noticiasnoface.com.br\/wp-content\/uploads\/2023\/10\/img_3169-1.jpg 300w, https:\/\/mlbfrsat7ahr.i.optimole.com\/w:768\/h:620\/q:mauto\/ig:avif\/https:\/\/noticiasnoface.com.br\/wp-content\/uploads\/2023\/10\/img_3169-1.jpg 768w, https:\/\/mlbfrsat7ahr.i.optimole.com\/w:1290\/h:1041\/q:mauto\/ig:avif\/https:\/\/noticiasnoface.com.br\/wp-content\/uploads\/2023\/10\/img_3169-1.jpg 1290w\" sizes=\"(max-width: 1000px) 100vw, 1000px\" \/><figcaption class=\"wp-element-caption\">Terrorista isl\u00e2mico acabou de assassinar dois suecos nas ruas de Bruxelas, al\u00e9m de ter deixado feridos.<br>Ele fez uma transmiss\u00e3o ao vivo, afirmando que est\u00e1 &#8220;vingando mu\u00e7ulmanos&#8221; ao matar &#8220;infi\u00e9is&#8221;.<br>Testemunhas afirmam que ele gritava \u2018Alluhu Akbar\u2019 enquanto matava.<\/figcaption><\/figure>\n\n\n\n<figure class=\"wp-block-video\"><video controls src=\"https:\/\/noticiasnoface.com.br\/wp-content\/uploads\/2023\/10\/e78dc68f-17fb-42ab-9dc0-bda0a18f6d03-1.mp4\"><\/video><figcaption class=\"wp-element-caption\">Terrorista mata dois suecos em Bruxelas.Dois suecos morrem atingidos por disparos em <a class=\"\" href=\"http:\/\/g1.globo.com\/mundo\/belgica\/cidade\/bruxelas.html\" target=\"_blank\" rel=\"noopener\">Bruxelas<\/a>, a capital da <a class=\"\" href=\"https:\/\/g1.globo.com\/tudo-sobre\/belgica\/\" target=\"_blank\" rel=\"noopener\">B\u00e9lgica<\/a>, disse o Minist\u00e9rio P\u00fablico belga, nesta segunda-feira (16). O atirador conseguiu escapar.<br>O pa\u00eds elevou o seu alerta de terrorismo ao mais alto n\u00edvel, quando um homem chamado Abdesalem Al Guilani publicou um v\u00eddeo nas redes sociais alegando ser o agressor e pertencer ao Estado Isl\u00e2mico. Ele afirmou ter atirado em tr\u00eas v\u00edtimas, n\u00e3o em duas, como afirmou a pol\u00edcia.<br>\u201cAcabo de oferecer as minhas sinceras condol\u00eancias ao primeiro-ministro sueco ap\u00f3s o ataque angustiante desta noite aos cidad\u00e3os suecos em Bruxelas\u201d, disse o primeiro-ministro belga, Alexander de Croo, no X. &#8220;Os nossos pensamentos est\u00e3o com as fam\u00edlias e amigos que perderam os seus entes queridos. Como parceiros pr\u00f3ximos, a luta contra o terrorismo \u00e9 conjunta.&#8221;<br>Uma porta-voz do Minist\u00e9rio P\u00fablico de Bruxelas informou que foi aberta uma investiga\u00e7\u00e3o, mas n\u00e3o esclareceu at\u00e9 o momento qual seria a motiva\u00e7\u00e3o do ataque.<br>Em um v\u00eddeo divulgado pelo jornal &#8220;<em>Het Laatste Nieuws&#8221;<\/em>, um homem aparecia fugindo em uma moto pequena depois de abrir fogo.<br>O jornal disse que era prov\u00e1vel que as v\u00edtimas fossem dois torcedores de futebol. A B\u00e9lgica receber\u00e1 a Su\u00e9cia em uma partida de qualifica\u00e7\u00e3o para a Euro 2024 na noite de segunda-feira.<\/figcaption><\/figure>\n","protected":false},"excerpt":{"rendered":"","protected":false},"author":1,"featured_media":0,"comment_status":"open","ping_status":"open","sticky":false,"template":"","format":"standard","meta":{"site-sidebar-layout":"default","site-content-layout":"","ast-site-content-layout":"default","site-content-style":"default","site-sidebar-style":"default","ast-global-header-display":"","ast-banner-title-visibility":"","ast-main-header-display":"","ast-hfb-above-header-display":"","ast-hfb-below-header-display":"","ast-hfb-mobile-header-display":"","site-post-title":"","ast-breadcrumbs-content":"","ast-featured-img":"","footer-sml-layout":"","ast-disable-related-posts":"","theme-transparent-header-meta":"","adv-header-id-meta":"","stick-header-meta":"","header-above-stick-meta":"","header-main-stick-meta":"","header-below-stick-meta":"","astra-migrate-meta-layouts":"default","ast-page-background-enabled":"default","ast-page-background-meta":{"desktop":{"background-color":"var(--ast-global-color-4)","background-image":"","background-repeat":"repeat","background-position":"center center","background-size":"auto","background-attachment":"scroll","background-type":"","background-media":"","overlay-type":"","overlay-color":"","overlay-opacity":"","overlay-gradient":""},"tablet":{"background-color":"","background-image":"","background-repeat":"repeat","background-position":"center center","background-size":"auto","background-attachment":"scroll","background-type":"","background-media":"","overlay-type":"","overlay-color":"","overlay-opacity":"","overlay-gradient":""},"mobile":{"background-color":"","background-image":"","background-repeat":"repeat","background-position":"center center","background-size":"auto","background-attachment":"scroll","background-type":"","background-media":"","overlay-type":"","overlay-color":"","overlay-opacity":"","overlay-gradient":""}},"ast-content-background-meta":{"desktop":{"background-color":"var(--ast-global-color-5)","background-image":"","background-repeat":"repeat","background-position":"center center","background-size":"auto","background-attachment":"scroll","background-type":"","background-media":"","overlay-type":"","overlay-color":"","overlay-opacity":"","overlay-gradient":""},"tablet":{"background-color":"var(--ast-global-color-5)","background-image":"","background-repeat":"repeat","background-position":"center center","background-size":"auto","background-attachment":"scroll","background-type":"","background-media":"","overlay-type":"","overlay-color":"","overlay-opacity":"","overlay-gradient":""},"mobile":{"background-color":"var(--ast-global-color-5)","background-image":"","background-repeat":"repeat","background-position":"center center","background-size":"auto","background-attachment":"scroll","background-type":"","background-media":"","overlay-type":"","overlay-color":"","overlay-opacity":"","overlay-gradient":""}},"footnotes":""},"categories":[517],"tags":[],"class_list":["post-19414","post","type-post","status-publish","format-standard","hentry","category-aconteceu"],"_links":{"self":[{"href":"https:\/\/noticiasnoface.com.br\/index.php\/wp-json\/wp\/v2\/posts\/19414","targetHints":{"allow":["GET"]}}],"collection":[{"href":"https:\/\/noticiasnoface.com.br\/index.php\/wp-json\/wp\/v2\/posts"}],"about":[{"href":"https:\/\/noticiasnoface.com.br\/index.php\/wp-json\/wp\/v2\/types\/post"}],"author":[{"embeddable":true,"href":"https:\/\/noticiasnoface.com.br\/index.php\/wp-json\/wp\/v2\/users\/1"}],"replies":[{"embeddable":true,"href":"https:\/\/noticiasnoface.com.br\/index.php\/wp-json\/wp\/v2\/comments?post=19414"}],"version-history":[{"count":1,"href":"https:\/\/noticiasnoface.com.br\/index.php\/wp-json\/wp\/v2\/posts\/19414\/revisions"}],"predecessor-version":[{"id":19415,"href":"https:\/\/noticiasnoface.com.br\/index.php\/wp-json\/wp\/v2\/posts\/19414\/revisions\/19415"}],"wp:attachment":[{"href":"https:\/\/noticiasnoface.com.br\/index.php\/wp-json\/wp\/v2\/media?parent=19414"}],"wp:term":[{"taxonomy":"category","embeddable":true,"href":"https:\/\/noticiasnoface.com.br\/index.php\/wp-json\/wp\/v2\/categories?post=19414"},{"taxonomy":"post_tag","embeddable":true,"href":"https:\/\/noticiasnoface.com.br\/index.php\/wp-json\/wp\/v2\/tags?post=19414"}],"curies":[{"name":"wp","href":"https:\/\/api.w.org\/{rel}","templated":true}]}}