{"id":19800,"date":"2023-10-29T17:02:58","date_gmt":"2023-10-29T20:02:58","guid":{"rendered":"https:\/\/noticiasnoface.com.br\/?p=19800"},"modified":"2023-10-29T17:02:58","modified_gmt":"2023-10-29T20:02:58","slug":"jovem-pula-do-3o-andar-de-predio-e-morre-no-rn","status":"publish","type":"post","link":"https:\/\/noticiasnoface.com.br\/index.php\/2023\/10\/29\/jovem-pula-do-3o-andar-de-predio-e-morre-no-rn\/","title":{"rendered":"Jovem pula do 3\u00ba andar de pr\u00e9dio e morre no RN"},"content":{"rendered":"\n<figure class=\"wp-block-image size-large\"><img data-opt-id=1116787667  fetchpriority=\"high\" decoding=\"async\" width=\"1024\" height=\"819\" src=\"https:\/\/mlbfrsat7ahr.i.optimole.com\/w:1024\/h:819\/q:mauto\/ig:avif\/https:\/\/noticiasnoface.com.br\/wp-content\/uploads\/2023\/10\/photo-output-1-20.png\" class=\"wp-image-19799\" srcset=\"https:\/\/mlbfrsat7ahr.i.optimole.com\/w:1024\/h:819\/q:mauto\/ig:avif\/https:\/\/noticiasnoface.com.br\/wp-content\/uploads\/2023\/10\/photo-output-1-20.png 1024w, https:\/\/mlbfrsat7ahr.i.optimole.com\/w:300\/h:240\/q:mauto\/ig:avif\/https:\/\/noticiasnoface.com.br\/wp-content\/uploads\/2023\/10\/photo-output-1-20.png 300w, https:\/\/mlbfrsat7ahr.i.optimole.com\/w:768\/h:614\/q:mauto\/ig:avif\/https:\/\/noticiasnoface.com.br\/wp-content\/uploads\/2023\/10\/photo-output-1-20.png 768w, https:\/\/mlbfrsat7ahr.i.optimole.com\/w:1349\/h:1080\/q:mauto\/ig:avif\/https:\/\/noticiasnoface.com.br\/wp-content\/uploads\/2023\/10\/photo-output-1-20.png 1536w, https:\/\/mlbfrsat7ahr.i.optimole.com\/w:1350\/h:1080\/q:mauto\/ig:avif\/https:\/\/noticiasnoface.com.br\/wp-content\/uploads\/2023\/10\/photo-output-1-20.png 2048w\" sizes=\"(max-width: 1000px) 100vw, 1000px\" \/><figcaption class=\"wp-element-caption\"><br>O estudante do Curso Interdisciplinar em Tecnologia da Informa\u00e7\u00e3o, Ryan de Sousa Alves, de 21 anos, natural da cidade de Pil\u00f5es, cometeu um ato tr\u00e1gico na noite deste s\u00e1bado (28) ao pular do 3\u00ba andar de um pr\u00e9dio na cidade de Pau dos Ferros. Ryan ainda foi socorrido pelo SAMU para o Hospital Regional, mas acabou n\u00e3o resistindo aos ferimentos e veio a \u00f3bito. Segundo informa\u00e7\u00f5es, ele estava morando em Pau dos Ferros h\u00e1 pouco tempo, em um pr\u00e9dio de Marcos Motos, localizado pr\u00f3ximo \u00e0 pra\u00e7a de eventos. At\u00e9 o momento, n\u00e3o se tem informa\u00e7\u00f5es sobre o que teria levado Ryan a cometer essa fatalidade.<br>A Universidade Federal Rural do Semi\u00e1rido divulgou uma nota de pesar pela morte do estudante Ryan de Sousa Alves e decretou luto oficial de tr\u00eas dias na institui\u00e7\u00e3o.<br><\/figcaption><\/figure>\n","protected":false},"excerpt":{"rendered":"","protected":false},"author":1,"featured_media":0,"comment_status":"open","ping_status":"open","sticky":false,"template":"","format":"standard","meta":{"site-sidebar-layout":"default","site-content-layout":"","ast-site-content-layout":"default","site-content-style":"default","site-sidebar-style":"default","ast-global-header-display":"","ast-banner-title-visibility":"","ast-main-header-display":"","ast-hfb-above-header-display":"","ast-hfb-below-header-display":"","ast-hfb-mobile-header-display":"","site-post-title":"","ast-breadcrumbs-content":"","ast-featured-img":"","footer-sml-layout":"","ast-disable-related-posts":"","theme-transparent-header-meta":"","adv-header-id-meta":"","stick-header-meta":"","header-above-stick-meta":"","header-main-stick-meta":"","header-below-stick-meta":"","astra-migrate-meta-layouts":"default","ast-page-background-enabled":"default","ast-page-background-meta":{"desktop":{"background-color":"var(--ast-global-color-4)","background-image":"","background-repeat":"repeat","background-position":"center center","background-size":"auto","background-attachment":"scroll","background-type":"","background-media":"","overlay-type":"","overlay-color":"","overlay-opacity":"","overlay-gradient":""},"tablet":{"background-color":"","background-image":"","background-repeat":"repeat","background-position":"center center","background-size":"auto","background-attachment":"scroll","background-type":"","background-media":"","overlay-type":"","overlay-color":"","overlay-opacity":"","overlay-gradient":""},"mobile":{"background-color":"","background-image":"","background-repeat":"repeat","background-position":"center center","background-size":"auto","background-attachment":"scroll","background-type":"","background-media":"","overlay-type":"","overlay-color":"","overlay-opacity":"","overlay-gradient":""}},"ast-content-background-meta":{"desktop":{"background-color":"var(--ast-global-color-5)","background-image":"","background-repeat":"repeat","background-position":"center center","background-size":"auto","background-attachment":"scroll","background-type":"","background-media":"","overlay-type":"","overlay-color":"","overlay-opacity":"","overlay-gradient":""},"tablet":{"background-color":"var(--ast-global-color-5)","background-image":"","background-repeat":"repeat","background-position":"center center","background-size":"auto","background-attachment":"scroll","background-type":"","background-media":"","overlay-type":"","overlay-color":"","overlay-opacity":"","overlay-gradient":""},"mobile":{"background-color":"var(--ast-global-color-5)","background-image":"","background-repeat":"repeat","background-position":"center center","background-size":"auto","background-attachment":"scroll","background-type":"","background-media":"","overlay-type":"","overlay-color":"","overlay-opacity":"","overlay-gradient":""}},"footnotes":""},"categories":[517],"tags":[],"class_list":["post-19800","post","type-post","status-publish","format-standard","hentry","category-aconteceu"],"_links":{"self":[{"href":"https:\/\/noticiasnoface.com.br\/index.php\/wp-json\/wp\/v2\/posts\/19800","targetHints":{"allow":["GET"]}}],"collection":[{"href":"https:\/\/noticiasnoface.com.br\/index.php\/wp-json\/wp\/v2\/posts"}],"about":[{"href":"https:\/\/noticiasnoface.com.br\/index.php\/wp-json\/wp\/v2\/types\/post"}],"author":[{"embeddable":true,"href":"https:\/\/noticiasnoface.com.br\/index.php\/wp-json\/wp\/v2\/users\/1"}],"replies":[{"embeddable":true,"href":"https:\/\/noticiasnoface.com.br\/index.php\/wp-json\/wp\/v2\/comments?post=19800"}],"version-history":[{"count":1,"href":"https:\/\/noticiasnoface.com.br\/index.php\/wp-json\/wp\/v2\/posts\/19800\/revisions"}],"predecessor-version":[{"id":19801,"href":"https:\/\/noticiasnoface.com.br\/index.php\/wp-json\/wp\/v2\/posts\/19800\/revisions\/19801"}],"wp:attachment":[{"href":"https:\/\/noticiasnoface.com.br\/index.php\/wp-json\/wp\/v2\/media?parent=19800"}],"wp:term":[{"taxonomy":"category","embeddable":true,"href":"https:\/\/noticiasnoface.com.br\/index.php\/wp-json\/wp\/v2\/categories?post=19800"},{"taxonomy":"post_tag","embeddable":true,"href":"https:\/\/noticiasnoface.com.br\/index.php\/wp-json\/wp\/v2\/tags?post=19800"}],"curies":[{"name":"wp","href":"https:\/\/api.w.org\/{rel}","templated":true}]}}