{"id":20080,"date":"2023-11-09T22:29:25","date_gmt":"2023-11-10T01:29:25","guid":{"rendered":"https:\/\/noticiasnoface.com.br\/?p=20080"},"modified":"2023-11-09T22:29:25","modified_gmt":"2023-11-10T01:29:25","slug":"criador-do-centro-de-artesanato-da-praia-dos-artistas-recebe-cidadania-natalense","status":"publish","type":"post","link":"https:\/\/noticiasnoface.com.br\/index.php\/2023\/11\/09\/criador-do-centro-de-artesanato-da-praia-dos-artistas-recebe-cidadania-natalense\/","title":{"rendered":"Criador do Centro de Artesanato da Praia dos Artistas recebe cidadania natalense"},"content":{"rendered":"\n<figure class=\"wp-block-image size-large\"><img data-opt-id=218324374  fetchpriority=\"high\" decoding=\"async\" width=\"1024\" height=\"707\" src=\"https:\/\/mlbfrsat7ahr.i.optimole.com\/w:1024\/h:707\/q:mauto\/ig:avif\/https:\/\/noticiasnoface.com.br\/wp-content\/uploads\/2023\/11\/img_4833-1.jpg\" class=\"wp-image-20079\" srcset=\"https:\/\/mlbfrsat7ahr.i.optimole.com\/w:1024\/h:707\/q:mauto\/ig:avif\/https:\/\/noticiasnoface.com.br\/wp-content\/uploads\/2023\/11\/img_4833-1.jpg 1024w, https:\/\/mlbfrsat7ahr.i.optimole.com\/w:300\/h:207\/q:mauto\/ig:avif\/https:\/\/noticiasnoface.com.br\/wp-content\/uploads\/2023\/11\/img_4833-1.jpg 300w, https:\/\/mlbfrsat7ahr.i.optimole.com\/w:768\/h:530\/q:mauto\/ig:avif\/https:\/\/noticiasnoface.com.br\/wp-content\/uploads\/2023\/11\/img_4833-1.jpg 768w, https:\/\/mlbfrsat7ahr.i.optimole.com\/w:1536\/h:1061\/q:mauto\/ig:avif\/https:\/\/noticiasnoface.com.br\/wp-content\/uploads\/2023\/11\/img_4833-1.jpg 1536w, https:\/\/mlbfrsat7ahr.i.optimole.com\/w:1563\/h:1080\/q:mauto\/ig:avif\/https:\/\/noticiasnoface.com.br\/wp-content\/uploads\/2023\/11\/img_4833-1.jpg 1600w\" sizes=\"(max-width: 1000px) 100vw, 1000px\" \/><figcaption class=\"wp-element-caption\">Por proposi\u00e7\u00e3o do vereador Kleber Fernandes (PSDB), a C\u00e2mara Municipal de Natal realizou uma sess\u00e3o solene, nesta quarta-feira (08), para entrega do T\u00edtulo de Cidad\u00e3o Natalense ao empreendedor Ed\u00edlio Lobo de Medeiros pelos relevantes servi\u00e7os prestados \u00e0 capital potiguar. Estiveram presentes na solenidade autoridades pol\u00edticas e representantes de associa\u00e7\u00f5es comerciais, al\u00e9m de familiares e amigos do homenageado.<br>Nascido no s\u00edtio Pau D\u2019arco, zona rural de Cruzeta, situado no interior do Rio Grande do Norte, Ed\u00edlio Lobo de Medeiros, filho de Manoel Lobo de Medeiros e Josefa N\u00edsia de Medeiros, enfrentou os desafios de sua \u00e9poca. Conciliando com os estudos, precisou criar as condi\u00e7\u00f5es necess\u00e1rias para trabalhar e conseguir seu sustento, foi de vendedor de cocada nas ruas do bairro do Alecrim at\u00e9 comerciante de algumas lojas no centro da cidade.<br>&#8220;Trata-se de um reconhecimento justo pela hist\u00f3ria, o trabalho e a trajet\u00f3ria de Edilio Lobo. Um seridoense que reside em Natal h\u00e1 muitos anos. Respons\u00e1vel pela cria\u00e7\u00e3o do Centro Municipal de Artesanato, localizado na Praia dos Artistas, uma refer\u00eancia de movimenta\u00e7\u00e3o econ\u00f4mica, oportunidade para os artes\u00e3os apresentarem os trabalhos t\u00edpicos da cidade, gerando emprego e renda para centenas de fam\u00edlias. Ed\u00edlio \u00e9 um empres\u00e1rio que, de fato, conhece os desafios do povo de Natal e contribui para o desenvolvimento do munic\u00edpio&#8221;, declarou o vereador Kleber Fernandes.<br>O diretor de Departamento da Secretaria Municipal de Trabalho e Assist\u00eancia Social, Cristiano Manoel, destacou a contribui\u00e7\u00e3o de Ed\u00edlio para o artesanato da cidade. &#8220;Ele possui um legado importante no setor, especialmente na gera\u00e7\u00e3o de emprego e renda. A C\u00e2mara Municipal est\u00e1 de parab\u00e9ns pela iniciativa de reconhecer um cidad\u00e3o que fez muito por Natal&#8221;, disse ele, que representou na ocasi\u00e3o o prefeito \u00c1lvaro Dias.<br>Edite Medeiros, irm\u00e3 do homenageado, falou em nome da fam\u00edlia. &#8220;Recebemos uma educa\u00e7\u00e3o familiar muito bonita dos nossos pais. Aprendemos que os mais novos tinham que obedecer os mais velhos. Ed\u00edlio \u00e9 o ca\u00e7ula dos homens da casa, morou comigo depois que me casei, e o considero como meu irm\u00e3o-filho, pois dei a ele a continua\u00e7\u00e3o da educa\u00e7\u00e3o da nossa m\u00e3e. Portanto, posso garantir que meu irm\u00e3o \u00e9 uma pessoa muito humana, muito trabalhador, com disposi\u00e7\u00e3o incomum para  ajudar quem mais precisa. Estou muito orgulhosa e feliz com essa homenagem porque \u00e9 bastante merecida&#8221;.<br>A filha, Priscila Medeiros, falou que a maior virtude do seu pai \u00e9 a honestidade. &#8220;Meu pai \u00e9 um homem muito \u00edntegro e desde a inf\u00e2ncia ele j\u00e1 tinha em mente que o trabalho era o caminho para a dignidade. E foi isso que ele sempre ensinou aos filhos, mostrando pra gente que \u00e9 plenamente poss\u00edvel vencer na vida atrav\u00e9s do trabalho e dos estudos. Agora \u00e9 a vez dos netos ouvirem todos os dias que se forem honestos v\u00e3o conquistar tudo na vida&#8221;, recordou.<br>&#8220;Me sinto muito honrado em ser agraciado com um t\u00edtulo honor\u00edfico que muitos almejam receber. Tive a sorte de ser escolhido pelo vereador Kleber Fernandes para receber esta que \u00e9 a mais importante condecora\u00e7\u00e3o do Legislativo, que me faz ser um filho natalense. Este momento representa a coroa\u00e7\u00e3o de uma hist\u00f3ria de 51 anos de amor por Natal. Posso dizer com toda certeza que o maior patrim\u00f4nio que constru\u00ed nesta terra foram os amigos que fiz. Ent\u00e3o, \u00e9 uma imensa alegria ser oficialmente um natalense&#8221;, comemorou Ed\u00edlio Lobo.<br>Texto: Junior Martins <br>Fotos: Ver\u00f4nica Macedo<\/figcaption><\/figure>\n","protected":false},"excerpt":{"rendered":"","protected":false},"author":1,"featured_media":0,"comment_status":"open","ping_status":"open","sticky":false,"template":"","format":"standard","meta":{"site-sidebar-layout":"default","site-content-layout":"","ast-site-content-layout":"default","site-content-style":"default","site-sidebar-style":"default","ast-global-header-display":"","ast-banner-title-visibility":"","ast-main-header-display":"","ast-hfb-above-header-display":"","ast-hfb-below-header-display":"","ast-hfb-mobile-header-display":"","site-post-title":"","ast-breadcrumbs-content":"","ast-featured-img":"","footer-sml-layout":"","ast-disable-related-posts":"","theme-transparent-header-meta":"","adv-header-id-meta":"","stick-header-meta":"","header-above-stick-meta":"","header-main-stick-meta":"","header-below-stick-meta":"","astra-migrate-meta-layouts":"default","ast-page-background-enabled":"default","ast-page-background-meta":{"desktop":{"background-color":"var(--ast-global-color-4)","background-image":"","background-repeat":"repeat","background-position":"center center","background-size":"auto","background-attachment":"scroll","background-type":"","background-media":"","overlay-type":"","overlay-color":"","overlay-opacity":"","overlay-gradient":""},"tablet":{"background-color":"","background-image":"","background-repeat":"repeat","background-position":"center center","background-size":"auto","background-attachment":"scroll","background-type":"","background-media":"","overlay-type":"","overlay-color":"","overlay-opacity":"","overlay-gradient":""},"mobile":{"background-color":"","background-image":"","background-repeat":"repeat","background-position":"center center","background-size":"auto","background-attachment":"scroll","background-type":"","background-media":"","overlay-type":"","overlay-color":"","overlay-opacity":"","overlay-gradient":""}},"ast-content-background-meta":{"desktop":{"background-color":"var(--ast-global-color-5)","background-image":"","background-repeat":"repeat","background-position":"center center","background-size":"auto","background-attachment":"scroll","background-type":"","background-media":"","overlay-type":"","overlay-color":"","overlay-opacity":"","overlay-gradient":""},"tablet":{"background-color":"var(--ast-global-color-5)","background-image":"","background-repeat":"repeat","background-position":"center center","background-size":"auto","background-attachment":"scroll","background-type":"","background-media":"","overlay-type":"","overlay-color":"","overlay-opacity":"","overlay-gradient":""},"mobile":{"background-color":"var(--ast-global-color-5)","background-image":"","background-repeat":"repeat","background-position":"center center","background-size":"auto","background-attachment":"scroll","background-type":"","background-media":"","overlay-type":"","overlay-color":"","overlay-opacity":"","overlay-gradient":""}},"footnotes":""},"categories":[517],"tags":[],"class_list":["post-20080","post","type-post","status-publish","format-standard","hentry","category-aconteceu"],"_links":{"self":[{"href":"https:\/\/noticiasnoface.com.br\/index.php\/wp-json\/wp\/v2\/posts\/20080","targetHints":{"allow":["GET"]}}],"collection":[{"href":"https:\/\/noticiasnoface.com.br\/index.php\/wp-json\/wp\/v2\/posts"}],"about":[{"href":"https:\/\/noticiasnoface.com.br\/index.php\/wp-json\/wp\/v2\/types\/post"}],"author":[{"embeddable":true,"href":"https:\/\/noticiasnoface.com.br\/index.php\/wp-json\/wp\/v2\/users\/1"}],"replies":[{"embeddable":true,"href":"https:\/\/noticiasnoface.com.br\/index.php\/wp-json\/wp\/v2\/comments?post=20080"}],"version-history":[{"count":1,"href":"https:\/\/noticiasnoface.com.br\/index.php\/wp-json\/wp\/v2\/posts\/20080\/revisions"}],"predecessor-version":[{"id":20081,"href":"https:\/\/noticiasnoface.com.br\/index.php\/wp-json\/wp\/v2\/posts\/20080\/revisions\/20081"}],"wp:attachment":[{"href":"https:\/\/noticiasnoface.com.br\/index.php\/wp-json\/wp\/v2\/media?parent=20080"}],"wp:term":[{"taxonomy":"category","embeddable":true,"href":"https:\/\/noticiasnoface.com.br\/index.php\/wp-json\/wp\/v2\/categories?post=20080"},{"taxonomy":"post_tag","embeddable":true,"href":"https:\/\/noticiasnoface.com.br\/index.php\/wp-json\/wp\/v2\/tags?post=20080"}],"curies":[{"name":"wp","href":"https:\/\/api.w.org\/{rel}","templated":true}]}}