{"id":20087,"date":"2023-11-10T10:37:43","date_gmt":"2023-11-10T13:37:43","guid":{"rendered":"https:\/\/noticiasnoface.com.br\/?p=20087"},"modified":"2023-11-10T10:37:44","modified_gmt":"2023-11-10T13:37:44","slug":"pablo-vittar-tira-foto-para-matar-curiosidade-ta-ai","status":"publish","type":"post","link":"https:\/\/noticiasnoface.com.br\/index.php\/2023\/11\/10\/pablo-vittar-tira-foto-para-matar-curiosidade-ta-ai\/","title":{"rendered":"Pablo Vittar tira foto para matar curiosidade, \u201cT\u00c1 A\u00cd \u201c"},"content":{"rendered":"\n<figure class=\"wp-block-image size-large\"><img data-opt-id=1797042312  fetchpriority=\"high\" decoding=\"async\" width=\"731\" height=\"1024\" src=\"https:\/\/mlbfrsat7ahr.i.optimole.com\/w:731\/h:1024\/q:mauto\/ig:avif\/https:\/\/noticiasnoface.com.br\/wp-content\/uploads\/2023\/11\/photo-output-1-5.png\" class=\"wp-image-20086\" srcset=\"https:\/\/mlbfrsat7ahr.i.optimole.com\/w:731\/h:1024\/q:mauto\/ig:avif\/https:\/\/noticiasnoface.com.br\/wp-content\/uploads\/2023\/11\/photo-output-1-5.png 731w, https:\/\/mlbfrsat7ahr.i.optimole.com\/w:214\/h:300\/q:mauto\/ig:avif\/https:\/\/noticiasnoface.com.br\/wp-content\/uploads\/2023\/11\/photo-output-1-5.png 214w, https:\/\/mlbfrsat7ahr.i.optimole.com\/w:768\/h:1076\/q:mauto\/ig:avif\/https:\/\/noticiasnoface.com.br\/wp-content\/uploads\/2023\/11\/photo-output-1-5.png 768w, https:\/\/mlbfrsat7ahr.i.optimole.com\/w:771\/h:1080\/q:mauto\/ig:avif\/https:\/\/noticiasnoface.com.br\/wp-content\/uploads\/2023\/11\/photo-output-1-5.png 1097w, https:\/\/mlbfrsat7ahr.i.optimole.com\/w:770\/h:1080\/q:mauto\/ig:avif\/https:\/\/noticiasnoface.com.br\/wp-content\/uploads\/2023\/11\/photo-output-1-5.png 1462w\" sizes=\"(max-width: 731px) 100vw, 731px\" \/><figcaption class=\"wp-element-caption\"><a href=\"https:\/\/revistaquem.globo.com\/famoso\/pabllo-vittar\/\" target=\"_blank\" rel=\"noopener\">Pabllo Vittar<\/a>, de 30 anos de idade, matou a curiosidade dos f\u00e3s a respeito de suas &#8220;partes \u00edntimas&#8221;, nesta sexta-feira (10). A drag costuma ser alvo de questionamentos a respeito de como disfar\u00e7a o volume em biqu\u00ednis e figurinos cavados, e usou seu Instagram de forma bem-humorada para responder.<br><br>&#8220;Uma foto de frente porque recebi muitas mensagens da galera curiosa perguntando &#8216;cad\u00ea&#8217;? T\u00e1 a\u00ed, sempre esteve&#8230; beijos da Pabllo&#8221;, escreveu.<br><br>As perguntas sobre o assunto se intensificaram desde que Pabllo apareceu, nesta semana, usando o mesmo body-fio dental e posando numa piscina. <a href=\"https:\/\/revistaquem.globo.com\/capas\/noticia\/2023\/09\/blogueirinha-o-fenomeno-da-internet-uma-entrevista-com-quem-esta-por-tras-da-personagem.ghtml\" target=\"_blank\" rel=\"noopener\">Blogueirinha<\/a>, inclusive, <a href=\"https:\/\/revistaquem.globo.com\/noticias\/noticia\/2023\/11\/pabllo-vittar-posa-de-maio-e-blogueirinha-provoca-deve-incomodar-tanto.ghtml\" target=\"_blank\" rel=\"noopener\">fez piada sobre o look<\/a>: &#8220;Deve incomodar tanto&#8221;.<\/figcaption><\/figure>\n","protected":false},"excerpt":{"rendered":"","protected":false},"author":1,"featured_media":0,"comment_status":"open","ping_status":"open","sticky":false,"template":"","format":"standard","meta":{"site-sidebar-layout":"default","site-content-layout":"","ast-site-content-layout":"default","site-content-style":"default","site-sidebar-style":"default","ast-global-header-display":"","ast-banner-title-visibility":"","ast-main-header-display":"","ast-hfb-above-header-display":"","ast-hfb-below-header-display":"","ast-hfb-mobile-header-display":"","site-post-title":"","ast-breadcrumbs-content":"","ast-featured-img":"","footer-sml-layout":"","ast-disable-related-posts":"","theme-transparent-header-meta":"","adv-header-id-meta":"","stick-header-meta":"","header-above-stick-meta":"","header-main-stick-meta":"","header-below-stick-meta":"","astra-migrate-meta-layouts":"default","ast-page-background-enabled":"default","ast-page-background-meta":{"desktop":{"background-color":"var(--ast-global-color-4)","background-image":"","background-repeat":"repeat","background-position":"center center","background-size":"auto","background-attachment":"scroll","background-type":"","background-media":"","overlay-type":"","overlay-color":"","overlay-opacity":"","overlay-gradient":""},"tablet":{"background-color":"","background-image":"","background-repeat":"repeat","background-position":"center center","background-size":"auto","background-attachment":"scroll","background-type":"","background-media":"","overlay-type":"","overlay-color":"","overlay-opacity":"","overlay-gradient":""},"mobile":{"background-color":"","background-image":"","background-repeat":"repeat","background-position":"center center","background-size":"auto","background-attachment":"scroll","background-type":"","background-media":"","overlay-type":"","overlay-color":"","overlay-opacity":"","overlay-gradient":""}},"ast-content-background-meta":{"desktop":{"background-color":"var(--ast-global-color-5)","background-image":"","background-repeat":"repeat","background-position":"center center","background-size":"auto","background-attachment":"scroll","background-type":"","background-media":"","overlay-type":"","overlay-color":"","overlay-opacity":"","overlay-gradient":""},"tablet":{"background-color":"var(--ast-global-color-5)","background-image":"","background-repeat":"repeat","background-position":"center center","background-size":"auto","background-attachment":"scroll","background-type":"","background-media":"","overlay-type":"","overlay-color":"","overlay-opacity":"","overlay-gradient":""},"mobile":{"background-color":"var(--ast-global-color-5)","background-image":"","background-repeat":"repeat","background-position":"center center","background-size":"auto","background-attachment":"scroll","background-type":"","background-media":"","overlay-type":"","overlay-color":"","overlay-opacity":"","overlay-gradient":""}},"footnotes":""},"categories":[154],"tags":[],"class_list":["post-20087","post","type-post","status-publish","format-standard","hentry","category-comportamento"],"_links":{"self":[{"href":"https:\/\/noticiasnoface.com.br\/index.php\/wp-json\/wp\/v2\/posts\/20087","targetHints":{"allow":["GET"]}}],"collection":[{"href":"https:\/\/noticiasnoface.com.br\/index.php\/wp-json\/wp\/v2\/posts"}],"about":[{"href":"https:\/\/noticiasnoface.com.br\/index.php\/wp-json\/wp\/v2\/types\/post"}],"author":[{"embeddable":true,"href":"https:\/\/noticiasnoface.com.br\/index.php\/wp-json\/wp\/v2\/users\/1"}],"replies":[{"embeddable":true,"href":"https:\/\/noticiasnoface.com.br\/index.php\/wp-json\/wp\/v2\/comments?post=20087"}],"version-history":[{"count":1,"href":"https:\/\/noticiasnoface.com.br\/index.php\/wp-json\/wp\/v2\/posts\/20087\/revisions"}],"predecessor-version":[{"id":20088,"href":"https:\/\/noticiasnoface.com.br\/index.php\/wp-json\/wp\/v2\/posts\/20087\/revisions\/20088"}],"wp:attachment":[{"href":"https:\/\/noticiasnoface.com.br\/index.php\/wp-json\/wp\/v2\/media?parent=20087"}],"wp:term":[{"taxonomy":"category","embeddable":true,"href":"https:\/\/noticiasnoface.com.br\/index.php\/wp-json\/wp\/v2\/categories?post=20087"},{"taxonomy":"post_tag","embeddable":true,"href":"https:\/\/noticiasnoface.com.br\/index.php\/wp-json\/wp\/v2\/tags?post=20087"}],"curies":[{"name":"wp","href":"https:\/\/api.w.org\/{rel}","templated":true}]}}