{"id":20166,"date":"2023-11-13T22:44:43","date_gmt":"2023-11-14T01:44:43","guid":{"rendered":"https:\/\/noticiasnoface.com.br\/?p=20166"},"modified":"2023-11-13T22:44:44","modified_gmt":"2023-11-14T01:44:44","slug":"comissao-aprova-projeto-de-prevencao-em-cadernos-e-livros-contra-drogas","status":"publish","type":"post","link":"https:\/\/noticiasnoface.com.br\/index.php\/2023\/11\/13\/comissao-aprova-projeto-de-prevencao-em-cadernos-e-livros-contra-drogas\/","title":{"rendered":"Comiss\u00e3o aprova projeto de preven\u00e7\u00e3o em cadernos e livros contra drogas"},"content":{"rendered":"\n<figure class=\"wp-block-image size-large\"><img data-opt-id=505052450  fetchpriority=\"high\" decoding=\"async\" width=\"1024\" height=\"660\" src=\"https:\/\/mlbfrsat7ahr.i.optimole.com\/w:1024\/h:660\/q:mauto\/ig:avif\/https:\/\/noticiasnoface.com.br\/wp-content\/uploads\/2023\/11\/img_5011-1.jpg\" class=\"wp-image-20165\" srcset=\"https:\/\/mlbfrsat7ahr.i.optimole.com\/w:1024\/h:660\/q:mauto\/ig:avif\/https:\/\/noticiasnoface.com.br\/wp-content\/uploads\/2023\/11\/img_5011-1.jpg 1024w, https:\/\/mlbfrsat7ahr.i.optimole.com\/w:300\/h:193\/q:mauto\/ig:avif\/https:\/\/noticiasnoface.com.br\/wp-content\/uploads\/2023\/11\/img_5011-1.jpg 300w, https:\/\/mlbfrsat7ahr.i.optimole.com\/w:768\/h:495\/q:mauto\/ig:avif\/https:\/\/noticiasnoface.com.br\/wp-content\/uploads\/2023\/11\/img_5011-1.jpg 768w, https:\/\/mlbfrsat7ahr.i.optimole.com\/w:1280\/h:825\/q:mauto\/ig:avif\/https:\/\/noticiasnoface.com.br\/wp-content\/uploads\/2023\/11\/img_5011-1.jpg 1280w\" sizes=\"(max-width: 1000px) 100vw, 1000px\" \/><figcaption class=\"wp-element-caption\">A Comiss\u00e3o de Legisla\u00e7\u00e3o, Justi\u00e7a e Reda\u00e7\u00e3o Final da C\u00e2mara Municipal de Natal apreciou 19 projetos nesta segunda-feira (13). Uma das propostas prev\u00ea que livros e cadernos escolares contenham mensagens educativas advertindo sobre os malef\u00edcios do cigarro, cigarros eletr\u00f4nicos, narguil\u00e9s, bebidas alco\u00f3licas e drogas il\u00edcitas.<br>O PL 577\/2023 \u00e9 de autoria do vereador Kleber Fernandes (PSDB) e se refere a materiais fornecidos pelo poder p\u00fablico municipal. &#8220;\u00c9 importante que haja esse trabalho nas nossas escolas para a preven\u00e7\u00e3o, forma\u00e7\u00e3o e conscientiza\u00e7\u00e3o dos alunos sobre as consequ\u00eancias do uso dessas drogas&#8221;, destacou o autor.<br>Na reuni\u00e3o tamb\u00e9m foram aprovadas propostas que estimulam a forma\u00e7\u00e3o do jovem para o mercado de trabalho. O PL n\u00b0 465\/2023, do vereador Luciano Nascimento (PTB) tra\u00e7a diretrizes para a\u00e7\u00f5es que visam o Programa de Incentivo a Qualifica\u00e7\u00e3o e a Inser\u00e7\u00e3o no Mercado de Trabalho aos Jovens; e o PL n\u00b0 454\/2023, da vereadora J\u00falia Arruda (PCdoB), institui a Pol\u00edtica Municipal de Est\u00edmulo ao Empreendedorismo do Jovem (PMEEJ). &#8220;A juventude tem um grande desafio para ingressar no mercado de trabalho e \u00e9 importante ter um programa que traz princ\u00edpios, objetivos e a\u00e7\u00f5es no sentido de formar e somar no \u00e2mbito do empreendedorismo&#8221;, declarou a vereadora Brisa Bracchi (PT).<br>Al\u00e9m disso, os vereadores deram pareceres favor\u00e1veis ao PL n\u00b0 440\/2023, do vereador Preto Aquino (PSD), que obriga a publiciza\u00e7\u00e3o discriminada dos valores recebidos pelo Munic\u00edpio pela concess\u00e3o e multas provenientes de licenciamento de obras de engenharia, arquitetura e urbanismo. &#8220;Nada mais \u00e9 que dar conhecimento a todos sobre o andamento dos processos dessas obras, os custos e arrecada\u00e7\u00e3o, refor\u00e7ando a transpar\u00eancia e o acompanhamento desses tr\u00e2mites&#8221;, disse o propositor.<br>A vereadora Nina Souza (PDT) presidiu a reuni\u00e3o, da qual a vereadora Camila Ara\u00fajo (Uni\u00e3o Brasil) tamb\u00e9m participou e que foram aprovados tr\u00eas t\u00edtulos de cidadania natalense, dentre esses, um para o ministro do Tribunal Superior Eleitoral, Andr\u00e9 Ramos Tavares, proposto pelo presidente da Casa, vereador Eriko J\u00e1come (MDB).<br>Texto: Cl\u00e1udio Oliveira<br>Fotos: Francisco de Assis<\/figcaption><\/figure>\n","protected":false},"excerpt":{"rendered":"","protected":false},"author":1,"featured_media":0,"comment_status":"open","ping_status":"open","sticky":false,"template":"","format":"standard","meta":{"site-sidebar-layout":"default","site-content-layout":"","ast-site-content-layout":"default","site-content-style":"default","site-sidebar-style":"default","ast-global-header-display":"","ast-banner-title-visibility":"","ast-main-header-display":"","ast-hfb-above-header-display":"","ast-hfb-below-header-display":"","ast-hfb-mobile-header-display":"","site-post-title":"","ast-breadcrumbs-content":"","ast-featured-img":"","footer-sml-layout":"","ast-disable-related-posts":"","theme-transparent-header-meta":"","adv-header-id-meta":"","stick-header-meta":"","header-above-stick-meta":"","header-main-stick-meta":"","header-below-stick-meta":"","astra-migrate-meta-layouts":"default","ast-page-background-enabled":"default","ast-page-background-meta":{"desktop":{"background-color":"var(--ast-global-color-4)","background-image":"","background-repeat":"repeat","background-position":"center center","background-size":"auto","background-attachment":"scroll","background-type":"","background-media":"","overlay-type":"","overlay-color":"","overlay-opacity":"","overlay-gradient":""},"tablet":{"background-color":"","background-image":"","background-repeat":"repeat","background-position":"center center","background-size":"auto","background-attachment":"scroll","background-type":"","background-media":"","overlay-type":"","overlay-color":"","overlay-opacity":"","overlay-gradient":""},"mobile":{"background-color":"","background-image":"","background-repeat":"repeat","background-position":"center center","background-size":"auto","background-attachment":"scroll","background-type":"","background-media":"","overlay-type":"","overlay-color":"","overlay-opacity":"","overlay-gradient":""}},"ast-content-background-meta":{"desktop":{"background-color":"var(--ast-global-color-5)","background-image":"","background-repeat":"repeat","background-position":"center center","background-size":"auto","background-attachment":"scroll","background-type":"","background-media":"","overlay-type":"","overlay-color":"","overlay-opacity":"","overlay-gradient":""},"tablet":{"background-color":"var(--ast-global-color-5)","background-image":"","background-repeat":"repeat","background-position":"center center","background-size":"auto","background-attachment":"scroll","background-type":"","background-media":"","overlay-type":"","overlay-color":"","overlay-opacity":"","overlay-gradient":""},"mobile":{"background-color":"var(--ast-global-color-5)","background-image":"","background-repeat":"repeat","background-position":"center center","background-size":"auto","background-attachment":"scroll","background-type":"","background-media":"","overlay-type":"","overlay-color":"","overlay-opacity":"","overlay-gradient":""}},"footnotes":""},"categories":[517],"tags":[],"class_list":["post-20166","post","type-post","status-publish","format-standard","hentry","category-aconteceu"],"_links":{"self":[{"href":"https:\/\/noticiasnoface.com.br\/index.php\/wp-json\/wp\/v2\/posts\/20166","targetHints":{"allow":["GET"]}}],"collection":[{"href":"https:\/\/noticiasnoface.com.br\/index.php\/wp-json\/wp\/v2\/posts"}],"about":[{"href":"https:\/\/noticiasnoface.com.br\/index.php\/wp-json\/wp\/v2\/types\/post"}],"author":[{"embeddable":true,"href":"https:\/\/noticiasnoface.com.br\/index.php\/wp-json\/wp\/v2\/users\/1"}],"replies":[{"embeddable":true,"href":"https:\/\/noticiasnoface.com.br\/index.php\/wp-json\/wp\/v2\/comments?post=20166"}],"version-history":[{"count":1,"href":"https:\/\/noticiasnoface.com.br\/index.php\/wp-json\/wp\/v2\/posts\/20166\/revisions"}],"predecessor-version":[{"id":20167,"href":"https:\/\/noticiasnoface.com.br\/index.php\/wp-json\/wp\/v2\/posts\/20166\/revisions\/20167"}],"wp:attachment":[{"href":"https:\/\/noticiasnoface.com.br\/index.php\/wp-json\/wp\/v2\/media?parent=20166"}],"wp:term":[{"taxonomy":"category","embeddable":true,"href":"https:\/\/noticiasnoface.com.br\/index.php\/wp-json\/wp\/v2\/categories?post=20166"},{"taxonomy":"post_tag","embeddable":true,"href":"https:\/\/noticiasnoface.com.br\/index.php\/wp-json\/wp\/v2\/tags?post=20166"}],"curies":[{"name":"wp","href":"https:\/\/api.w.org\/{rel}","templated":true}]}}