{"id":20189,"date":"2023-11-14T12:44:50","date_gmt":"2023-11-14T15:44:50","guid":{"rendered":"https:\/\/noticiasnoface.com.br\/?p=20189"},"modified":"2023-11-14T12:44:51","modified_gmt":"2023-11-14T15:44:51","slug":"rio-de-janeiro-registra-58-graus-de-sensacao-termica","status":"publish","type":"post","link":"https:\/\/noticiasnoface.com.br\/index.php\/2023\/11\/14\/rio-de-janeiro-registra-58-graus-de-sensacao-termica\/","title":{"rendered":"Rio de Janeiro registra 58 graus de sensa\u00e7\u00e3o t\u00e9rmica"},"content":{"rendered":"\n<figure class=\"wp-block-image size-large\"><img data-opt-id=333576479  fetchpriority=\"high\" decoding=\"async\" width=\"300\" height=\"167\" src=\"https:\/\/mlbfrsat7ahr.i.optimole.com\/w:300\/h:167\/q:mauto\/ig:avif\/https:\/\/noticiasnoface.com.br\/wp-content\/uploads\/2023\/11\/img_5054-1.jpg\" class=\"wp-image-20188\" srcset=\"https:\/\/mlbfrsat7ahr.i.optimole.com\/w:300\/h:167\/q:mauto\/ig:avif\/https:\/\/noticiasnoface.com.br\/wp-content\/uploads\/2023\/11\/img_5054-1.jpg 300w, https:\/\/mlbfrsat7ahr.i.optimole.com\/w:743\/h:413\/q:mauto\/ig:avif\/https:\/\/noticiasnoface.com.br\/wp-content\/uploads\/2023\/11\/img_5054-1.jpg 743w\" sizes=\"(max-width: 300px) 100vw, 300px\" \/><figcaption class=\"wp-element-caption\">O Rio de Janeiro registrou, \u00e0s 9h15 desta ter\u00e7a-feira (14), a maior sensa\u00e7\u00e3o t\u00e9rmica desde 2014, de 58,5 graus Celsius (\u00b0C). A medi\u00e7\u00e3o foi feita pela esta\u00e7\u00e3o do servi\u00e7o municipal de meteorologia Alerta Rio em Guaratiba, na zona oeste da cidade. No momento, os term\u00f4metros marcavam 35,5\u00b0C.<br>Desde a chegada da onda de calor que afeta diversos estados brasileiros, o Rio de Janeiro j\u00e1 havia registrado o dia mais quente do ano no domingo (12), com temperatura de 42,5\u00b0C, e a <a href=\"https:\/\/agenciabrasil.ebc.com.br\/geral\/noticia\/2023-11\/rio-tem-sensacao-termica-de-mais-de-52-graus-8h-da-manha\" target=\"_blank\" rel=\"noreferrer noopener\">sensa\u00e7\u00e3o t\u00e9rmica de 52 graus na manh\u00e3 de segunda (13)<\/a>.<br>O recorde de calor de hoje \u00e9 o maior desde que o Alerta Rio come\u00e7ou a fazer as medi\u00e7\u00f5es de temperatura na cidade. O \u00f3rg\u00e3o informa que as duas outras maiores sensa\u00e7\u00f5es t\u00e9rmicas deste ano foram 58,3\u00b0C, em 17 de fevereiro, e 58\u00b0C, em 4 de fevereiro.<br>O intenso calor registrado principalmente no Sudeste e no Centro-Oeste do Brasil deve continuar ao longo de toda a semana, e a<a href=\"https:\/\/agenciabrasil.ebc.com.br\/geral\/noticia\/2023-11\/entenda-como-ausencia-de-nuvens-fortalece-onda-de-calor\" target=\"_blank\" rel=\"noreferrer noopener\">aus\u00eancia de nuvens<\/a> no c\u00e9u torna ainda mais perigosa a exposi\u00e7\u00e3o \u00e0 radia\u00e7\u00e3o solar e a sensa\u00e7\u00e3o de calor.<br>A onda de calor chegou em uma \u00e9poca do ano em que, normalmente, a esta\u00e7\u00e3o chuvosa j\u00e1 est\u00e1 estabelecida e em que as nuvens funcionam como uma esp\u00e9cie de controle das temperaturas. A aus\u00eancia dessa defesa, segundo a meteorologista do Instituto Nacional de Meteorologia (Inmet) Anete Fernandes, potencializa os efeitos do fen\u00f4meno clim\u00e1tico.<br>\u201cQuando a gente tem aus\u00eancia de chuva nesta \u00e9poca do ano, que chamamos de veranico, a aus\u00eancia de nuvens favorece uma grande incid\u00eancia de radia\u00e7\u00e3o na superf\u00edcie, que \u00e9 o que est\u00e1 acontecendo agora. Ent\u00e3o, as temperaturas se elevam muito\u201d, explicou.<\/figcaption><\/figure>\n","protected":false},"excerpt":{"rendered":"","protected":false},"author":1,"featured_media":0,"comment_status":"open","ping_status":"open","sticky":false,"template":"","format":"standard","meta":{"site-sidebar-layout":"default","site-content-layout":"","ast-site-content-layout":"default","site-content-style":"default","site-sidebar-style":"default","ast-global-header-display":"","ast-banner-title-visibility":"","ast-main-header-display":"","ast-hfb-above-header-display":"","ast-hfb-below-header-display":"","ast-hfb-mobile-header-display":"","site-post-title":"","ast-breadcrumbs-content":"","ast-featured-img":"","footer-sml-layout":"","ast-disable-related-posts":"","theme-transparent-header-meta":"","adv-header-id-meta":"","stick-header-meta":"","header-above-stick-meta":"","header-main-stick-meta":"","header-below-stick-meta":"","astra-migrate-meta-layouts":"default","ast-page-background-enabled":"default","ast-page-background-meta":{"desktop":{"background-color":"var(--ast-global-color-4)","background-image":"","background-repeat":"repeat","background-position":"center center","background-size":"auto","background-attachment":"scroll","background-type":"","background-media":"","overlay-type":"","overlay-color":"","overlay-opacity":"","overlay-gradient":""},"tablet":{"background-color":"","background-image":"","background-repeat":"repeat","background-position":"center center","background-size":"auto","background-attachment":"scroll","background-type":"","background-media":"","overlay-type":"","overlay-color":"","overlay-opacity":"","overlay-gradient":""},"mobile":{"background-color":"","background-image":"","background-repeat":"repeat","background-position":"center center","background-size":"auto","background-attachment":"scroll","background-type":"","background-media":"","overlay-type":"","overlay-color":"","overlay-opacity":"","overlay-gradient":""}},"ast-content-background-meta":{"desktop":{"background-color":"var(--ast-global-color-5)","background-image":"","background-repeat":"repeat","background-position":"center center","background-size":"auto","background-attachment":"scroll","background-type":"","background-media":"","overlay-type":"","overlay-color":"","overlay-opacity":"","overlay-gradient":""},"tablet":{"background-color":"var(--ast-global-color-5)","background-image":"","background-repeat":"repeat","background-position":"center center","background-size":"auto","background-attachment":"scroll","background-type":"","background-media":"","overlay-type":"","overlay-color":"","overlay-opacity":"","overlay-gradient":""},"mobile":{"background-color":"var(--ast-global-color-5)","background-image":"","background-repeat":"repeat","background-position":"center center","background-size":"auto","background-attachment":"scroll","background-type":"","background-media":"","overlay-type":"","overlay-color":"","overlay-opacity":"","overlay-gradient":""}},"footnotes":""},"categories":[517],"tags":[],"class_list":["post-20189","post","type-post","status-publish","format-standard","hentry","category-aconteceu"],"_links":{"self":[{"href":"https:\/\/noticiasnoface.com.br\/index.php\/wp-json\/wp\/v2\/posts\/20189","targetHints":{"allow":["GET"]}}],"collection":[{"href":"https:\/\/noticiasnoface.com.br\/index.php\/wp-json\/wp\/v2\/posts"}],"about":[{"href":"https:\/\/noticiasnoface.com.br\/index.php\/wp-json\/wp\/v2\/types\/post"}],"author":[{"embeddable":true,"href":"https:\/\/noticiasnoface.com.br\/index.php\/wp-json\/wp\/v2\/users\/1"}],"replies":[{"embeddable":true,"href":"https:\/\/noticiasnoface.com.br\/index.php\/wp-json\/wp\/v2\/comments?post=20189"}],"version-history":[{"count":1,"href":"https:\/\/noticiasnoface.com.br\/index.php\/wp-json\/wp\/v2\/posts\/20189\/revisions"}],"predecessor-version":[{"id":20190,"href":"https:\/\/noticiasnoface.com.br\/index.php\/wp-json\/wp\/v2\/posts\/20189\/revisions\/20190"}],"wp:attachment":[{"href":"https:\/\/noticiasnoface.com.br\/index.php\/wp-json\/wp\/v2\/media?parent=20189"}],"wp:term":[{"taxonomy":"category","embeddable":true,"href":"https:\/\/noticiasnoface.com.br\/index.php\/wp-json\/wp\/v2\/categories?post=20189"},{"taxonomy":"post_tag","embeddable":true,"href":"https:\/\/noticiasnoface.com.br\/index.php\/wp-json\/wp\/v2\/tags?post=20189"}],"curies":[{"name":"wp","href":"https:\/\/api.w.org\/{rel}","templated":true}]}}