{"id":20198,"date":"2023-11-15T14:54:00","date_gmt":"2023-11-15T17:54:00","guid":{"rendered":"https:\/\/noticiasnoface.com.br\/?p=20198"},"modified":"2023-11-15T14:54:01","modified_gmt":"2023-11-15T17:54:01","slug":"abidene-salustiano-vai-disputar-as-eleicoes-do-ano-que-vem","status":"publish","type":"post","link":"https:\/\/noticiasnoface.com.br\/index.php\/2023\/11\/15\/abidene-salustiano-vai-disputar-as-eleicoes-do-ano-que-vem\/","title":{"rendered":"Abidene Salustiano  vai disputar as elei\u00e7\u00f5es do ano que vem."},"content":{"rendered":"\n<figure class=\"wp-block-image size-large\"><img data-opt-id=1478801502  fetchpriority=\"high\" decoding=\"async\" width=\"768\" height=\"1024\" src=\"https:\/\/mlbfrsat7ahr.i.optimole.com\/w:768\/h:1024\/q:mauto\/ig:avif\/https:\/\/noticiasnoface.com.br\/wp-content\/uploads\/2023\/11\/4965654d-bf6f-46a4-82ff-767f991ce120-1.jpg\" class=\"wp-image-20197\" srcset=\"https:\/\/mlbfrsat7ahr.i.optimole.com\/w:768\/h:1024\/q:mauto\/ig:avif\/https:\/\/noticiasnoface.com.br\/wp-content\/uploads\/2023\/11\/4965654d-bf6f-46a4-82ff-767f991ce120-1.jpg 768w, https:\/\/mlbfrsat7ahr.i.optimole.com\/w:225\/h:300\/q:mauto\/ig:avif\/https:\/\/noticiasnoface.com.br\/wp-content\/uploads\/2023\/11\/4965654d-bf6f-46a4-82ff-767f991ce120-1.jpg 225w, https:\/\/mlbfrsat7ahr.i.optimole.com\/w:810\/h:1080\/q:mauto\/ig:avif\/https:\/\/noticiasnoface.com.br\/wp-content\/uploads\/2023\/11\/4965654d-bf6f-46a4-82ff-767f991ce120-1.jpg 1152w, https:\/\/mlbfrsat7ahr.i.optimole.com\/w:810\/h:1080\/q:mauto\/ig:avif\/https:\/\/noticiasnoface.com.br\/wp-content\/uploads\/2023\/11\/4965654d-bf6f-46a4-82ff-767f991ce120-1.jpg 1200w\" sizes=\"(max-width: 768px) 100vw, 768px\" \/><figcaption class=\"wp-element-caption\">Abidene Salustiano, ex-vereador e candidato a deputado estadual mais votado de Parnamirim em 2018, decidiu que vai disputar as elei\u00e7\u00f5es do ano que vem.<br>O empres\u00e1rio foi inocentado ontem (14) pelo ministro do TSE, Benedito Gon\u00e7alves. A decis\u00e3o animou Abidene, que sempre afirmou sua inoc\u00eancia e confiou na justi\u00e7a.<br>Com essa vit\u00f3ria na justi\u00e7a, Abidene retorna \u00e0s ruas de Parnamirim com um desejo de participar diretamente na sucess\u00e3o da cidade Trampolim da Vit\u00f3ria.<br>Abidene escolheu a ag\u00eancia Felicce do publicit\u00e1rio Heyder Macedo para cuidar do marketing da sua pr\u00e9-campanha.<br>O cargo a ser disputado ainda n\u00e3o se sabe, mas \u00e9 de conhecimento p\u00fablico que Abidene n\u00e3o quer disputar vaga na c\u00e2mara dos vereadores.<br>Seu nome vai come\u00e7ar a surgir nas pesquisas e a partir dos n\u00fameros, o empres\u00e1rio vai definir se encara a disputa para prefeito ou a vice, numa chapa com chances de vencer.<br>Em tempo: ao escolher a Felicce, Abidene optou por uma das melhores e mais experientes equipes de marketing eleitoral. Os caras s\u00e3o para l\u00e1 de caprichosos.<br>Em tempo 2: s\u00f3 lamento a demora na decis\u00e3o de Abidene. Ele vai ter quer remar muito para fazer com que os eleitores de Parnamirim saibam que ele est\u00e1 na disputa. Esse ser\u00e1 o grande desafio de Heyder e sua equipe.<\/figcaption><\/figure>\n","protected":false},"excerpt":{"rendered":"","protected":false},"author":1,"featured_media":0,"comment_status":"open","ping_status":"open","sticky":false,"template":"","format":"standard","meta":{"site-sidebar-layout":"default","site-content-layout":"","ast-site-content-layout":"default","site-content-style":"default","site-sidebar-style":"default","ast-global-header-display":"","ast-banner-title-visibility":"","ast-main-header-display":"","ast-hfb-above-header-display":"","ast-hfb-below-header-display":"","ast-hfb-mobile-header-display":"","site-post-title":"","ast-breadcrumbs-content":"","ast-featured-img":"","footer-sml-layout":"","ast-disable-related-posts":"","theme-transparent-header-meta":"","adv-header-id-meta":"","stick-header-meta":"","header-above-stick-meta":"","header-main-stick-meta":"","header-below-stick-meta":"","astra-migrate-meta-layouts":"default","ast-page-background-enabled":"default","ast-page-background-meta":{"desktop":{"background-color":"var(--ast-global-color-4)","background-image":"","background-repeat":"repeat","background-position":"center center","background-size":"auto","background-attachment":"scroll","background-type":"","background-media":"","overlay-type":"","overlay-color":"","overlay-opacity":"","overlay-gradient":""},"tablet":{"background-color":"","background-image":"","background-repeat":"repeat","background-position":"center center","background-size":"auto","background-attachment":"scroll","background-type":"","background-media":"","overlay-type":"","overlay-color":"","overlay-opacity":"","overlay-gradient":""},"mobile":{"background-color":"","background-image":"","background-repeat":"repeat","background-position":"center center","background-size":"auto","background-attachment":"scroll","background-type":"","background-media":"","overlay-type":"","overlay-color":"","overlay-opacity":"","overlay-gradient":""}},"ast-content-background-meta":{"desktop":{"background-color":"var(--ast-global-color-5)","background-image":"","background-repeat":"repeat","background-position":"center center","background-size":"auto","background-attachment":"scroll","background-type":"","background-media":"","overlay-type":"","overlay-color":"","overlay-opacity":"","overlay-gradient":""},"tablet":{"background-color":"var(--ast-global-color-5)","background-image":"","background-repeat":"repeat","background-position":"center center","background-size":"auto","background-attachment":"scroll","background-type":"","background-media":"","overlay-type":"","overlay-color":"","overlay-opacity":"","overlay-gradient":""},"mobile":{"background-color":"var(--ast-global-color-5)","background-image":"","background-repeat":"repeat","background-position":"center center","background-size":"auto","background-attachment":"scroll","background-type":"","background-media":"","overlay-type":"","overlay-color":"","overlay-opacity":"","overlay-gradient":""}},"footnotes":""},"categories":[517],"tags":[],"class_list":["post-20198","post","type-post","status-publish","format-standard","hentry","category-aconteceu"],"_links":{"self":[{"href":"https:\/\/noticiasnoface.com.br\/index.php\/wp-json\/wp\/v2\/posts\/20198","targetHints":{"allow":["GET"]}}],"collection":[{"href":"https:\/\/noticiasnoface.com.br\/index.php\/wp-json\/wp\/v2\/posts"}],"about":[{"href":"https:\/\/noticiasnoface.com.br\/index.php\/wp-json\/wp\/v2\/types\/post"}],"author":[{"embeddable":true,"href":"https:\/\/noticiasnoface.com.br\/index.php\/wp-json\/wp\/v2\/users\/1"}],"replies":[{"embeddable":true,"href":"https:\/\/noticiasnoface.com.br\/index.php\/wp-json\/wp\/v2\/comments?post=20198"}],"version-history":[{"count":1,"href":"https:\/\/noticiasnoface.com.br\/index.php\/wp-json\/wp\/v2\/posts\/20198\/revisions"}],"predecessor-version":[{"id":20199,"href":"https:\/\/noticiasnoface.com.br\/index.php\/wp-json\/wp\/v2\/posts\/20198\/revisions\/20199"}],"wp:attachment":[{"href":"https:\/\/noticiasnoface.com.br\/index.php\/wp-json\/wp\/v2\/media?parent=20198"}],"wp:term":[{"taxonomy":"category","embeddable":true,"href":"https:\/\/noticiasnoface.com.br\/index.php\/wp-json\/wp\/v2\/categories?post=20198"},{"taxonomy":"post_tag","embeddable":true,"href":"https:\/\/noticiasnoface.com.br\/index.php\/wp-json\/wp\/v2\/tags?post=20198"}],"curies":[{"name":"wp","href":"https:\/\/api.w.org\/{rel}","templated":true}]}}