{"id":20249,"date":"2023-11-17T10:26:51","date_gmt":"2023-11-17T13:26:51","guid":{"rendered":"https:\/\/noticiasnoface.com.br\/?p=20249"},"modified":"2023-11-17T10:26:51","modified_gmt":"2023-11-17T13:26:51","slug":"alexandre-de-moraes-admite-erro-mas-mantem-condenacao-de-17-anos","status":"publish","type":"post","link":"https:\/\/noticiasnoface.com.br\/index.php\/2023\/11\/17\/alexandre-de-moraes-admite-erro-mas-mantem-condenacao-de-17-anos\/","title":{"rendered":"Alexandre de Moraes admite erro mas mant\u00e9m condena\u00e7\u00e3o de 17 anos"},"content":{"rendered":"\n<figure class=\"wp-block-image size-large\"><img data-opt-id=1914597016  fetchpriority=\"high\" decoding=\"async\" width=\"1024\" height=\"653\" src=\"https:\/\/mlbfrsat7ahr.i.optimole.com\/w:1024\/h:653\/q:mauto\/ig:avif\/https:\/\/noticiasnoface.com.br\/wp-content\/uploads\/2023\/11\/img_5241-1.jpg\" class=\"wp-image-20248\" srcset=\"https:\/\/mlbfrsat7ahr.i.optimole.com\/w:1024\/h:653\/q:mauto\/ig:avif\/https:\/\/noticiasnoface.com.br\/wp-content\/uploads\/2023\/11\/img_5241-1.jpg 1024w, https:\/\/mlbfrsat7ahr.i.optimole.com\/w:300\/h:191\/q:mauto\/ig:avif\/https:\/\/noticiasnoface.com.br\/wp-content\/uploads\/2023\/11\/img_5241-1.jpg 300w, https:\/\/mlbfrsat7ahr.i.optimole.com\/w:768\/h:489\/q:mauto\/ig:avif\/https:\/\/noticiasnoface.com.br\/wp-content\/uploads\/2023\/11\/img_5241-1.jpg 768w, https:\/\/mlbfrsat7ahr.i.optimole.com\/w:1290\/h:822\/q:mauto\/ig:avif\/https:\/\/noticiasnoface.com.br\/wp-content\/uploads\/2023\/11\/img_5241-1.jpg 1290w\" sizes=\"(max-width: 1000px) 100vw, 1000px\" \/><figcaption class=\"wp-element-caption\">Moraes admite erro, mas mant\u00e9m pena de 17 anos em voto contra r\u00e9u do 8\/1<br>Defesa alegou que acusado n\u00e3o esteve no QG do Ex\u00e9rcito e relator &#8216;zerou&#8217; votos de ministros<br>O ministro <a href=\"https:\/\/www1.folha.uol.com.br\/folha-topicos\/alexandre-de-moraes\/\" target=\"_blank\" rel=\"noopener\">Alexandre de Moraes<\/a>, relator das a\u00e7\u00f5es penais decorrentes dos <a href=\"https:\/\/www1.folha.uol.com.br\/folha-topicos\/ataque-a-democracia\/\" target=\"_blank\" rel=\"noopener\">ataques golpistas de 8 de janeiro<\/a> no <a href=\"https:\/\/www1.folha.uol.com.br\/folha-topicos\/stf\/\" target=\"_blank\" rel=\"noopener\">STF<\/a> (Supremo Tribunal Federal), ajustou seu voto, mas manteve condena\u00e7\u00e3o de 17 anos de pris\u00e3o a <a href=\"https:\/\/www1.folha.uol.com.br\/poder\/2023\/10\/quem-sao-os-condenados-no-stf-pelos-ataques-golpistas-de-8-de-janeiro.shtml\" target=\"_blank\" rel=\"noopener\">Eduardo Zeferino Englert, 42,<\/a> ap\u00f3s a defesa <a href=\"https:\/\/www1.folha.uol.com.br\/poder\/2023\/11\/pericia-da-pf-contradiz-moraes-sobre-presenca-de-reu-do-81-em-qg-do-exercito.shtml\" target=\"_blank\" rel=\"noopener\">apontar erro no primeiro julgamento<\/a>.<br>A nova an\u00e1lise, iniciada na madrugada desta sexta-feira (17), ocorre depois que advogados de Englert afirmarem que o r\u00e9u nunca esteve no quartel-general do Ex\u00e9rcito antes dos ataques. O argumento foi confirmado pela <a href=\"https:\/\/www1.folha.uol.com.br\/folha-topicos\/policia-federal\/\" target=\"_blank\" rel=\"noopener\">Pol\u00edcia Federal<\/a>ap\u00f3s per\u00edcia. Com isso<a href=\"https:\/\/www1.folha.uol.com.br\/poder\/2023\/11\/reu-do-81-aponta-erro-de-moraes-nega-atuacao-em-qg-e-zera-votos-contra-ele-no-stf.shtml\" target=\"_blank\" rel=\"noopener\">, os votos do julgamento anterior foram zerados.<\/a><br>O julgamento acontece at\u00e9 o dia 24 no sistema virtual da corte, ferramenta na qual os ministros apresentam os seus votos sem discuss\u00e3o presencial, e as sustenta\u00e7\u00f5es de advogados s\u00e3o protocoladas na forma de v\u00eddeo.<br>Englert \u00e9 natural de Santa Maria (RS), e foi preso em flagrante no Pal\u00e1cio do Planalto no dia dos ataques.<br>Moraes tinha julgado procedente a a\u00e7\u00e3o e <a href=\"https:\/\/www1.folha.uol.com.br\/poder\/2023\/10\/quem-sao-os-condenados-no-stf-pelos-ataques-golpistas-de-8-de-janeiro.shtml\" target=\"_blank\" rel=\"noopener\">proposto uma condena\u00e7\u00e3o de 17 anos de pris\u00e3o<\/a>pelos crimes de aboli\u00e7\u00e3o violenta do Estado democr\u00e1tico de Direito, golpe de Estado, dano qualificado, deteriora\u00e7\u00e3o do patrim\u00f4nio tombado e associa\u00e7\u00e3o criminosa armada.<br>Na decis\u00e3o, o ministro dizia ter provas contundentes de que <a href=\"https:\/\/www1.folha.uol.com.br\/poder\/2023\/10\/quem-sao-os-condenados-no-stf-pelos-ataques-golpistas-de-8-de-janeiro.shtml\" target=\"_blank\" rel=\"noopener\">Englert<\/a> tinha chegado \u00e0 capital no dia 7 de janeiro e ficado no QG do Ex\u00e9rcito at\u00e9 o dia seguinte.<br>Tamb\u00e9m afirmou que a autoria delitiva do r\u00e9u estava evidenciada e que, ao contr\u00e1rio do que sustenta a defesa, &#8220;os elementos probat\u00f3rios indicam que o acusado teve envolvimento na empreitada criminosa&#8221;.<br>Entretanto, como mostrou a <strong>Folha<\/strong>, uma per\u00edcia realizada pela PF no celular dele mostrou que n\u00e3o havia ali registros de ida ao acampamento bolsonarista na data. Um laudo assinado pelo Instituto Nacional de Criminal\u00edstica anexado \u00e0 a\u00e7\u00e3o penal constatou que o r\u00e9u s\u00f3 chegou a Bras\u00edlia \u00e0s 14h15 do dia 8.<br>FolhaJus<br>A newsletter sobre o mundo jur\u00eddico exclusiva para assinantes da Folha<br>O advogado Marcos Vinicius Rodrigues de Azevedo, que defende o r\u00e9u, acrescentou que n\u00e3o h\u00e1 fato relevante que ampare o voto do relator, &#8220;nem qualquer prova de que o r\u00e9u teria, por livre iniciativa e espontaneidade, manifestado em seu nome qualquer interesse golpista ou interven\u00e7\u00e3o militar&#8221;.<br>Al\u00e9m disso, afirmou que o r\u00e9u s\u00f3 ingressou no Planalto &#8220;para se proteger das bombas de efeito moral&#8221;.<br>Com isso, a dois dias do t\u00e9rmino da sess\u00e3o virtual, o ministro pediu destaque na a\u00e7\u00e3o, mecanismo que leva o julgamento para o plen\u00e1rio f\u00edsico e todos os votos j\u00e1 depositados virtualmente s\u00e3o anulados. Ap\u00f3s, a solicita\u00e7\u00e3o foi retirada pelo pr\u00f3prio relator. Assim, a an\u00e1lise continua no sistema online.<br>O STF j\u00e1 condenou ao todo 25 r\u00e9us, com penas que alcan\u00e7am at\u00e9 17 anos, por causa dos atos golpistas promovidos por apoiadores do ex-presidente <a href=\"https:\/\/www1.folha.uol.com.br\/folha-topicos\/jair-bolsonaro\/\" target=\"_blank\" rel=\"noopener\">Jair Bolsonaro<\/a> (<a href=\"https:\/\/www1.folha.uol.com.br\/folha-topicos\/pl\/\" target=\"_blank\" rel=\"noopener\">PL<\/a>). Os julgamentos foram feitos nos plen\u00e1rios f\u00edsico e virtual.<br>Em 9 de janeiro, um dia ap\u00f3s os ataques, foram presos em flagrante 2.151 pessoas, segundo o STF. Dessas, 1.345 haviam sido denunciadas pela <a href=\"https:\/\/www1.folha.uol.com.br\/folha-topicos\/pgr\/\" target=\"_blank\" rel=\"noopener\">PGR<\/a> (Procuradoria-Geral da Rep\u00fablica) at\u00e9 setembro e tornaram-se r\u00e9us.<\/figcaption><\/figure>\n","protected":false},"excerpt":{"rendered":"","protected":false},"author":1,"featured_media":0,"comment_status":"open","ping_status":"open","sticky":false,"template":"","format":"standard","meta":{"site-sidebar-layout":"default","site-content-layout":"","ast-site-content-layout":"default","site-content-style":"default","site-sidebar-style":"default","ast-global-header-display":"","ast-banner-title-visibility":"","ast-main-header-display":"","ast-hfb-above-header-display":"","ast-hfb-below-header-display":"","ast-hfb-mobile-header-display":"","site-post-title":"","ast-breadcrumbs-content":"","ast-featured-img":"","footer-sml-layout":"","ast-disable-related-posts":"","theme-transparent-header-meta":"","adv-header-id-meta":"","stick-header-meta":"","header-above-stick-meta":"","header-main-stick-meta":"","header-below-stick-meta":"","astra-migrate-meta-layouts":"default","ast-page-background-enabled":"default","ast-page-background-meta":{"desktop":{"background-color":"var(--ast-global-color-4)","background-image":"","background-repeat":"repeat","background-position":"center center","background-size":"auto","background-attachment":"scroll","background-type":"","background-media":"","overlay-type":"","overlay-color":"","overlay-opacity":"","overlay-gradient":""},"tablet":{"background-color":"","background-image":"","background-repeat":"repeat","background-position":"center center","background-size":"auto","background-attachment":"scroll","background-type":"","background-media":"","overlay-type":"","overlay-color":"","overlay-opacity":"","overlay-gradient":""},"mobile":{"background-color":"","background-image":"","background-repeat":"repeat","background-position":"center center","background-size":"auto","background-attachment":"scroll","background-type":"","background-media":"","overlay-type":"","overlay-color":"","overlay-opacity":"","overlay-gradient":""}},"ast-content-background-meta":{"desktop":{"background-color":"var(--ast-global-color-5)","background-image":"","background-repeat":"repeat","background-position":"center center","background-size":"auto","background-attachment":"scroll","background-type":"","background-media":"","overlay-type":"","overlay-color":"","overlay-opacity":"","overlay-gradient":""},"tablet":{"background-color":"var(--ast-global-color-5)","background-image":"","background-repeat":"repeat","background-position":"center center","background-size":"auto","background-attachment":"scroll","background-type":"","background-media":"","overlay-type":"","overlay-color":"","overlay-opacity":"","overlay-gradient":""},"mobile":{"background-color":"var(--ast-global-color-5)","background-image":"","background-repeat":"repeat","background-position":"center center","background-size":"auto","background-attachment":"scroll","background-type":"","background-media":"","overlay-type":"","overlay-color":"","overlay-opacity":"","overlay-gradient":""}},"footnotes":""},"categories":[517],"tags":[],"class_list":["post-20249","post","type-post","status-publish","format-standard","hentry","category-aconteceu"],"_links":{"self":[{"href":"https:\/\/noticiasnoface.com.br\/index.php\/wp-json\/wp\/v2\/posts\/20249","targetHints":{"allow":["GET"]}}],"collection":[{"href":"https:\/\/noticiasnoface.com.br\/index.php\/wp-json\/wp\/v2\/posts"}],"about":[{"href":"https:\/\/noticiasnoface.com.br\/index.php\/wp-json\/wp\/v2\/types\/post"}],"author":[{"embeddable":true,"href":"https:\/\/noticiasnoface.com.br\/index.php\/wp-json\/wp\/v2\/users\/1"}],"replies":[{"embeddable":true,"href":"https:\/\/noticiasnoface.com.br\/index.php\/wp-json\/wp\/v2\/comments?post=20249"}],"version-history":[{"count":1,"href":"https:\/\/noticiasnoface.com.br\/index.php\/wp-json\/wp\/v2\/posts\/20249\/revisions"}],"predecessor-version":[{"id":20250,"href":"https:\/\/noticiasnoface.com.br\/index.php\/wp-json\/wp\/v2\/posts\/20249\/revisions\/20250"}],"wp:attachment":[{"href":"https:\/\/noticiasnoface.com.br\/index.php\/wp-json\/wp\/v2\/media?parent=20249"}],"wp:term":[{"taxonomy":"category","embeddable":true,"href":"https:\/\/noticiasnoface.com.br\/index.php\/wp-json\/wp\/v2\/categories?post=20249"},{"taxonomy":"post_tag","embeddable":true,"href":"https:\/\/noticiasnoface.com.br\/index.php\/wp-json\/wp\/v2\/tags?post=20249"}],"curies":[{"name":"wp","href":"https:\/\/api.w.org\/{rel}","templated":true}]}}