{"id":20252,"date":"2023-11-17T12:57:35","date_gmt":"2023-11-17T15:57:35","guid":{"rendered":"https:\/\/noticiasnoface.com.br\/?p=20252"},"modified":"2023-11-17T12:57:36","modified_gmt":"2023-11-17T15:57:36","slug":"motorista-de-uber-pode-cobrar-taxa-para-ligar-o-ar-condicionado","status":"publish","type":"post","link":"https:\/\/noticiasnoface.com.br\/index.php\/2023\/11\/17\/motorista-de-uber-pode-cobrar-taxa-para-ligar-o-ar-condicionado\/","title":{"rendered":"Motorista de UBER pode cobrar taxa para ligar o ar-condicionado?"},"content":{"rendered":"\n<figure class=\"wp-block-image size-large\"><img data-opt-id=1324937111  fetchpriority=\"high\" decoding=\"async\" width=\"1024\" height=\"557\" src=\"https:\/\/mlbfrsat7ahr.i.optimole.com\/w:1024\/h:557\/q:mauto\/ig:avif\/https:\/\/noticiasnoface.com.br\/wp-content\/uploads\/2023\/11\/photo-output-1-13.jpg\" class=\"wp-image-20251\" srcset=\"https:\/\/mlbfrsat7ahr.i.optimole.com\/w:1024\/h:557\/q:mauto\/ig:avif\/https:\/\/noticiasnoface.com.br\/wp-content\/uploads\/2023\/11\/photo-output-1-13.jpg 1024w, https:\/\/mlbfrsat7ahr.i.optimole.com\/w:300\/h:163\/q:mauto\/ig:avif\/https:\/\/noticiasnoface.com.br\/wp-content\/uploads\/2023\/11\/photo-output-1-13.jpg 300w, https:\/\/mlbfrsat7ahr.i.optimole.com\/w:768\/h:418\/q:mauto\/ig:avif\/https:\/\/noticiasnoface.com.br\/wp-content\/uploads\/2023\/11\/photo-output-1-13.jpg 768w, https:\/\/mlbfrsat7ahr.i.optimole.com\/w:1536\/h:836\/q:mauto\/ig:avif\/https:\/\/noticiasnoface.com.br\/wp-content\/uploads\/2023\/11\/photo-output-1-13.jpg 1536w, https:\/\/mlbfrsat7ahr.i.optimole.com\/w:1920\/h:1044\/q:mauto\/ig:avif\/https:\/\/noticiasnoface.com.br\/wp-content\/uploads\/2023\/11\/photo-output-1-13.jpg 2048w\" sizes=\"(max-width: 1000px) 100vw, 1000px\" \/><figcaption class=\"wp-element-caption\">Diversas imagens de placas nos bancos de carros de <strong><a href=\"https:\/\/noticias.r7.com\/sao-paulo\/mulher-se-joga-de-carro-apos-acreditar-que-foi-sequestrada-por-motorista-de-app-em-sp-23092023\" target=\"_blank\" rel=\"noreferrer noopener\">motoristas de aplicativo<\/a><\/strong> com pedido de taxa para ligar o ar-condicionado do carro durante a corrida viralizaram nas redes nas \u00faltimas semanas, em raz\u00e3o da forte onda de calor no pa\u00eds. O assunto causou pol\u00eamica, e muitos questionaram o que os aplicativos acham dessa atitude. <br><br>Em nota ao <strong>R7<\/strong>, a Uber afirmou que o ar-condicionado \u00e9 um dos requisitos para o cadastro de autom\u00f3veis na plataforma em todas as modalidades. Por\u00e9m, os motoristas n\u00e3o s\u00e3o obrigados a lig\u00e1-lo durante a corrida.<br>&#8220;A temperatura do ve\u00edculo assim como outros aspectos, como r\u00e1dio\/m\u00fasica, fazem parte das prefer\u00eancias de viagem que podem ser combinadas mutuamente entre o motorista parceiro e o usu\u00e1rio para uma viagem confort\u00e1vel para todos&#8221;, disse a empresa.<br><br>O aplicativo tamb\u00e9m afirmou que n\u00e3o deve haver a cobran\u00e7a de taxas extras por fora do aplicativo. &#8220;Os usu\u00e1rios n\u00e3o devem aceitar cobran\u00e7as realizadas fora da plataforma da Uber, que representam viola\u00e7\u00e3o ao C\u00f3digo e podem levar \u00e0 desativa\u00e7\u00e3o da conta do respons\u00e1vel&#8221;, finalizou.<br>A 99 tamb\u00e9m informou ao <strong>R7<\/strong> que a utiliza\u00e7\u00e3o ou n\u00e3o do ar-condicionado deve ser combinada entre o motorista e o passageiro, para que &#8220;a viagem ocorra de forma confort\u00e1vel para ambos&#8221;.<br>&#8220;A empresa refor\u00e7a, ainda, que o bom senso, o respeito, a empatia e a gentileza s\u00e3o fundamentais para que a experi\u00eancia do passageiro e do motorista parceiro seja a melhor poss\u00edvel&#8221;, afirmou.<br>O aplicativo finalizou ao dizer que tanto o condutor quanto o passageiro s\u00e3o incentivados a avaliar a corrida, podendo registrar qualquer tipo de intercorr\u00eancia ou inc\u00f4modo.<br><br>O que dizem os motoristas<br><br>As imagens das placas rodaram a internet e geraram diversas cr\u00edticas aos motoristas. Por isso, alguns deles decidiram se posicionar e explicar o motivo da cobran\u00e7a.<br>Muitos deles afirmaram que o valor recebido pelas corridas n\u00e3o \u00e9 suficiente para cobrir os custos de ligar o ar.<br>&#8220;Eu rodo por aplicativo e n\u00e3o uso ar-condicionado. Por\u00e9m, se o passageiro pagar R$ 5, ligo o ar tranquilamente. A quest\u00e3o \u00e9 que a Uber paga um valor que, de fato, n\u00e3o d\u00e1 condi\u00e7\u00f5es&#8221;, afirma um motorista. <br>Como o pre\u00e7o da viagem \u00e9 fixo e n\u00e3o varia conforme outras condi\u00e7\u00f5es, como o uso ou n\u00e3o do ar-condicionado, uma op\u00e7\u00e3o para o passageiro que deseja pagar um &#8220;extra&#8221; ao motorista, sem precisar fazer pagamentos fora do aplicativo, \u00e9 usar as alternativas de gorjetas disponibilizadas.<\/figcaption><\/figure>\n","protected":false},"excerpt":{"rendered":"","protected":false},"author":1,"featured_media":0,"comment_status":"open","ping_status":"open","sticky":false,"template":"","format":"standard","meta":{"site-sidebar-layout":"default","site-content-layout":"","ast-site-content-layout":"default","site-content-style":"default","site-sidebar-style":"default","ast-global-header-display":"","ast-banner-title-visibility":"","ast-main-header-display":"","ast-hfb-above-header-display":"","ast-hfb-below-header-display":"","ast-hfb-mobile-header-display":"","site-post-title":"","ast-breadcrumbs-content":"","ast-featured-img":"","footer-sml-layout":"","ast-disable-related-posts":"","theme-transparent-header-meta":"","adv-header-id-meta":"","stick-header-meta":"","header-above-stick-meta":"","header-main-stick-meta":"","header-below-stick-meta":"","astra-migrate-meta-layouts":"default","ast-page-background-enabled":"default","ast-page-background-meta":{"desktop":{"background-color":"var(--ast-global-color-4)","background-image":"","background-repeat":"repeat","background-position":"center center","background-size":"auto","background-attachment":"scroll","background-type":"","background-media":"","overlay-type":"","overlay-color":"","overlay-opacity":"","overlay-gradient":""},"tablet":{"background-color":"","background-image":"","background-repeat":"repeat","background-position":"center center","background-size":"auto","background-attachment":"scroll","background-type":"","background-media":"","overlay-type":"","overlay-color":"","overlay-opacity":"","overlay-gradient":""},"mobile":{"background-color":"","background-image":"","background-repeat":"repeat","background-position":"center center","background-size":"auto","background-attachment":"scroll","background-type":"","background-media":"","overlay-type":"","overlay-color":"","overlay-opacity":"","overlay-gradient":""}},"ast-content-background-meta":{"desktop":{"background-color":"var(--ast-global-color-5)","background-image":"","background-repeat":"repeat","background-position":"center center","background-size":"auto","background-attachment":"scroll","background-type":"","background-media":"","overlay-type":"","overlay-color":"","overlay-opacity":"","overlay-gradient":""},"tablet":{"background-color":"var(--ast-global-color-5)","background-image":"","background-repeat":"repeat","background-position":"center center","background-size":"auto","background-attachment":"scroll","background-type":"","background-media":"","overlay-type":"","overlay-color":"","overlay-opacity":"","overlay-gradient":""},"mobile":{"background-color":"var(--ast-global-color-5)","background-image":"","background-repeat":"repeat","background-position":"center center","background-size":"auto","background-attachment":"scroll","background-type":"","background-media":"","overlay-type":"","overlay-color":"","overlay-opacity":"","overlay-gradient":""}},"footnotes":""},"categories":[517],"tags":[],"class_list":["post-20252","post","type-post","status-publish","format-standard","hentry","category-aconteceu"],"_links":{"self":[{"href":"https:\/\/noticiasnoface.com.br\/index.php\/wp-json\/wp\/v2\/posts\/20252","targetHints":{"allow":["GET"]}}],"collection":[{"href":"https:\/\/noticiasnoface.com.br\/index.php\/wp-json\/wp\/v2\/posts"}],"about":[{"href":"https:\/\/noticiasnoface.com.br\/index.php\/wp-json\/wp\/v2\/types\/post"}],"author":[{"embeddable":true,"href":"https:\/\/noticiasnoface.com.br\/index.php\/wp-json\/wp\/v2\/users\/1"}],"replies":[{"embeddable":true,"href":"https:\/\/noticiasnoface.com.br\/index.php\/wp-json\/wp\/v2\/comments?post=20252"}],"version-history":[{"count":1,"href":"https:\/\/noticiasnoface.com.br\/index.php\/wp-json\/wp\/v2\/posts\/20252\/revisions"}],"predecessor-version":[{"id":20253,"href":"https:\/\/noticiasnoface.com.br\/index.php\/wp-json\/wp\/v2\/posts\/20252\/revisions\/20253"}],"wp:attachment":[{"href":"https:\/\/noticiasnoface.com.br\/index.php\/wp-json\/wp\/v2\/media?parent=20252"}],"wp:term":[{"taxonomy":"category","embeddable":true,"href":"https:\/\/noticiasnoface.com.br\/index.php\/wp-json\/wp\/v2\/categories?post=20252"},{"taxonomy":"post_tag","embeddable":true,"href":"https:\/\/noticiasnoface.com.br\/index.php\/wp-json\/wp\/v2\/tags?post=20252"}],"curies":[{"name":"wp","href":"https:\/\/api.w.org\/{rel}","templated":true}]}}