{"id":20255,"date":"2023-11-17T14:43:21","date_gmt":"2023-11-17T17:43:21","guid":{"rendered":"https:\/\/noticiasnoface.com.br\/?p=20255"},"modified":"2023-11-17T14:43:22","modified_gmt":"2023-11-17T17:43:22","slug":"ana-hickmann-sera-despejada-da-casa-por-divida-milionaria","status":"publish","type":"post","link":"https:\/\/noticiasnoface.com.br\/index.php\/2023\/11\/17\/ana-hickmann-sera-despejada-da-casa-por-divida-milionaria\/","title":{"rendered":"Ana Hickmann ser\u00e1 despejada da casa por d\u00edvida milion\u00e1ria"},"content":{"rendered":"\n<figure class=\"wp-block-image size-large\"><img data-opt-id=366654929  fetchpriority=\"high\" decoding=\"async\" width=\"1024\" height=\"576\" src=\"https:\/\/mlbfrsat7ahr.i.optimole.com\/w:1024\/h:576\/q:mauto\/ig:avif\/https:\/\/noticiasnoface.com.br\/wp-content\/uploads\/2023\/11\/photo-output-4.jpg\" class=\"wp-image-20254\" srcset=\"https:\/\/mlbfrsat7ahr.i.optimole.com\/w:1024\/h:576\/q:mauto\/ig:avif\/https:\/\/noticiasnoface.com.br\/wp-content\/uploads\/2023\/11\/photo-output-4.jpg 1024w, https:\/\/mlbfrsat7ahr.i.optimole.com\/w:300\/h:169\/q:mauto\/ig:avif\/https:\/\/noticiasnoface.com.br\/wp-content\/uploads\/2023\/11\/photo-output-4.jpg 300w, https:\/\/mlbfrsat7ahr.i.optimole.com\/w:768\/h:432\/q:mauto\/ig:avif\/https:\/\/noticiasnoface.com.br\/wp-content\/uploads\/2023\/11\/photo-output-4.jpg 768w, https:\/\/mlbfrsat7ahr.i.optimole.com\/w:1536\/h:864\/q:mauto\/ig:avif\/https:\/\/noticiasnoface.com.br\/wp-content\/uploads\/2023\/11\/photo-output-4.jpg 1536w, https:\/\/mlbfrsat7ahr.i.optimole.com\/w:800\/h:450\/q:mauto\/ig:avif\/https:\/\/noticiasnoface.com.br\/wp-content\/uploads\/2023\/11\/photo-output-4.jpg 800w, https:\/\/mlbfrsat7ahr.i.optimole.com\/w:1920\/h:1080\/q:mauto\/ig:avif\/https:\/\/noticiasnoface.com.br\/wp-content\/uploads\/2023\/11\/photo-output-4.jpg 2048w\" sizes=\"(max-width: 1000px) 100vw, 1000px\" \/><figcaption class=\"wp-element-caption\">A pol\u00eamica envolvendo a apresentadora <strong>Ana Hickmann<\/strong> e o marido, <strong><a href=\"https:\/\/www.meionorte.com\/\/\" target=\"_blank\" rel=\"noreferrer noopener\">Alexandre Correa<\/a><\/strong> est\u00e1 longe de terminar. Ap\u00f3s a repercuss\u00e3o da den\u00fancia de <strong><a href=\"https:\/\/emoff.meionorte.com\/televisao\/ana-hickmann-surge-ao-vivo-no-hoje-em-dia-com-hematoma\/\" target=\"_blank\" rel=\"noreferrer noopener\">viol\u00eancia dom\u00e9stica<\/a><\/strong> contra o empres\u00e1rio, agora mais uma bomba explodiu para o lado da comunicadora. No programa \u201c<em>Fofocalizando<\/em>\u201d desta quinta-feira (16), no SBT, o jornalista Leo Dias informou que o casal recebeu uma ordem de despejo ap\u00f3s d\u00edvida milion\u00e1ria. <br>Al\u00e9m do caso da agress\u00e3o, a apresentadora ter\u00e1 que lidar com uma ordem de despejo de um im\u00f3vel localizado na Vila Romana, zona oeste de S\u00e3o Paulo, devido uma d\u00edvida de R$ 330 mil n\u00e3o quitada. De acordo com a mat\u00e9ria exibida no SBT, o im\u00f3vel funcionava como escrit\u00f3rio do empres\u00e1rio Alexandre Correa.<br>Durante o programa, o colunista informou o comunicado sobre a ordem de despejo do casal. <em>\u201cO im\u00f3vel da empresa de Ana Hickmann e Alexandre Correa foram despejados por falta de pagamento. O im\u00f3vel fica na regi\u00e3o da Vila Romana, zona Oeste de S\u00e3o Paulo. A a\u00e7\u00e3o cobra uma d\u00edvida de pouco mais de R$ 330 mil reais. A a\u00e7\u00e3o \u00e9 de julho deste ano\u201d<\/em>, disse o jornalista.<br>Caso Ana Hickmann<br>No \u00faltimo s\u00e1bado (11), a apresentadora da Record TV registrou boletim de ocorr\u00eancia na Delegacia Central de Itu, S\u00e3o Paulo, por viol\u00eancia dom\u00e9stica e les\u00e3o corporal contra o marido. No registro, consta que Ana Hickmann foi pressionada contra a parede e recebeu amea\u00e7as de cabe\u00e7adas do marido. Segundo o boletim de ocorr\u00eancia, a agress\u00e3o contra a apresentadora foi presenciada pelo filho do casal, de 10 anos, al\u00e9m de funcion\u00e1rios da mans\u00e3o. <br>Durante o programa \u201cHoje Em Dia\u201d transmitido na manh\u00e3 desta quinta-feira (16), pela Record TV, a apresentadora chamou aten\u00e7\u00e3o dos telespectadores. Na atra\u00e7\u00e3o, ela deixou aparecer um<strong><a href=\"https:\/\/emoff.meionorte.com\/televisao\/ana-hickmann-surge-ao-vivo-no-hoje-em-dia-com-hematoma\/\" target=\"_blank\" rel=\"noreferrer noopener\"> hematoma causado pela agress\u00e3o sofrida por Alexandre Correa<\/a><\/strong>, seu marido, durante uma discuss\u00e3o no \u00faltimo final de semana. O momento em que a mancha roxa ficou percept\u00edvel foi ao ar quando Ana Hickmann abriu um dos bra\u00e7os enquanto narrava uma apresenta\u00e7\u00e3o de manobras radicais fora do est\u00fadio. Nas redes sociais, muitos internautas comentaram, detonando a atitude do empres\u00e1rio. <br><br>Na \u00faltima quarta-feira (15), Ana Hickmann abriu o cora\u00e7\u00e3o e chegou a se emocionar ao falar sobre a agress\u00e3o. Por meio de um v\u00eddeo divulgado nas redes sociais, a comunicadora se pronunciou: <em>\u201cEu ei que estou ausente h\u00e1 bastante tempo, mas acho que os motivos todo mundo entende, n\u00e9? Mas estou passando aqui para dizer que agora, pela primeira vez, estou olhando as redes sociais. Eu me afastei, pois n\u00e3o conseguia olhar as not\u00edcias\u2026 N\u00e3o conseguia olhar nada\u201d<\/em>.<br><em>\u201cTinha muita verdade, mas tamb\u00e9m tinha muitas inverdades. Era muita coisa que estava machucando. Mas agora que estou voltando aqui devagarinho, eu queria aproveitar esse espa\u00e7o e agradecer, mais uma vez, pelo apoio de todos voc\u00eas\u2026 Eu quero voltar com minha vida normal e fazer todas as minhas coisas\u2026 Sempre fui uma pessoa feliz, batalhadora e guerreira. N\u00e3o ser\u00e1 agora que vou parar\u201d<\/em>, concluiu a apresentadora.<\/figcaption><\/figure>\n","protected":false},"excerpt":{"rendered":"","protected":false},"author":1,"featured_media":0,"comment_status":"open","ping_status":"open","sticky":false,"template":"","format":"standard","meta":{"site-sidebar-layout":"default","site-content-layout":"","ast-site-content-layout":"default","site-content-style":"default","site-sidebar-style":"default","ast-global-header-display":"","ast-banner-title-visibility":"","ast-main-header-display":"","ast-hfb-above-header-display":"","ast-hfb-below-header-display":"","ast-hfb-mobile-header-display":"","site-post-title":"","ast-breadcrumbs-content":"","ast-featured-img":"","footer-sml-layout":"","ast-disable-related-posts":"","theme-transparent-header-meta":"","adv-header-id-meta":"","stick-header-meta":"","header-above-stick-meta":"","header-main-stick-meta":"","header-below-stick-meta":"","astra-migrate-meta-layouts":"default","ast-page-background-enabled":"default","ast-page-background-meta":{"desktop":{"background-color":"var(--ast-global-color-4)","background-image":"","background-repeat":"repeat","background-position":"center center","background-size":"auto","background-attachment":"scroll","background-type":"","background-media":"","overlay-type":"","overlay-color":"","overlay-opacity":"","overlay-gradient":""},"tablet":{"background-color":"","background-image":"","background-repeat":"repeat","background-position":"center center","background-size":"auto","background-attachment":"scroll","background-type":"","background-media":"","overlay-type":"","overlay-color":"","overlay-opacity":"","overlay-gradient":""},"mobile":{"background-color":"","background-image":"","background-repeat":"repeat","background-position":"center center","background-size":"auto","background-attachment":"scroll","background-type":"","background-media":"","overlay-type":"","overlay-color":"","overlay-opacity":"","overlay-gradient":""}},"ast-content-background-meta":{"desktop":{"background-color":"var(--ast-global-color-5)","background-image":"","background-repeat":"repeat","background-position":"center center","background-size":"auto","background-attachment":"scroll","background-type":"","background-media":"","overlay-type":"","overlay-color":"","overlay-opacity":"","overlay-gradient":""},"tablet":{"background-color":"var(--ast-global-color-5)","background-image":"","background-repeat":"repeat","background-position":"center center","background-size":"auto","background-attachment":"scroll","background-type":"","background-media":"","overlay-type":"","overlay-color":"","overlay-opacity":"","overlay-gradient":""},"mobile":{"background-color":"var(--ast-global-color-5)","background-image":"","background-repeat":"repeat","background-position":"center center","background-size":"auto","background-attachment":"scroll","background-type":"","background-media":"","overlay-type":"","overlay-color":"","overlay-opacity":"","overlay-gradient":""}},"footnotes":""},"categories":[517],"tags":[],"class_list":["post-20255","post","type-post","status-publish","format-standard","hentry","category-aconteceu"],"_links":{"self":[{"href":"https:\/\/noticiasnoface.com.br\/index.php\/wp-json\/wp\/v2\/posts\/20255","targetHints":{"allow":["GET"]}}],"collection":[{"href":"https:\/\/noticiasnoface.com.br\/index.php\/wp-json\/wp\/v2\/posts"}],"about":[{"href":"https:\/\/noticiasnoface.com.br\/index.php\/wp-json\/wp\/v2\/types\/post"}],"author":[{"embeddable":true,"href":"https:\/\/noticiasnoface.com.br\/index.php\/wp-json\/wp\/v2\/users\/1"}],"replies":[{"embeddable":true,"href":"https:\/\/noticiasnoface.com.br\/index.php\/wp-json\/wp\/v2\/comments?post=20255"}],"version-history":[{"count":1,"href":"https:\/\/noticiasnoface.com.br\/index.php\/wp-json\/wp\/v2\/posts\/20255\/revisions"}],"predecessor-version":[{"id":20256,"href":"https:\/\/noticiasnoface.com.br\/index.php\/wp-json\/wp\/v2\/posts\/20255\/revisions\/20256"}],"wp:attachment":[{"href":"https:\/\/noticiasnoface.com.br\/index.php\/wp-json\/wp\/v2\/media?parent=20255"}],"wp:term":[{"taxonomy":"category","embeddable":true,"href":"https:\/\/noticiasnoface.com.br\/index.php\/wp-json\/wp\/v2\/categories?post=20255"},{"taxonomy":"post_tag","embeddable":true,"href":"https:\/\/noticiasnoface.com.br\/index.php\/wp-json\/wp\/v2\/tags?post=20255"}],"curies":[{"name":"wp","href":"https:\/\/api.w.org\/{rel}","templated":true}]}}