{"id":20280,"date":"2023-11-18T02:49:45","date_gmt":"2023-11-18T05:49:45","guid":{"rendered":"https:\/\/noticiasnoface.com.br\/?p=20280"},"modified":"2023-11-18T02:49:46","modified_gmt":"2023-11-18T05:49:46","slug":"fa-de-taylor-swift-passou-mal-e-morreu-durante-o-show","status":"publish","type":"post","link":"https:\/\/noticiasnoface.com.br\/index.php\/2023\/11\/18\/fa-de-taylor-swift-passou-mal-e-morreu-durante-o-show\/","title":{"rendered":"F\u00e3 de Taylor Swift passou mal e morreu durante o show"},"content":{"rendered":"\n<figure class=\"wp-block-image size-large\"><img data-opt-id=491721791  fetchpriority=\"high\" decoding=\"async\" width=\"1024\" height=\"642\" src=\"https:\/\/mlbfrsat7ahr.i.optimole.com\/w:1024\/h:642\/q:mauto\/ig:avif\/https:\/\/noticiasnoface.com.br\/wp-content\/uploads\/2023\/11\/img_5296-1.jpg\" class=\"wp-image-20279\" srcset=\"https:\/\/mlbfrsat7ahr.i.optimole.com\/w:1024\/h:642\/q:mauto\/ig:avif\/https:\/\/noticiasnoface.com.br\/wp-content\/uploads\/2023\/11\/img_5296-1.jpg 1024w, https:\/\/mlbfrsat7ahr.i.optimole.com\/w:300\/h:188\/q:mauto\/ig:avif\/https:\/\/noticiasnoface.com.br\/wp-content\/uploads\/2023\/11\/img_5296-1.jpg 300w, https:\/\/mlbfrsat7ahr.i.optimole.com\/w:768\/h:482\/q:mauto\/ig:avif\/https:\/\/noticiasnoface.com.br\/wp-content\/uploads\/2023\/11\/img_5296-1.jpg 768w, https:\/\/mlbfrsat7ahr.i.optimole.com\/w:1290\/h:809\/q:mauto\/ig:avif\/https:\/\/noticiasnoface.com.br\/wp-content\/uploads\/2023\/11\/img_5296-1.jpg 1290w\" sizes=\"(max-width: 1000px) 100vw, 1000px\" \/><figcaption class=\"wp-element-caption\">RIO DE JANEIRO e S\u00c3O PAULO Ana Clara Benevides, de 23 anos, morreu na noite desta sexta-feira, ap\u00f3s passar mal durante o show da cantora Taylor Swift, que estreou sua turn\u00ea no Brasil no est\u00e1dio Nilton Santos, no Rio de Janeiro, para um p\u00fablico de mais de 60 mil pessoas.<\/figcaption><\/figure>\n\n\n\n<h2 class=\"wp-block-heading\">Entenda o caso <\/h2>\n\n\n\n<p>A informa\u00e7\u00e3o foi confirmada \u00e0 Folha por Estela<\/p>\n\n\n\n<p>Benevides, prima de Benevides, que recebeu, por telefone, a not\u00edcia do m\u00e9dico que tentou reanim\u00e1-la. A jovem natural de Sonora, no Mato Grosso do Sul, foi enviada para o Hospital Municipal Salgado Filho, ap\u00f3s desmaiar e ser atendida no est\u00e1dio. A causa da morte foi uma parada cardiorrespirat\u00f3ria.<\/p>\n\n\n\n<p>Benevides estava na grade e acabou desmaiando no local. Segundo o enfermeiro Thiago Fernandes, 22, amigo de Benevides, ela chegou a ser reanimada no est\u00e1dio por cerca de 40 minutos. No caminho do hospital, ela teve uma segunda parada.<\/p>\n\n\n\n<p><\/p>\n","protected":false},"excerpt":{"rendered":"<p>Entenda o caso A informa\u00e7\u00e3o foi confirmada \u00e0 Folha por Estela Benevides, prima de Benevides, que recebeu, por telefone, a [&hellip;]<\/p>\n","protected":false},"author":1,"featured_media":0,"comment_status":"open","ping_status":"open","sticky":false,"template":"","format":"standard","meta":{"site-sidebar-layout":"default","site-content-layout":"","ast-site-content-layout":"default","site-content-style":"default","site-sidebar-style":"default","ast-global-header-display":"","ast-banner-title-visibility":"","ast-main-header-display":"","ast-hfb-above-header-display":"","ast-hfb-below-header-display":"","ast-hfb-mobile-header-display":"","site-post-title":"","ast-breadcrumbs-content":"","ast-featured-img":"","footer-sml-layout":"","ast-disable-related-posts":"","theme-transparent-header-meta":"","adv-header-id-meta":"","stick-header-meta":"","header-above-stick-meta":"","header-main-stick-meta":"","header-below-stick-meta":"","astra-migrate-meta-layouts":"default","ast-page-background-enabled":"default","ast-page-background-meta":{"desktop":{"background-color":"var(--ast-global-color-4)","background-image":"","background-repeat":"repeat","background-position":"center center","background-size":"auto","background-attachment":"scroll","background-type":"","background-media":"","overlay-type":"","overlay-color":"","overlay-opacity":"","overlay-gradient":""},"tablet":{"background-color":"","background-image":"","background-repeat":"repeat","background-position":"center center","background-size":"auto","background-attachment":"scroll","background-type":"","background-media":"","overlay-type":"","overlay-color":"","overlay-opacity":"","overlay-gradient":""},"mobile":{"background-color":"","background-image":"","background-repeat":"repeat","background-position":"center center","background-size":"auto","background-attachment":"scroll","background-type":"","background-media":"","overlay-type":"","overlay-color":"","overlay-opacity":"","overlay-gradient":""}},"ast-content-background-meta":{"desktop":{"background-color":"var(--ast-global-color-5)","background-image":"","background-repeat":"repeat","background-position":"center center","background-size":"auto","background-attachment":"scroll","background-type":"","background-media":"","overlay-type":"","overlay-color":"","overlay-opacity":"","overlay-gradient":""},"tablet":{"background-color":"var(--ast-global-color-5)","background-image":"","background-repeat":"repeat","background-position":"center center","background-size":"auto","background-attachment":"scroll","background-type":"","background-media":"","overlay-type":"","overlay-color":"","overlay-opacity":"","overlay-gradient":""},"mobile":{"background-color":"var(--ast-global-color-5)","background-image":"","background-repeat":"repeat","background-position":"center center","background-size":"auto","background-attachment":"scroll","background-type":"","background-media":"","overlay-type":"","overlay-color":"","overlay-opacity":"","overlay-gradient":""}},"footnotes":""},"categories":[517],"tags":[],"class_list":["post-20280","post","type-post","status-publish","format-standard","hentry","category-aconteceu"],"_links":{"self":[{"href":"https:\/\/noticiasnoface.com.br\/index.php\/wp-json\/wp\/v2\/posts\/20280","targetHints":{"allow":["GET"]}}],"collection":[{"href":"https:\/\/noticiasnoface.com.br\/index.php\/wp-json\/wp\/v2\/posts"}],"about":[{"href":"https:\/\/noticiasnoface.com.br\/index.php\/wp-json\/wp\/v2\/types\/post"}],"author":[{"embeddable":true,"href":"https:\/\/noticiasnoface.com.br\/index.php\/wp-json\/wp\/v2\/users\/1"}],"replies":[{"embeddable":true,"href":"https:\/\/noticiasnoface.com.br\/index.php\/wp-json\/wp\/v2\/comments?post=20280"}],"version-history":[{"count":1,"href":"https:\/\/noticiasnoface.com.br\/index.php\/wp-json\/wp\/v2\/posts\/20280\/revisions"}],"predecessor-version":[{"id":20281,"href":"https:\/\/noticiasnoface.com.br\/index.php\/wp-json\/wp\/v2\/posts\/20280\/revisions\/20281"}],"wp:attachment":[{"href":"https:\/\/noticiasnoface.com.br\/index.php\/wp-json\/wp\/v2\/media?parent=20280"}],"wp:term":[{"taxonomy":"category","embeddable":true,"href":"https:\/\/noticiasnoface.com.br\/index.php\/wp-json\/wp\/v2\/categories?post=20280"},{"taxonomy":"post_tag","embeddable":true,"href":"https:\/\/noticiasnoface.com.br\/index.php\/wp-json\/wp\/v2\/tags?post=20280"}],"curies":[{"name":"wp","href":"https:\/\/api.w.org\/{rel}","templated":true}]}}