{"id":20589,"date":"2023-12-02T21:23:04","date_gmt":"2023-12-03T00:23:04","guid":{"rendered":"https:\/\/noticiasnoface.com.br\/?p=20589"},"modified":"2023-12-02T21:23:05","modified_gmt":"2023-12-03T00:23:05","slug":"deu-bosta-3","status":"publish","type":"post","link":"https:\/\/noticiasnoface.com.br\/index.php\/2023\/12\/02\/deu-bosta-3\/","title":{"rendered":"Deu bosta!"},"content":{"rendered":"\n<figure class=\"wp-block-image size-large\"><img data-opt-id=466827984  fetchpriority=\"high\" decoding=\"async\" width=\"1024\" height=\"543\" src=\"https:\/\/mlbfrsat7ahr.i.optimole.com\/w:1024\/h:543\/q:mauto\/ig:avif\/https:\/\/noticiasnoface.com.br\/wp-content\/uploads\/2023\/12\/photo-output-1.png\" class=\"wp-image-20588\" srcset=\"https:\/\/mlbfrsat7ahr.i.optimole.com\/w:1024\/h:543\/q:mauto\/ig:avif\/https:\/\/noticiasnoface.com.br\/wp-content\/uploads\/2023\/12\/photo-output-1.png 1024w, https:\/\/mlbfrsat7ahr.i.optimole.com\/w:300\/h:159\/q:mauto\/ig:avif\/https:\/\/noticiasnoface.com.br\/wp-content\/uploads\/2023\/12\/photo-output-1.png 300w, https:\/\/mlbfrsat7ahr.i.optimole.com\/w:768\/h:407\/q:mauto\/ig:avif\/https:\/\/noticiasnoface.com.br\/wp-content\/uploads\/2023\/12\/photo-output-1.png 768w, https:\/\/mlbfrsat7ahr.i.optimole.com\/w:1536\/h:815\/q:mauto\/ig:avif\/https:\/\/noticiasnoface.com.br\/wp-content\/uploads\/2023\/12\/photo-output-1.png 1536w, https:\/\/mlbfrsat7ahr.i.optimole.com\/w:1920\/h:1018\/q:mauto\/ig:avif\/https:\/\/noticiasnoface.com.br\/wp-content\/uploads\/2023\/12\/photo-output-1.png 2048w\" sizes=\"(max-width: 1000px) 100vw, 1000px\" \/><figcaption class=\"wp-element-caption\">Na recente COP28 em Dubai, o presidente franc\u00eas Emmanuel Macron se posicionou firmemente contra o acordo entre a Uni\u00e3o Europeia e o Mercosul, um movimento visto como uma vit\u00f3ria do lobby agro franc\u00eas e europeu. Macron, apesar das cr\u00edticas sobre a cont\u00ednua utiliza\u00e7\u00e3o de carv\u00e3o na Fran\u00e7a, afirmou que a agricultura europeia est\u00e1 avan\u00e7ando em dire\u00e7\u00e3o \u00e0 descarboniza\u00e7\u00e3o, contrastando com as pr\u00e1ticas agr\u00edcolas do Brasil.<br>Essa postura representou um rev\u00e9s contra o presidente brasileiro Lula, que esperava fortalecer a parceria entre os blocos econ\u00f4micos europeu e sul-americano. Macron defendeu a necessidade de revis\u00e3o do acordo, que ele considera desatualizado, apesar de sua pr\u00f3pria na\u00e7\u00e3o integrar um grupo que planeja expandir o uso da energia nuclear para reduzir a depend\u00eancia do carv\u00e3o.<br>O epis\u00f3dio culminou com Lula abandonando a entrevista coletiva programada ap\u00f3s o evento, uma decis\u00e3o rapidamente interpretada como uma rea\u00e7\u00e3o ao desfecho desfavor\u00e1vel para o Brasil. Embora tenha sido apresentada como uma medida de precau\u00e7\u00e3o, muitos perceberam isso como uma tentativa de Lula evitar quest\u00f5es sobre o fracasso em avan\u00e7ar nas negocia\u00e7\u00f5es do acordo.<\/figcaption><\/figure>\n","protected":false},"excerpt":{"rendered":"","protected":false},"author":1,"featured_media":0,"comment_status":"open","ping_status":"open","sticky":false,"template":"","format":"standard","meta":{"site-sidebar-layout":"default","site-content-layout":"","ast-site-content-layout":"default","site-content-style":"default","site-sidebar-style":"default","ast-global-header-display":"","ast-banner-title-visibility":"","ast-main-header-display":"","ast-hfb-above-header-display":"","ast-hfb-below-header-display":"","ast-hfb-mobile-header-display":"","site-post-title":"","ast-breadcrumbs-content":"","ast-featured-img":"","footer-sml-layout":"","ast-disable-related-posts":"","theme-transparent-header-meta":"","adv-header-id-meta":"","stick-header-meta":"","header-above-stick-meta":"","header-main-stick-meta":"","header-below-stick-meta":"","astra-migrate-meta-layouts":"default","ast-page-background-enabled":"default","ast-page-background-meta":{"desktop":{"background-color":"var(--ast-global-color-4)","background-image":"","background-repeat":"repeat","background-position":"center center","background-size":"auto","background-attachment":"scroll","background-type":"","background-media":"","overlay-type":"","overlay-color":"","overlay-opacity":"","overlay-gradient":""},"tablet":{"background-color":"","background-image":"","background-repeat":"repeat","background-position":"center center","background-size":"auto","background-attachment":"scroll","background-type":"","background-media":"","overlay-type":"","overlay-color":"","overlay-opacity":"","overlay-gradient":""},"mobile":{"background-color":"","background-image":"","background-repeat":"repeat","background-position":"center center","background-size":"auto","background-attachment":"scroll","background-type":"","background-media":"","overlay-type":"","overlay-color":"","overlay-opacity":"","overlay-gradient":""}},"ast-content-background-meta":{"desktop":{"background-color":"var(--ast-global-color-5)","background-image":"","background-repeat":"repeat","background-position":"center center","background-size":"auto","background-attachment":"scroll","background-type":"","background-media":"","overlay-type":"","overlay-color":"","overlay-opacity":"","overlay-gradient":""},"tablet":{"background-color":"var(--ast-global-color-5)","background-image":"","background-repeat":"repeat","background-position":"center center","background-size":"auto","background-attachment":"scroll","background-type":"","background-media":"","overlay-type":"","overlay-color":"","overlay-opacity":"","overlay-gradient":""},"mobile":{"background-color":"var(--ast-global-color-5)","background-image":"","background-repeat":"repeat","background-position":"center center","background-size":"auto","background-attachment":"scroll","background-type":"","background-media":"","overlay-type":"","overlay-color":"","overlay-opacity":"","overlay-gradient":""}},"footnotes":""},"categories":[517],"tags":[],"class_list":["post-20589","post","type-post","status-publish","format-standard","hentry","category-aconteceu"],"_links":{"self":[{"href":"https:\/\/noticiasnoface.com.br\/index.php\/wp-json\/wp\/v2\/posts\/20589","targetHints":{"allow":["GET"]}}],"collection":[{"href":"https:\/\/noticiasnoface.com.br\/index.php\/wp-json\/wp\/v2\/posts"}],"about":[{"href":"https:\/\/noticiasnoface.com.br\/index.php\/wp-json\/wp\/v2\/types\/post"}],"author":[{"embeddable":true,"href":"https:\/\/noticiasnoface.com.br\/index.php\/wp-json\/wp\/v2\/users\/1"}],"replies":[{"embeddable":true,"href":"https:\/\/noticiasnoface.com.br\/index.php\/wp-json\/wp\/v2\/comments?post=20589"}],"version-history":[{"count":1,"href":"https:\/\/noticiasnoface.com.br\/index.php\/wp-json\/wp\/v2\/posts\/20589\/revisions"}],"predecessor-version":[{"id":20590,"href":"https:\/\/noticiasnoface.com.br\/index.php\/wp-json\/wp\/v2\/posts\/20589\/revisions\/20590"}],"wp:attachment":[{"href":"https:\/\/noticiasnoface.com.br\/index.php\/wp-json\/wp\/v2\/media?parent=20589"}],"wp:term":[{"taxonomy":"category","embeddable":true,"href":"https:\/\/noticiasnoface.com.br\/index.php\/wp-json\/wp\/v2\/categories?post=20589"},{"taxonomy":"post_tag","embeddable":true,"href":"https:\/\/noticiasnoface.com.br\/index.php\/wp-json\/wp\/v2\/tags?post=20589"}],"curies":[{"name":"wp","href":"https:\/\/api.w.org\/{rel}","templated":true}]}}