{"id":20632,"date":"2023-12-04T22:36:29","date_gmt":"2023-12-05T01:36:29","guid":{"rendered":"https:\/\/noticiasnoface.com.br\/?p=20632"},"modified":"2023-12-04T22:36:30","modified_gmt":"2023-12-05T01:36:30","slug":"revitalizacao-da-ribeira-e-tema-de-audiencia-publica-na-camara-de-natal","status":"publish","type":"post","link":"https:\/\/noticiasnoface.com.br\/index.php\/2023\/12\/04\/revitalizacao-da-ribeira-e-tema-de-audiencia-publica-na-camara-de-natal\/","title":{"rendered":"Revitaliza\u00e7\u00e3o da Ribeira \u00e9 tema de Audi\u00eancia P\u00fablica na C\u00e2mara de Natal"},"content":{"rendered":"\n<figure class=\"wp-block-image size-large\"><img data-opt-id=1207911591  fetchpriority=\"high\" decoding=\"async\" width=\"1024\" height=\"683\" src=\"https:\/\/mlbfrsat7ahr.i.optimole.com\/w:1024\/h:683\/q:mauto\/ig:avif\/https:\/\/noticiasnoface.com.br\/wp-content\/uploads\/2023\/12\/img_6484-1.jpg\" class=\"wp-image-20631\" srcset=\"https:\/\/mlbfrsat7ahr.i.optimole.com\/w:1024\/h:683\/q:mauto\/ig:avif\/https:\/\/noticiasnoface.com.br\/wp-content\/uploads\/2023\/12\/img_6484-1.jpg 1024w, https:\/\/mlbfrsat7ahr.i.optimole.com\/w:300\/h:200\/q:mauto\/ig:avif\/https:\/\/noticiasnoface.com.br\/wp-content\/uploads\/2023\/12\/img_6484-1.jpg 300w, https:\/\/mlbfrsat7ahr.i.optimole.com\/w:768\/h:512\/q:mauto\/ig:avif\/https:\/\/noticiasnoface.com.br\/wp-content\/uploads\/2023\/12\/img_6484-1.jpg 768w, https:\/\/mlbfrsat7ahr.i.optimole.com\/w:1536\/h:1024\/q:mauto\/ig:avif\/https:\/\/noticiasnoface.com.br\/wp-content\/uploads\/2023\/12\/img_6484-1.jpg 1536w, https:\/\/mlbfrsat7ahr.i.optimole.com\/w:1600\/h:1067\/q:mauto\/ig:avif\/https:\/\/noticiasnoface.com.br\/wp-content\/uploads\/2023\/12\/img_6484-1.jpg 1600w\" sizes=\"(max-width: 1000px) 100vw, 1000px\" \/><figcaption class=\"wp-element-caption\">A revitaliza\u00e7\u00e3o da Ribeira foi tema de Audi\u00eancia P\u00fablica na C\u00e2mara Municipal de Natal na manh\u00e3 desta segunda-feira (4). A iniciativa, foi uma proposi\u00e7\u00e3o da Comiss\u00e3o de Legisla\u00e7\u00e3o, Justi\u00e7a e Reda\u00e7\u00e3o Final em resposta ao movimento que surgiu ap\u00f3s viraliza\u00e7\u00e3o nas redes sociais de imagens criadas atrav\u00e9s da intelig\u00eancia artificial do auditor fiscal Ronkaly Souza. <br>Com o tema \u201cUma nova Ribeira &#8211; uma semente plantada no cora\u00e7\u00e3o dos natalenses\u201d debateu as v\u00e1rias problem\u00e1ticas, bem como as solu\u00e7\u00f5es envolvidas na revitaliza\u00e7\u00e3o do bairro hist\u00f3rico de Natal, com o intuito de promover o desenvolvimento econ\u00f4mico, social, tur\u00edstico e tamb\u00e9m us\u00e1-lo como uma estrutura de lazer, de entretenimento e cultura para a regi\u00e3o.<br>\u201cO bairro da Ribeira, um dos primeiros bairros da cidade de Natal, tem caracter\u00edsticas pr\u00f3prias do ponto de vista urban\u00edstico que o deixa, apesar de todo o charme e eleg\u00e2ncia, numa situa\u00e7\u00e3o de desvantagem para investimentos perante os demais. Uma vez que tem limita\u00e7\u00f5es quanto ao estacionamento, por exemplo. Hoje para se abrir o empreendimento \u00e9 necess\u00e1rio se apresentar um relat\u00f3rio de impacto de tr\u00e2nsito urbano e a quantidade de vagas de estacionamento que ser\u00e3o dispon\u00edveis conforme o porte do mesmo. As ruas s\u00e3o muito estreitas, as cal\u00e7adas s\u00e3o diminutas e tamb\u00e9m tem a quest\u00e3o com rela\u00e7\u00e3o \u00e0 acessibilidade para os cadeirantes. O Minist\u00e9rio P\u00fablico e a legisla\u00e7\u00e3o atual permitiriam?\u201d, questionou o vereador Kleber Fernandes (PSDB). <br>A Audi\u00eancia P\u00fablica contou com a presen\u00e7a da Prefeitura de Natal atrav\u00e9s dos secret\u00e1rios, Thiago Mesquita da SEMURB, Ludenilson Lopes da Secretaria de Tributa\u00e7\u00e3o e Danielle Mafra da Parceria P\u00fablico-Privada. <br>\u201cA Prefeitura de Natal j\u00e1 est\u00e1 executando e investindo quase 30 milh\u00f5es de reais na revitaliza\u00e7\u00e3o da Avenida e do Contorno, ali na Pedra do Ros\u00e1rio. Investindo tamb\u00e9m na revitaliza\u00e7\u00e3o de algumas pra\u00e7as da regi\u00e3o. O gabinete do prefeito j\u00e1 est\u00e1 funcionando na Ribeira, assim como j\u00e1 temos algumas secretarias instaladas e outras a caminho, como a Secretaria Municipal de Sa\u00fade. O Plano Diretor de Natal criou uma zona de requalifica\u00e7\u00e3o urbana, dando incentivos construtivos urban\u00edsticos na Ribeira, Cidade Alta e Alecrim. Isso tem gerado uma nova procura por essas \u00e1reas e tamb\u00e9m estabeleceu a possibilidade de parcerias p\u00fablico-privada mediante um instrumento chamado de arrecada\u00e7\u00e3o de im\u00f3veis abandonados, im\u00f3veis que est\u00e3o h\u00e1 mais de 5 anos recolhidos. H\u00e1 um esfor\u00e7o muito grande do poder p\u00fablico municipal\u201d, falou Thiago Mesquita da SEMURB. <br>O secret\u00e1rio apontou ainda que o grande entrave que existe hoje em rela\u00e7\u00e3o \u00e0 Ribeira s\u00e3o decorrentes as regras de restauro do Instituto do Patrim\u00f4nio Hist\u00f3rico e Art\u00edstico Nacional (IPHAN). \u201cPara voc\u00ea ter uma ideia, o processo hoje de autoriza\u00e7\u00e3o do IPHAN demora anos. Imagine quem vai investir ter que gastar 20 vezes mais para restaurar um im\u00f3vel do que se ele tivesse com a mesma metragem construindo em uma \u00e1rea dens\u00e1vel em outro bairro de Natal.  Ent\u00e3o, isso inviabiliza economicamente, gera atraso e a gente precisa realmente ir direto no foco, tentar melhorar essa rela\u00e7\u00e3o de portarias nacionais do IPHAN para se ter a viabilidade econ\u00f4mica\u201d. <br>A vereadora Nina Souza (PDT) chamou a aten\u00e7\u00e3o para complexidade da revitaliza\u00e7\u00e3o. \u201cAbrimos esse espa\u00e7o importante para discutir a Ribeira com a oportunidade de ouvir a SEMURB, Tributa\u00e7\u00e3o, al\u00e9m de ouvir principalmente todos os setores desenvolvidos que pensam e sonham com a Ribeira, n\u00e3o s\u00f3 revitalizada, mas que volte a vida. Entendemos, ap\u00f3s escutar nessa audi\u00eancia, que a situa\u00e7\u00e3o \u00e9 extremamente complexa, porque s\u00e3o v\u00e1rios vetores a serem alcan\u00e7ados. \u00c9 preciso que criemos um mecanismo para que as pessoas voltem a morar na Ribeira, para que com essa moradia se possa ter alguns servi\u00e7os e os empreendimentos. \u00c9 preciso que tenhamos uma reestrutura\u00e7\u00e3o no tocando at\u00e9 a quest\u00e3o dos impostos, um olhar diferenciado. Enfim, s\u00e3o muitas coisas. \u00c9 preciso construir um completo sistema de incentivos para que as pessoas se sintam seguras para poder empreender. Tivemos aqui uma audi\u00eancia maravilhosa, vamos fazer v\u00e1rios recortes e criar um planejamento para que todos n\u00f3s possamos agir de forma sistem\u00e1tica e cont\u00ednua\u201d, finalizou.<br>Os vereadores Raniere Barbosa (Avante), Felipe Alves (Uni\u00e3o Brasil), J\u00falia Arruda (PCdoB) e Brisa Bracchi (PT) tamb\u00e9m participaram do encontro.<br><br>Texto: Phablo Galv\u00e3o<br>Fotos: Francisco de Assis<\/figcaption><\/figure>\n","protected":false},"excerpt":{"rendered":"","protected":false},"author":1,"featured_media":0,"comment_status":"open","ping_status":"open","sticky":false,"template":"","format":"standard","meta":{"site-sidebar-layout":"default","site-content-layout":"","ast-site-content-layout":"default","site-content-style":"default","site-sidebar-style":"default","ast-global-header-display":"","ast-banner-title-visibility":"","ast-main-header-display":"","ast-hfb-above-header-display":"","ast-hfb-below-header-display":"","ast-hfb-mobile-header-display":"","site-post-title":"","ast-breadcrumbs-content":"","ast-featured-img":"","footer-sml-layout":"","ast-disable-related-posts":"","theme-transparent-header-meta":"","adv-header-id-meta":"","stick-header-meta":"","header-above-stick-meta":"","header-main-stick-meta":"","header-below-stick-meta":"","astra-migrate-meta-layouts":"default","ast-page-background-enabled":"default","ast-page-background-meta":{"desktop":{"background-color":"var(--ast-global-color-4)","background-image":"","background-repeat":"repeat","background-position":"center center","background-size":"auto","background-attachment":"scroll","background-type":"","background-media":"","overlay-type":"","overlay-color":"","overlay-opacity":"","overlay-gradient":""},"tablet":{"background-color":"","background-image":"","background-repeat":"repeat","background-position":"center center","background-size":"auto","background-attachment":"scroll","background-type":"","background-media":"","overlay-type":"","overlay-color":"","overlay-opacity":"","overlay-gradient":""},"mobile":{"background-color":"","background-image":"","background-repeat":"repeat","background-position":"center center","background-size":"auto","background-attachment":"scroll","background-type":"","background-media":"","overlay-type":"","overlay-color":"","overlay-opacity":"","overlay-gradient":""}},"ast-content-background-meta":{"desktop":{"background-color":"var(--ast-global-color-5)","background-image":"","background-repeat":"repeat","background-position":"center center","background-size":"auto","background-attachment":"scroll","background-type":"","background-media":"","overlay-type":"","overlay-color":"","overlay-opacity":"","overlay-gradient":""},"tablet":{"background-color":"var(--ast-global-color-5)","background-image":"","background-repeat":"repeat","background-position":"center center","background-size":"auto","background-attachment":"scroll","background-type":"","background-media":"","overlay-type":"","overlay-color":"","overlay-opacity":"","overlay-gradient":""},"mobile":{"background-color":"var(--ast-global-color-5)","background-image":"","background-repeat":"repeat","background-position":"center center","background-size":"auto","background-attachment":"scroll","background-type":"","background-media":"","overlay-type":"","overlay-color":"","overlay-opacity":"","overlay-gradient":""}},"footnotes":""},"categories":[517],"tags":[],"class_list":["post-20632","post","type-post","status-publish","format-standard","hentry","category-aconteceu"],"_links":{"self":[{"href":"https:\/\/noticiasnoface.com.br\/index.php\/wp-json\/wp\/v2\/posts\/20632","targetHints":{"allow":["GET"]}}],"collection":[{"href":"https:\/\/noticiasnoface.com.br\/index.php\/wp-json\/wp\/v2\/posts"}],"about":[{"href":"https:\/\/noticiasnoface.com.br\/index.php\/wp-json\/wp\/v2\/types\/post"}],"author":[{"embeddable":true,"href":"https:\/\/noticiasnoface.com.br\/index.php\/wp-json\/wp\/v2\/users\/1"}],"replies":[{"embeddable":true,"href":"https:\/\/noticiasnoface.com.br\/index.php\/wp-json\/wp\/v2\/comments?post=20632"}],"version-history":[{"count":1,"href":"https:\/\/noticiasnoface.com.br\/index.php\/wp-json\/wp\/v2\/posts\/20632\/revisions"}],"predecessor-version":[{"id":20633,"href":"https:\/\/noticiasnoface.com.br\/index.php\/wp-json\/wp\/v2\/posts\/20632\/revisions\/20633"}],"wp:attachment":[{"href":"https:\/\/noticiasnoface.com.br\/index.php\/wp-json\/wp\/v2\/media?parent=20632"}],"wp:term":[{"taxonomy":"category","embeddable":true,"href":"https:\/\/noticiasnoface.com.br\/index.php\/wp-json\/wp\/v2\/categories?post=20632"},{"taxonomy":"post_tag","embeddable":true,"href":"https:\/\/noticiasnoface.com.br\/index.php\/wp-json\/wp\/v2\/tags?post=20632"}],"curies":[{"name":"wp","href":"https:\/\/api.w.org\/{rel}","templated":true}]}}