{"id":20635,"date":"2023-12-04T22:37:45","date_gmt":"2023-12-05T01:37:45","guid":{"rendered":"https:\/\/noticiasnoface.com.br\/?p=20635"},"modified":"2023-12-04T22:37:49","modified_gmt":"2023-12-05T01:37:49","slug":"personalidades-que-prestam-servicos-ao-municipio-sao-homenageadas-na-camara-municipal","status":"publish","type":"post","link":"https:\/\/noticiasnoface.com.br\/index.php\/2023\/12\/04\/personalidades-que-prestam-servicos-ao-municipio-sao-homenageadas-na-camara-municipal\/","title":{"rendered":"Personalidades que prestam servi\u00e7os ao munic\u00edpio s\u00e3o homenageadas na C\u00e2mara Municipal"},"content":{"rendered":"\n<figure class=\"wp-block-image size-large\"><img data-opt-id=784893907  fetchpriority=\"high\" decoding=\"async\" width=\"1024\" height=\"538\" src=\"https:\/\/mlbfrsat7ahr.i.optimole.com\/w:1024\/h:538\/q:mauto\/ig:avif\/https:\/\/noticiasnoface.com.br\/wp-content\/uploads\/2023\/12\/img_6485-1.jpg\" alt=\"\" class=\"wp-image-20634\" srcset=\"https:\/\/mlbfrsat7ahr.i.optimole.com\/w:1024\/h:538\/q:mauto\/ig:avif\/https:\/\/noticiasnoface.com.br\/wp-content\/uploads\/2023\/12\/img_6485-1.jpg 1024w, https:\/\/mlbfrsat7ahr.i.optimole.com\/w:300\/h:157\/q:mauto\/ig:avif\/https:\/\/noticiasnoface.com.br\/wp-content\/uploads\/2023\/12\/img_6485-1.jpg 300w, https:\/\/mlbfrsat7ahr.i.optimole.com\/w:768\/h:403\/q:mauto\/ig:avif\/https:\/\/noticiasnoface.com.br\/wp-content\/uploads\/2023\/12\/img_6485-1.jpg 768w, https:\/\/mlbfrsat7ahr.i.optimole.com\/w:1101\/h:578\/q:mauto\/ig:avif\/https:\/\/noticiasnoface.com.br\/wp-content\/uploads\/2023\/12\/img_6485-1.jpg 1101w\" sizes=\"(max-width: 1000px) 100vw, 1000px\" \/><figcaption class=\"wp-element-caption\">Por proposi\u00e7\u00e3o do vereador Professor Diego, na sexta-feira (1), ocorreu uma Sess\u00e3o Solene para homenagear personalidades que prestam servi\u00e7os ao munic\u00edpio por meio de projetos sociais. <br \/>A mesa foi composta pelo propositor, al\u00e9m da representante do projeto Bombeiros Mirins, K\u00e1tia Correia, do projeto Comando Delta, George Cunha, e o presidente da Casa, vereador Wolney Fran\u00e7a. Para a extens\u00e3o da mesa, estiveram presentes representantes de outros projetos sociais e bandas marciais. <br \/>Durante a abertura, o parlamentar Diego Am\u00e9rico agradeceu a todos que se fizeram presente e afirmou que os projetos sociais ajudam no desenvolvimento do munic\u00edpio. \u201cEu tenho certeza que a noite de hoje ser\u00e1 de alegria e ficar\u00e1 eternizada em nossos cora\u00e7\u00f5es\u201d, disse. Al\u00e9m disso, parabenizou os integrantes dos projetos sociais. <br \/>A Sess\u00e3o Solene foi transmitida ao vivo e est\u00e1 dispon\u00edvel no Youtube da C\u00e2mara de Parnamirim. <br \/><small class=\"cmp-noticia-content-credit\">Fonte: Simone Santos \/ Ascom CMP<\/small><\/figcaption><\/figure>\n","protected":false},"excerpt":{"rendered":"","protected":false},"author":1,"featured_media":0,"comment_status":"open","ping_status":"open","sticky":false,"template":"","format":"standard","meta":{"site-sidebar-layout":"default","site-content-layout":"","ast-site-content-layout":"default","site-content-style":"default","site-sidebar-style":"default","ast-global-header-display":"","ast-banner-title-visibility":"","ast-main-header-display":"","ast-hfb-above-header-display":"","ast-hfb-below-header-display":"","ast-hfb-mobile-header-display":"","site-post-title":"","ast-breadcrumbs-content":"","ast-featured-img":"","footer-sml-layout":"","ast-disable-related-posts":"","theme-transparent-header-meta":"","adv-header-id-meta":"","stick-header-meta":"","header-above-stick-meta":"","header-main-stick-meta":"","header-below-stick-meta":"","astra-migrate-meta-layouts":"default","ast-page-background-enabled":"default","ast-page-background-meta":{"desktop":{"background-color":"var(--ast-global-color-4)","background-image":"","background-repeat":"repeat","background-position":"center center","background-size":"auto","background-attachment":"scroll","background-type":"","background-media":"","overlay-type":"","overlay-color":"","overlay-opacity":"","overlay-gradient":""},"tablet":{"background-color":"","background-image":"","background-repeat":"repeat","background-position":"center center","background-size":"auto","background-attachment":"scroll","background-type":"","background-media":"","overlay-type":"","overlay-color":"","overlay-opacity":"","overlay-gradient":""},"mobile":{"background-color":"","background-image":"","background-repeat":"repeat","background-position":"center center","background-size":"auto","background-attachment":"scroll","background-type":"","background-media":"","overlay-type":"","overlay-color":"","overlay-opacity":"","overlay-gradient":""}},"ast-content-background-meta":{"desktop":{"background-color":"var(--ast-global-color-5)","background-image":"","background-repeat":"repeat","background-position":"center center","background-size":"auto","background-attachment":"scroll","background-type":"","background-media":"","overlay-type":"","overlay-color":"","overlay-opacity":"","overlay-gradient":""},"tablet":{"background-color":"var(--ast-global-color-5)","background-image":"","background-repeat":"repeat","background-position":"center center","background-size":"auto","background-attachment":"scroll","background-type":"","background-media":"","overlay-type":"","overlay-color":"","overlay-opacity":"","overlay-gradient":""},"mobile":{"background-color":"var(--ast-global-color-5)","background-image":"","background-repeat":"repeat","background-position":"center center","background-size":"auto","background-attachment":"scroll","background-type":"","background-media":"","overlay-type":"","overlay-color":"","overlay-opacity":"","overlay-gradient":""}},"footnotes":""},"categories":[517],"tags":[],"class_list":["post-20635","post","type-post","status-publish","format-standard","hentry","category-aconteceu"],"_links":{"self":[{"href":"https:\/\/noticiasnoface.com.br\/index.php\/wp-json\/wp\/v2\/posts\/20635","targetHints":{"allow":["GET"]}}],"collection":[{"href":"https:\/\/noticiasnoface.com.br\/index.php\/wp-json\/wp\/v2\/posts"}],"about":[{"href":"https:\/\/noticiasnoface.com.br\/index.php\/wp-json\/wp\/v2\/types\/post"}],"author":[{"embeddable":true,"href":"https:\/\/noticiasnoface.com.br\/index.php\/wp-json\/wp\/v2\/users\/1"}],"replies":[{"embeddable":true,"href":"https:\/\/noticiasnoface.com.br\/index.php\/wp-json\/wp\/v2\/comments?post=20635"}],"version-history":[{"count":1,"href":"https:\/\/noticiasnoface.com.br\/index.php\/wp-json\/wp\/v2\/posts\/20635\/revisions"}],"predecessor-version":[{"id":20636,"href":"https:\/\/noticiasnoface.com.br\/index.php\/wp-json\/wp\/v2\/posts\/20635\/revisions\/20636"}],"wp:attachment":[{"href":"https:\/\/noticiasnoface.com.br\/index.php\/wp-json\/wp\/v2\/media?parent=20635"}],"wp:term":[{"taxonomy":"category","embeddable":true,"href":"https:\/\/noticiasnoface.com.br\/index.php\/wp-json\/wp\/v2\/categories?post=20635"},{"taxonomy":"post_tag","embeddable":true,"href":"https:\/\/noticiasnoface.com.br\/index.php\/wp-json\/wp\/v2\/tags?post=20635"}],"curies":[{"name":"wp","href":"https:\/\/api.w.org\/{rel}","templated":true}]}}