{"id":20657,"date":"2023-12-05T21:31:27","date_gmt":"2023-12-06T00:31:27","guid":{"rendered":"https:\/\/noticiasnoface.com.br\/?p=20657"},"modified":"2023-12-05T21:31:28","modified_gmt":"2023-12-06T00:31:28","slug":"presidente-da-cmn-eriko-jacome-usa-tribuna-da-camara-federal-para-homenagear-natal","status":"publish","type":"post","link":"https:\/\/noticiasnoface.com.br\/index.php\/2023\/12\/05\/presidente-da-cmn-eriko-jacome-usa-tribuna-da-camara-federal-para-homenagear-natal\/","title":{"rendered":"Presidente da CMN, Eriko J\u00e1come, usa tribuna da C\u00e2mara Federal para homenagear Natal"},"content":{"rendered":"\n<figure class=\"wp-block-image size-large\"><img data-opt-id=109548194  fetchpriority=\"high\" decoding=\"async\" width=\"1024\" height=\"642\" src=\"https:\/\/mlbfrsat7ahr.i.optimole.com\/w:1024\/h:642\/q:mauto\/ig:avif\/https:\/\/noticiasnoface.com.br\/wp-content\/uploads\/2023\/12\/img_6539-1.jpg\" class=\"wp-image-20656\" srcset=\"https:\/\/mlbfrsat7ahr.i.optimole.com\/w:1024\/h:642\/q:mauto\/ig:avif\/https:\/\/noticiasnoface.com.br\/wp-content\/uploads\/2023\/12\/img_6539-1.jpg 1024w, https:\/\/mlbfrsat7ahr.i.optimole.com\/w:300\/h:188\/q:mauto\/ig:avif\/https:\/\/noticiasnoface.com.br\/wp-content\/uploads\/2023\/12\/img_6539-1.jpg 300w, https:\/\/mlbfrsat7ahr.i.optimole.com\/w:768\/h:482\/q:mauto\/ig:avif\/https:\/\/noticiasnoface.com.br\/wp-content\/uploads\/2023\/12\/img_6539-1.jpg 768w, https:\/\/mlbfrsat7ahr.i.optimole.com\/w:1290\/h:809\/q:mauto\/ig:avif\/https:\/\/noticiasnoface.com.br\/wp-content\/uploads\/2023\/12\/img_6539-1.jpg 1290w\" sizes=\"(max-width: 1000px) 100vw, 1000px\" \/><figcaption class=\"wp-element-caption\"><em>Presidente da C\u00e2mara Municipal, Eriko J\u00e1come, usa tribuna da C\u00e2mara Federal para homenagear Natal<\/em><br>Na manh\u00e3 desta ter\u00e7a-feira (5), o presidente da C\u00e2mara Municipal de Natal, Eriko J\u00e1come, usou a tribuna da C\u00e2mara dos Deputados para prestar homenagem \u00e0 capital potiguar, que celebrar\u00e1 seus 424 anos de hist\u00f3ria no dia 25 de dezembro deste ano.<br>A sess\u00e3o solene contou com a presen\u00e7a do prefeito \u00c1lvaro Dias, do ex-prefeito Carlos Eduardo, do senador Rog\u00e9rio Marinho, al\u00e9m de diversos deputados federais, estaduais e vereadores. Eriko J\u00e1come destacou a trajet\u00f3ria de Natal, que tamb\u00e9m \u00e9 conhecida como a cidade do Sol, enaltecendo suas belezas naturais, cultura vibrante e a calorosa hospitalidade de sua popula\u00e7\u00e3o.<br>&#8220;Que possamos continuar preservando e promovendo essa joia que \u00e9 Natal, enaltecendo sua cultura \u00fanica e convidando o mundo a descobrir a beleza que nela existe. Agrade\u00e7o novamente ao Deputado Paulinho Freire por sua dedica\u00e7\u00e3o e sensibilidade ao propor esta homenagem&#8221;, disse o presidente.<br>Durante a solenidade, foram relembrados momentos marcantes da hist\u00f3ria da cidade e a import\u00e2ncia de preservar e valorizar seus patrim\u00f4nios.<\/figcaption><\/figure>\n","protected":false},"excerpt":{"rendered":"","protected":false},"author":1,"featured_media":0,"comment_status":"open","ping_status":"open","sticky":false,"template":"","format":"standard","meta":{"site-sidebar-layout":"default","site-content-layout":"","ast-site-content-layout":"default","site-content-style":"default","site-sidebar-style":"default","ast-global-header-display":"","ast-banner-title-visibility":"","ast-main-header-display":"","ast-hfb-above-header-display":"","ast-hfb-below-header-display":"","ast-hfb-mobile-header-display":"","site-post-title":"","ast-breadcrumbs-content":"","ast-featured-img":"","footer-sml-layout":"","ast-disable-related-posts":"","theme-transparent-header-meta":"","adv-header-id-meta":"","stick-header-meta":"","header-above-stick-meta":"","header-main-stick-meta":"","header-below-stick-meta":"","astra-migrate-meta-layouts":"default","ast-page-background-enabled":"default","ast-page-background-meta":{"desktop":{"background-color":"var(--ast-global-color-4)","background-image":"","background-repeat":"repeat","background-position":"center center","background-size":"auto","background-attachment":"scroll","background-type":"","background-media":"","overlay-type":"","overlay-color":"","overlay-opacity":"","overlay-gradient":""},"tablet":{"background-color":"","background-image":"","background-repeat":"repeat","background-position":"center center","background-size":"auto","background-attachment":"scroll","background-type":"","background-media":"","overlay-type":"","overlay-color":"","overlay-opacity":"","overlay-gradient":""},"mobile":{"background-color":"","background-image":"","background-repeat":"repeat","background-position":"center center","background-size":"auto","background-attachment":"scroll","background-type":"","background-media":"","overlay-type":"","overlay-color":"","overlay-opacity":"","overlay-gradient":""}},"ast-content-background-meta":{"desktop":{"background-color":"var(--ast-global-color-5)","background-image":"","background-repeat":"repeat","background-position":"center center","background-size":"auto","background-attachment":"scroll","background-type":"","background-media":"","overlay-type":"","overlay-color":"","overlay-opacity":"","overlay-gradient":""},"tablet":{"background-color":"var(--ast-global-color-5)","background-image":"","background-repeat":"repeat","background-position":"center center","background-size":"auto","background-attachment":"scroll","background-type":"","background-media":"","overlay-type":"","overlay-color":"","overlay-opacity":"","overlay-gradient":""},"mobile":{"background-color":"var(--ast-global-color-5)","background-image":"","background-repeat":"repeat","background-position":"center center","background-size":"auto","background-attachment":"scroll","background-type":"","background-media":"","overlay-type":"","overlay-color":"","overlay-opacity":"","overlay-gradient":""}},"footnotes":""},"categories":[408],"tags":[],"class_list":["post-20657","post","type-post","status-publish","format-standard","hentry","category-congresso-nacional"],"_links":{"self":[{"href":"https:\/\/noticiasnoface.com.br\/index.php\/wp-json\/wp\/v2\/posts\/20657","targetHints":{"allow":["GET"]}}],"collection":[{"href":"https:\/\/noticiasnoface.com.br\/index.php\/wp-json\/wp\/v2\/posts"}],"about":[{"href":"https:\/\/noticiasnoface.com.br\/index.php\/wp-json\/wp\/v2\/types\/post"}],"author":[{"embeddable":true,"href":"https:\/\/noticiasnoface.com.br\/index.php\/wp-json\/wp\/v2\/users\/1"}],"replies":[{"embeddable":true,"href":"https:\/\/noticiasnoface.com.br\/index.php\/wp-json\/wp\/v2\/comments?post=20657"}],"version-history":[{"count":1,"href":"https:\/\/noticiasnoface.com.br\/index.php\/wp-json\/wp\/v2\/posts\/20657\/revisions"}],"predecessor-version":[{"id":20658,"href":"https:\/\/noticiasnoface.com.br\/index.php\/wp-json\/wp\/v2\/posts\/20657\/revisions\/20658"}],"wp:attachment":[{"href":"https:\/\/noticiasnoface.com.br\/index.php\/wp-json\/wp\/v2\/media?parent=20657"}],"wp:term":[{"taxonomy":"category","embeddable":true,"href":"https:\/\/noticiasnoface.com.br\/index.php\/wp-json\/wp\/v2\/categories?post=20657"},{"taxonomy":"post_tag","embeddable":true,"href":"https:\/\/noticiasnoface.com.br\/index.php\/wp-json\/wp\/v2\/tags?post=20657"}],"curies":[{"name":"wp","href":"https:\/\/api.w.org\/{rel}","templated":true}]}}