{"id":20663,"date":"2023-12-05T22:25:19","date_gmt":"2023-12-06T01:25:19","guid":{"rendered":"https:\/\/noticiasnoface.com.br\/?p=20663"},"modified":"2023-12-05T22:25:20","modified_gmt":"2023-12-06T01:25:20","slug":"urgente-cantor-ze-neto-da-dupla-com-cristiano-sofreu-um-grave-acidente-de-carro","status":"publish","type":"post","link":"https:\/\/noticiasnoface.com.br\/index.php\/2023\/12\/05\/urgente-cantor-ze-neto-da-dupla-com-cristiano-sofreu-um-grave-acidente-de-carro\/","title":{"rendered":"URGENTE- Cantor Z\u00e9 Neto, da dupla com Cristiano, sofreu um grave acidente de carro"},"content":{"rendered":"\n<figure class=\"wp-block-image size-large\"><img data-opt-id=951768139  fetchpriority=\"high\" decoding=\"async\" width=\"1024\" height=\"767\" src=\"https:\/\/mlbfrsat7ahr.i.optimole.com\/w:1024\/h:767\/q:mauto\/ig:avif\/https:\/\/noticiasnoface.com.br\/wp-content\/uploads\/2023\/12\/photo-output-1-3.jpg\" class=\"wp-image-20660\" srcset=\"https:\/\/mlbfrsat7ahr.i.optimole.com\/w:1024\/h:767\/q:mauto\/ig:avif\/https:\/\/noticiasnoface.com.br\/wp-content\/uploads\/2023\/12\/photo-output-1-3.jpg 1024w, https:\/\/mlbfrsat7ahr.i.optimole.com\/w:300\/h:225\/q:mauto\/ig:avif\/https:\/\/noticiasnoface.com.br\/wp-content\/uploads\/2023\/12\/photo-output-1-3.jpg 300w, https:\/\/mlbfrsat7ahr.i.optimole.com\/w:768\/h:575\/q:mauto\/ig:avif\/https:\/\/noticiasnoface.com.br\/wp-content\/uploads\/2023\/12\/photo-output-1-3.jpg 768w, https:\/\/mlbfrsat7ahr.i.optimole.com\/w:1441\/h:1080\/q:mauto\/ig:avif\/https:\/\/noticiasnoface.com.br\/wp-content\/uploads\/2023\/12\/photo-output-1-3.jpg 1536w, https:\/\/mlbfrsat7ahr.i.optimole.com\/w:1441\/h:1080\/q:mauto\/ig:avif\/https:\/\/noticiasnoface.com.br\/wp-content\/uploads\/2023\/12\/photo-output-1-3.jpg 2048w\" sizes=\"(max-width: 1000px) 100vw, 1000px\" \/><figcaption class=\"wp-element-caption\">\ud83d\udea8URGENTE: O cantor Z\u00e9 Neto, da dupla com Cristiano, sofreu um capotamento, por volta das 20h45 desta ter\u00e7a-feira, 5, no km 246 da BR-153, perto do Condom\u00ednio Enseada II, em Fronteira\/MG.<br>Ele est\u00e1 sendo trazido numa ambul\u00e2ncia do munic\u00edpio de Fronteira, acompanhado por uma USA (Unidade de Suporte Avan\u00e7ado), para o Hospital de Base de Rio Preto. <br>Segundo as primeiras informa\u00e7\u00f5es apuradas pelo Dhoje, o cantor estava em Chevrolet Trailblazer se envolveu num acidente com uma carreta e mais outros dois ve\u00edculos.<br>As outras v\u00edtimas foram socorridas para o PS de Fronteira e n\u00e3o correm risco de morte. <br>  <br>O estado de sa\u00fade de Z\u00e9 Neto permanece desconhecido. <br>Em breve, mais informa\u00e7\u00f5es.<\/figcaption><\/figure>\n\n\n\n<figure class=\"wp-block-image size-large\"><img data-opt-id=752349474  fetchpriority=\"high\" decoding=\"async\" width=\"300\" height=\"225\" src=\"https:\/\/mlbfrsat7ahr.i.optimole.com\/w:300\/h:225\/q:mauto\/ig:avif\/https:\/\/noticiasnoface.com.br\/wp-content\/uploads\/2023\/12\/img_6563-2-1.jpg\" class=\"wp-image-20661\" srcset=\"https:\/\/mlbfrsat7ahr.i.optimole.com\/w:300\/h:225\/q:mauto\/ig:avif\/https:\/\/noticiasnoface.com.br\/wp-content\/uploads\/2023\/12\/img_6563-2-1.jpg 300w, https:\/\/mlbfrsat7ahr.i.optimole.com\/w:579\/h:435\/q:mauto\/ig:avif\/https:\/\/noticiasnoface.com.br\/wp-content\/uploads\/2023\/12\/img_6563-2-1.jpg 579w\" sizes=\"(max-width: 300px) 100vw, 300px\" \/><figcaption class=\"wp-element-caption\">Ve\u00edculo completamente destru\u00eddo <\/figcaption><\/figure>\n\n\n\n<figure class=\"wp-block-image size-large\"><img data-opt-id=930775086  data-opt-src=\"https:\/\/mlbfrsat7ahr.i.optimole.com\/w:225\/h:300\/q:mauto\/ig:avif\/https:\/\/noticiasnoface.com.br\/wp-content\/uploads\/2023\/12\/img_6561-1.jpg\"  decoding=\"async\" width=\"225\" height=\"300\" src=\"data:image/svg+xml,%3Csvg%20viewBox%3D%220%200%20225%20300%22%20width%3D%22225%22%20height%3D%22300%22%20xmlns%3D%22http%3A%2F%2Fwww.w3.org%2F2000%2Fsvg%22%3E%3Crect%20width%3D%22225%22%20height%3D%22300%22%20fill%3D%22transparent%22%2F%3E%3C%2Fsvg%3E\" class=\"wp-image-20662\" old-srcset=\"https:\/\/mlbfrsat7ahr.i.optimole.com\/w:225\/h:300\/q:mauto\/ig:avif\/https:\/\/noticiasnoface.com.br\/wp-content\/uploads\/2023\/12\/img_6561-1.jpg 225w, https:\/\/mlbfrsat7ahr.i.optimole.com\/w:579\/h:772\/q:mauto\/ig:avif\/https:\/\/noticiasnoface.com.br\/wp-content\/uploads\/2023\/12\/img_6561-1.jpg 579w\" \/><figcaption class=\"wp-element-caption\">Ele foi levado de ambul\u00e2ncia para hospital em Rio Preto <\/figcaption><\/figure>\n","protected":false},"excerpt":{"rendered":"","protected":false},"author":1,"featured_media":0,"comment_status":"open","ping_status":"open","sticky":false,"template":"","format":"standard","meta":{"site-sidebar-layout":"default","site-content-layout":"","ast-site-content-layout":"default","site-content-style":"default","site-sidebar-style":"default","ast-global-header-display":"","ast-banner-title-visibility":"","ast-main-header-display":"","ast-hfb-above-header-display":"","ast-hfb-below-header-display":"","ast-hfb-mobile-header-display":"","site-post-title":"","ast-breadcrumbs-content":"","ast-featured-img":"","footer-sml-layout":"","ast-disable-related-posts":"","theme-transparent-header-meta":"","adv-header-id-meta":"","stick-header-meta":"","header-above-stick-meta":"","header-main-stick-meta":"","header-below-stick-meta":"","astra-migrate-meta-layouts":"default","ast-page-background-enabled":"default","ast-page-background-meta":{"desktop":{"background-color":"var(--ast-global-color-4)","background-image":"","background-repeat":"repeat","background-position":"center center","background-size":"auto","background-attachment":"scroll","background-type":"","background-media":"","overlay-type":"","overlay-color":"","overlay-opacity":"","overlay-gradient":""},"tablet":{"background-color":"","background-image":"","background-repeat":"repeat","background-position":"center center","background-size":"auto","background-attachment":"scroll","background-type":"","background-media":"","overlay-type":"","overlay-color":"","overlay-opacity":"","overlay-gradient":""},"mobile":{"background-color":"","background-image":"","background-repeat":"repeat","background-position":"center center","background-size":"auto","background-attachment":"scroll","background-type":"","background-media":"","overlay-type":"","overlay-color":"","overlay-opacity":"","overlay-gradient":""}},"ast-content-background-meta":{"desktop":{"background-color":"var(--ast-global-color-5)","background-image":"","background-repeat":"repeat","background-position":"center center","background-size":"auto","background-attachment":"scroll","background-type":"","background-media":"","overlay-type":"","overlay-color":"","overlay-opacity":"","overlay-gradient":""},"tablet":{"background-color":"var(--ast-global-color-5)","background-image":"","background-repeat":"repeat","background-position":"center center","background-size":"auto","background-attachment":"scroll","background-type":"","background-media":"","overlay-type":"","overlay-color":"","overlay-opacity":"","overlay-gradient":""},"mobile":{"background-color":"var(--ast-global-color-5)","background-image":"","background-repeat":"repeat","background-position":"center center","background-size":"auto","background-attachment":"scroll","background-type":"","background-media":"","overlay-type":"","overlay-color":"","overlay-opacity":"","overlay-gradient":""}},"footnotes":""},"categories":[517],"tags":[],"class_list":["post-20663","post","type-post","status-publish","format-standard","hentry","category-aconteceu"],"_links":{"self":[{"href":"https:\/\/noticiasnoface.com.br\/index.php\/wp-json\/wp\/v2\/posts\/20663","targetHints":{"allow":["GET"]}}],"collection":[{"href":"https:\/\/noticiasnoface.com.br\/index.php\/wp-json\/wp\/v2\/posts"}],"about":[{"href":"https:\/\/noticiasnoface.com.br\/index.php\/wp-json\/wp\/v2\/types\/post"}],"author":[{"embeddable":true,"href":"https:\/\/noticiasnoface.com.br\/index.php\/wp-json\/wp\/v2\/users\/1"}],"replies":[{"embeddable":true,"href":"https:\/\/noticiasnoface.com.br\/index.php\/wp-json\/wp\/v2\/comments?post=20663"}],"version-history":[{"count":1,"href":"https:\/\/noticiasnoface.com.br\/index.php\/wp-json\/wp\/v2\/posts\/20663\/revisions"}],"predecessor-version":[{"id":20664,"href":"https:\/\/noticiasnoface.com.br\/index.php\/wp-json\/wp\/v2\/posts\/20663\/revisions\/20664"}],"wp:attachment":[{"href":"https:\/\/noticiasnoface.com.br\/index.php\/wp-json\/wp\/v2\/media?parent=20663"}],"wp:term":[{"taxonomy":"category","embeddable":true,"href":"https:\/\/noticiasnoface.com.br\/index.php\/wp-json\/wp\/v2\/categories?post=20663"},{"taxonomy":"post_tag","embeddable":true,"href":"https:\/\/noticiasnoface.com.br\/index.php\/wp-json\/wp\/v2\/tags?post=20663"}],"curies":[{"name":"wp","href":"https:\/\/api.w.org\/{rel}","templated":true}]}}