{"id":20695,"date":"2023-12-08T06:53:25","date_gmt":"2023-12-08T09:53:25","guid":{"rendered":"https:\/\/noticiasnoface.com.br\/?p=20695"},"modified":"2023-12-08T06:53:26","modified_gmt":"2023-12-08T09:53:26","slug":"filho-de-ministro-de-israel-e-morto-em-gaza","status":"publish","type":"post","link":"https:\/\/noticiasnoface.com.br\/index.php\/2023\/12\/08\/filho-de-ministro-de-israel-e-morto-em-gaza\/","title":{"rendered":"Filho de ministro de Israel \u00e9 morto em Gaza"},"content":{"rendered":"\n<figure class=\"wp-block-image size-large\"><img data-opt-id=1611321143  fetchpriority=\"high\" decoding=\"async\" width=\"1024\" height=\"703\" src=\"https:\/\/mlbfrsat7ahr.i.optimole.com\/w:1024\/h:703\/q:mauto\/ig:avif\/https:\/\/noticiasnoface.com.br\/wp-content\/uploads\/2023\/12\/photo-output-1-5.jpg\" class=\"wp-image-20694\" srcset=\"https:\/\/mlbfrsat7ahr.i.optimole.com\/w:1024\/h:703\/q:mauto\/ig:avif\/https:\/\/noticiasnoface.com.br\/wp-content\/uploads\/2023\/12\/photo-output-1-5.jpg 1024w, https:\/\/mlbfrsat7ahr.i.optimole.com\/w:300\/h:206\/q:mauto\/ig:avif\/https:\/\/noticiasnoface.com.br\/wp-content\/uploads\/2023\/12\/photo-output-1-5.jpg 300w, https:\/\/mlbfrsat7ahr.i.optimole.com\/w:768\/h:527\/q:mauto\/ig:avif\/https:\/\/noticiasnoface.com.br\/wp-content\/uploads\/2023\/12\/photo-output-1-5.jpg 768w, https:\/\/mlbfrsat7ahr.i.optimole.com\/w:1536\/h:1055\/q:mauto\/ig:avif\/https:\/\/noticiasnoface.com.br\/wp-content\/uploads\/2023\/12\/photo-output-1-5.jpg 1536w, https:\/\/mlbfrsat7ahr.i.optimole.com\/w:1573\/h:1080\/q:mauto\/ig:avif\/https:\/\/noticiasnoface.com.br\/wp-content\/uploads\/2023\/12\/photo-output-1-5.jpg 2048w\" sizes=\"(max-width: 1000px) 100vw, 1000px\" \/><figcaption class=\"wp-element-caption\">As <a href=\"https:\/\/www.metropoles.com\/tag\/israel\" target=\"_blank\" rel=\"noreferrer noopener\">For\u00e7as de Defesa de Israel<\/a> anunciaram, nesta quinta-feira (7\/12), a morte do filho do ministro israelense e ex-chefe militar do pa\u00eds Gadi Eisenkot. Militar, o filho do pol\u00edtico morreu durante combate na <a href=\"https:\/\/www.metropoles.com\/tag\/faixa-de-gaza\" target=\"_blank\" rel=\"noreferrer noopener\">Faixa de Gaza<\/a>.<br>Gal Meir Eisenkot, de 25 anos, morreu ap\u00f3s a explos\u00e3o de uma bomba em um t\u00fanel no campo de Jabaliya, no norte de Gaza. Ele chegou a ser levado ao hospital em estado grave, mas morreu em decorr\u00eancia dos ferimentos.<br>Nas redes sociais, o primeiro-ministro de Israel, <a href=\"https:\/\/twitter.com\/netanyahu\/status\/1732799027521950005\" target=\"_blank\" rel=\"noreferrer noopener\">Benjamin Netanyahu,<\/a> se disse \u201cde cora\u00e7\u00e3o partido\u201d pela morte do jovem.<br>\u201cGal foi um guerreiro corajoso e um verdadeiro her\u00f3i. Enviamos nossas condol\u00eancias do fundo de nossos cora\u00e7\u00f5es \u00e0 fam\u00edlia e \u00e0s fam\u00edlias de todos os nossos her\u00f3is ca\u00eddos\u201d, afirmou.<br>Al\u00e9m de Gal, um outro soldado morreu na mesma explos\u00e3o. Ao todo, foram 89 militares israelenses mortos durante a ofensiva atual contra o grupo terrorista Hamas.<\/figcaption><\/figure>\n","protected":false},"excerpt":{"rendered":"","protected":false},"author":1,"featured_media":0,"comment_status":"open","ping_status":"open","sticky":false,"template":"","format":"standard","meta":{"site-sidebar-layout":"default","site-content-layout":"","ast-site-content-layout":"default","site-content-style":"default","site-sidebar-style":"default","ast-global-header-display":"","ast-banner-title-visibility":"","ast-main-header-display":"","ast-hfb-above-header-display":"","ast-hfb-below-header-display":"","ast-hfb-mobile-header-display":"","site-post-title":"","ast-breadcrumbs-content":"","ast-featured-img":"","footer-sml-layout":"","ast-disable-related-posts":"","theme-transparent-header-meta":"","adv-header-id-meta":"","stick-header-meta":"","header-above-stick-meta":"","header-main-stick-meta":"","header-below-stick-meta":"","astra-migrate-meta-layouts":"default","ast-page-background-enabled":"default","ast-page-background-meta":{"desktop":{"background-color":"var(--ast-global-color-4)","background-image":"","background-repeat":"repeat","background-position":"center center","background-size":"auto","background-attachment":"scroll","background-type":"","background-media":"","overlay-type":"","overlay-color":"","overlay-opacity":"","overlay-gradient":""},"tablet":{"background-color":"","background-image":"","background-repeat":"repeat","background-position":"center center","background-size":"auto","background-attachment":"scroll","background-type":"","background-media":"","overlay-type":"","overlay-color":"","overlay-opacity":"","overlay-gradient":""},"mobile":{"background-color":"","background-image":"","background-repeat":"repeat","background-position":"center center","background-size":"auto","background-attachment":"scroll","background-type":"","background-media":"","overlay-type":"","overlay-color":"","overlay-opacity":"","overlay-gradient":""}},"ast-content-background-meta":{"desktop":{"background-color":"var(--ast-global-color-5)","background-image":"","background-repeat":"repeat","background-position":"center center","background-size":"auto","background-attachment":"scroll","background-type":"","background-media":"","overlay-type":"","overlay-color":"","overlay-opacity":"","overlay-gradient":""},"tablet":{"background-color":"var(--ast-global-color-5)","background-image":"","background-repeat":"repeat","background-position":"center center","background-size":"auto","background-attachment":"scroll","background-type":"","background-media":"","overlay-type":"","overlay-color":"","overlay-opacity":"","overlay-gradient":""},"mobile":{"background-color":"var(--ast-global-color-5)","background-image":"","background-repeat":"repeat","background-position":"center center","background-size":"auto","background-attachment":"scroll","background-type":"","background-media":"","overlay-type":"","overlay-color":"","overlay-opacity":"","overlay-gradient":""}},"footnotes":""},"categories":[517],"tags":[],"class_list":["post-20695","post","type-post","status-publish","format-standard","hentry","category-aconteceu"],"_links":{"self":[{"href":"https:\/\/noticiasnoface.com.br\/index.php\/wp-json\/wp\/v2\/posts\/20695","targetHints":{"allow":["GET"]}}],"collection":[{"href":"https:\/\/noticiasnoface.com.br\/index.php\/wp-json\/wp\/v2\/posts"}],"about":[{"href":"https:\/\/noticiasnoface.com.br\/index.php\/wp-json\/wp\/v2\/types\/post"}],"author":[{"embeddable":true,"href":"https:\/\/noticiasnoface.com.br\/index.php\/wp-json\/wp\/v2\/users\/1"}],"replies":[{"embeddable":true,"href":"https:\/\/noticiasnoface.com.br\/index.php\/wp-json\/wp\/v2\/comments?post=20695"}],"version-history":[{"count":1,"href":"https:\/\/noticiasnoface.com.br\/index.php\/wp-json\/wp\/v2\/posts\/20695\/revisions"}],"predecessor-version":[{"id":20696,"href":"https:\/\/noticiasnoface.com.br\/index.php\/wp-json\/wp\/v2\/posts\/20695\/revisions\/20696"}],"wp:attachment":[{"href":"https:\/\/noticiasnoface.com.br\/index.php\/wp-json\/wp\/v2\/media?parent=20695"}],"wp:term":[{"taxonomy":"category","embeddable":true,"href":"https:\/\/noticiasnoface.com.br\/index.php\/wp-json\/wp\/v2\/categories?post=20695"},{"taxonomy":"post_tag","embeddable":true,"href":"https:\/\/noticiasnoface.com.br\/index.php\/wp-json\/wp\/v2\/tags?post=20695"}],"curies":[{"name":"wp","href":"https:\/\/api.w.org\/{rel}","templated":true}]}}