{"id":20709,"date":"2023-12-08T22:55:15","date_gmt":"2023-12-09T01:55:15","guid":{"rendered":"https:\/\/noticiasnoface.com.br\/?p=20709"},"modified":"2023-12-08T22:56:09","modified_gmt":"2023-12-09T01:56:09","slug":"medalha-de-honra-ao-merito-apostolo-paulo-e-entregue-na-casa-do-povo","status":"publish","type":"post","link":"https:\/\/noticiasnoface.com.br\/index.php\/2023\/12\/08\/medalha-de-honra-ao-merito-apostolo-paulo-e-entregue-na-casa-do-povo\/","title":{"rendered":"Medalha de Honra ao M\u00e9rito Ap\u00f3stolo Paulo \u00e9 entregue na Casa do Povo"},"content":{"rendered":"\n<figure class=\"wp-block-image size-large\"><img data-opt-id=517388976  fetchpriority=\"high\" decoding=\"async\" width=\"1024\" height=\"547\" src=\"https:\/\/mlbfrsat7ahr.i.optimole.com\/w:1024\/h:547\/q:mauto\/ig:avif\/https:\/\/noticiasnoface.com.br\/wp-content\/uploads\/2023\/12\/img_6744-1.jpg\" class=\"wp-image-20708\" srcset=\"https:\/\/mlbfrsat7ahr.i.optimole.com\/w:1024\/h:547\/q:mauto\/ig:avif\/https:\/\/noticiasnoface.com.br\/wp-content\/uploads\/2023\/12\/img_6744-1.jpg 1024w, https:\/\/mlbfrsat7ahr.i.optimole.com\/w:300\/h:160\/q:mauto\/ig:avif\/https:\/\/noticiasnoface.com.br\/wp-content\/uploads\/2023\/12\/img_6744-1.jpg 300w, https:\/\/mlbfrsat7ahr.i.optimole.com\/w:768\/h:410\/q:mauto\/ig:avif\/https:\/\/noticiasnoface.com.br\/wp-content\/uploads\/2023\/12\/img_6744-1.jpg 768w, https:\/\/mlbfrsat7ahr.i.optimole.com\/w:1065\/h:569\/q:mauto\/ig:avif\/https:\/\/noticiasnoface.com.br\/wp-content\/uploads\/2023\/12\/img_6744-1.jpg 1065w\" sizes=\"(max-width: 1000px) 100vw, 1000px\" \/><figcaption class=\"wp-element-caption\">Por proposi\u00e7\u00e3o do vereador Gabriel C\u00e9sar, a C\u00e2mara Municipal de Parnamirim realizou, nesta quinta-feira (7), uma Sess\u00e3o Solene para entregar a Comenda Ap\u00f3stolo Paulo em homenagem ao Dia Municipal do Evang\u00e9lico. <br>A celebra\u00e7\u00e3o teve o objetivo de destacar a relev\u00e2ncia dos l\u00edderes evang\u00e9licos que desempenham um papel fundamental no progresso, tanto religioso quanto social, da comunidade crist\u00e3 evang\u00e9lica em Parnamirim.<br>Na ocasi\u00e3o, al\u00e9m do propositor, compuseram a mesa o presidente da Casa Legislativa, vereador Wolney Fran\u00e7a, a vereadora K\u00e1tia Pires, o Ap\u00f3stolo Jonas Fernandes, o Pastor M\u00e1rcio Fagundes e o Pastor Cleomar Francisco da Silva.<br>O Pastor Cleomar, representando o Pastor Elinaldo Renovato de Lima, parabenizou e agradeceu ao propositor da celebra\u00e7\u00e3o, o parlamentar Gabriel C\u00e9sar, e aos vereadores do munic\u00edpio pela iniciativa. \u201cEsta Sess\u00e3o Solene tem um valor inestim\u00e1vel para todos n\u00f3s, evang\u00e9licos\u201d, afirmou.<br>Durante a sess\u00e3o, o vereador Gabriel C\u00e9sar enfatizou a import\u00e2ncia deste projeto para a popula\u00e7\u00e3o. \u201cEssa casa, em momento algum, deixou de trabalhar pelo povo crist\u00e3o evang\u00e9lico. N\u00f3s sabemos da import\u00e2ncia que, hoje, quem faz o maior papel social \u00e9 a igreja\u201d, declara o parlamentar. <br>A Sess\u00e3o Solene foi transmitida ao vivo e est\u00e1 dispon\u00edvel no Youtube da C\u00e2mara de Parnamirim. <br><small class=\"cmp-noticia-content-credit\">Fonte: L\u00edvia Mel \/ Ascom CMP<\/small><\/figcaption><\/figure>\n","protected":false},"excerpt":{"rendered":"","protected":false},"author":1,"featured_media":0,"comment_status":"open","ping_status":"open","sticky":false,"template":"","format":"standard","meta":{"site-sidebar-layout":"default","site-content-layout":"","ast-site-content-layout":"default","site-content-style":"default","site-sidebar-style":"default","ast-global-header-display":"","ast-banner-title-visibility":"","ast-main-header-display":"","ast-hfb-above-header-display":"","ast-hfb-below-header-display":"","ast-hfb-mobile-header-display":"","site-post-title":"","ast-breadcrumbs-content":"","ast-featured-img":"","footer-sml-layout":"","ast-disable-related-posts":"","theme-transparent-header-meta":"","adv-header-id-meta":"","stick-header-meta":"","header-above-stick-meta":"","header-main-stick-meta":"","header-below-stick-meta":"","astra-migrate-meta-layouts":"default","ast-page-background-enabled":"default","ast-page-background-meta":{"desktop":{"background-color":"var(--ast-global-color-4)","background-image":"","background-repeat":"repeat","background-position":"center center","background-size":"auto","background-attachment":"scroll","background-type":"","background-media":"","overlay-type":"","overlay-color":"","overlay-opacity":"","overlay-gradient":""},"tablet":{"background-color":"","background-image":"","background-repeat":"repeat","background-position":"center center","background-size":"auto","background-attachment":"scroll","background-type":"","background-media":"","overlay-type":"","overlay-color":"","overlay-opacity":"","overlay-gradient":""},"mobile":{"background-color":"","background-image":"","background-repeat":"repeat","background-position":"center center","background-size":"auto","background-attachment":"scroll","background-type":"","background-media":"","overlay-type":"","overlay-color":"","overlay-opacity":"","overlay-gradient":""}},"ast-content-background-meta":{"desktop":{"background-color":"var(--ast-global-color-5)","background-image":"","background-repeat":"repeat","background-position":"center center","background-size":"auto","background-attachment":"scroll","background-type":"","background-media":"","overlay-type":"","overlay-color":"","overlay-opacity":"","overlay-gradient":""},"tablet":{"background-color":"var(--ast-global-color-5)","background-image":"","background-repeat":"repeat","background-position":"center center","background-size":"auto","background-attachment":"scroll","background-type":"","background-media":"","overlay-type":"","overlay-color":"","overlay-opacity":"","overlay-gradient":""},"mobile":{"background-color":"var(--ast-global-color-5)","background-image":"","background-repeat":"repeat","background-position":"center center","background-size":"auto","background-attachment":"scroll","background-type":"","background-media":"","overlay-type":"","overlay-color":"","overlay-opacity":"","overlay-gradient":""}},"footnotes":""},"categories":[517],"tags":[],"class_list":["post-20709","post","type-post","status-publish","format-standard","hentry","category-aconteceu"],"_links":{"self":[{"href":"https:\/\/noticiasnoface.com.br\/index.php\/wp-json\/wp\/v2\/posts\/20709","targetHints":{"allow":["GET"]}}],"collection":[{"href":"https:\/\/noticiasnoface.com.br\/index.php\/wp-json\/wp\/v2\/posts"}],"about":[{"href":"https:\/\/noticiasnoface.com.br\/index.php\/wp-json\/wp\/v2\/types\/post"}],"author":[{"embeddable":true,"href":"https:\/\/noticiasnoface.com.br\/index.php\/wp-json\/wp\/v2\/users\/1"}],"replies":[{"embeddable":true,"href":"https:\/\/noticiasnoface.com.br\/index.php\/wp-json\/wp\/v2\/comments?post=20709"}],"version-history":[{"count":1,"href":"https:\/\/noticiasnoface.com.br\/index.php\/wp-json\/wp\/v2\/posts\/20709\/revisions"}],"predecessor-version":[{"id":20710,"href":"https:\/\/noticiasnoface.com.br\/index.php\/wp-json\/wp\/v2\/posts\/20709\/revisions\/20710"}],"wp:attachment":[{"href":"https:\/\/noticiasnoface.com.br\/index.php\/wp-json\/wp\/v2\/media?parent=20709"}],"wp:term":[{"taxonomy":"category","embeddable":true,"href":"https:\/\/noticiasnoface.com.br\/index.php\/wp-json\/wp\/v2\/categories?post=20709"},{"taxonomy":"post_tag","embeddable":true,"href":"https:\/\/noticiasnoface.com.br\/index.php\/wp-json\/wp\/v2\/tags?post=20709"}],"curies":[{"name":"wp","href":"https:\/\/api.w.org\/{rel}","templated":true}]}}