{"id":20727,"date":"2023-12-10T16:21:50","date_gmt":"2023-12-10T19:21:50","guid":{"rendered":"https:\/\/noticiasnoface.com.br\/?p=20727"},"modified":"2023-12-10T16:21:50","modified_gmt":"2023-12-10T19:21:50","slug":"choque-mata-9-pessoas-em-acampamento-do-mst","status":"publish","type":"post","link":"https:\/\/noticiasnoface.com.br\/index.php\/2023\/12\/10\/choque-mata-9-pessoas-em-acampamento-do-mst\/","title":{"rendered":"Choque mata 9 pessoas em acampamento do MST"},"content":{"rendered":"\n<figure class=\"wp-block-image size-large\"><img data-opt-id=1402654881  fetchpriority=\"high\" decoding=\"async\" width=\"300\" height=\"169\" src=\"https:\/\/mlbfrsat7ahr.i.optimole.com\/w:300\/h:169\/q:mauto\/ig:avif\/https:\/\/noticiasnoface.com.br\/wp-content\/uploads\/2023\/12\/img_6821.jpg\" class=\"wp-image-20726\" srcset=\"https:\/\/mlbfrsat7ahr.i.optimole.com\/w:300\/h:169\/q:mauto\/ig:avif\/https:\/\/noticiasnoface.com.br\/wp-content\/uploads\/2023\/12\/img_6821.jpg 300w, https:\/\/mlbfrsat7ahr.i.optimole.com\/w:768\/h:432\/q:mauto\/ig:avif\/https:\/\/noticiasnoface.com.br\/wp-content\/uploads\/2023\/12\/img_6821.jpg 768w, https:\/\/mlbfrsat7ahr.i.optimole.com\/w:800\/h:450\/q:mauto\/ig:avif\/https:\/\/noticiasnoface.com.br\/wp-content\/uploads\/2023\/12\/img_6821.jpg 800w, https:\/\/mlbfrsat7ahr.i.optimole.com\/w:900\/h:506\/q:mauto\/ig:avif\/https:\/\/noticiasnoface.com.br\/wp-content\/uploads\/2023\/12\/img_6821.jpg 900w\" sizes=\"(max-width: 300px) 100vw, 300px\" \/><figcaption class=\"wp-element-caption\">Nove pessoas morreram no acampamento &#8220;Terra e Liberdade&#8221;, do MST (Movimento dos Trabalhadores Rurais Sem Terra), em Parauapebas, Sudeste do Par\u00e1. Ap\u00f3s uma antena de internet que estava sendo instalada por uma empresa de telecomunica\u00e7\u00e3o cair sobre fios da alta tens\u00e3o, uma descarga el\u00e9trica atingiu os que estavam no local e tamb\u00e9m provocou um inc\u00eandio. Foram seis mortos do acampamento e tr\u00eas trabalhadores da empresa, segundo o Instituto M\u00e9dico Legal (IML).<br>Sete feridos, com queimaduras leves, foram levados ao hospital, mas j\u00e1 liberados. Apenas um, com queimaduras de segundo grau, segue internado. Seu quadro \u00e9 est\u00e1vel.<br>De acordo com o MST, que concedeu uma coletiva de imprensa na tarde deste domingo (10), as fam\u00edlias do acampamento transmitiram aos funcion\u00e1rios preocupa\u00e7\u00e3o sobre as condi\u00e7\u00f5es em que o servi\u00e7o estava sendo realizado, uma vez que eles estavam cumprindo uma jornada longa e extenuante. Por volta das 20h, a antena caiu sobre a rede el\u00e9trica, provocando uma explos\u00e3o e energizando uma cerca que levou \u00e0 eletrocuss\u00e3o.<\/figcaption><\/figure>\n","protected":false},"excerpt":{"rendered":"","protected":false},"author":1,"featured_media":0,"comment_status":"open","ping_status":"open","sticky":false,"template":"","format":"standard","meta":{"site-sidebar-layout":"default","site-content-layout":"","ast-site-content-layout":"default","site-content-style":"default","site-sidebar-style":"default","ast-global-header-display":"","ast-banner-title-visibility":"","ast-main-header-display":"","ast-hfb-above-header-display":"","ast-hfb-below-header-display":"","ast-hfb-mobile-header-display":"","site-post-title":"","ast-breadcrumbs-content":"","ast-featured-img":"","footer-sml-layout":"","ast-disable-related-posts":"","theme-transparent-header-meta":"","adv-header-id-meta":"","stick-header-meta":"","header-above-stick-meta":"","header-main-stick-meta":"","header-below-stick-meta":"","astra-migrate-meta-layouts":"default","ast-page-background-enabled":"default","ast-page-background-meta":{"desktop":{"background-color":"var(--ast-global-color-4)","background-image":"","background-repeat":"repeat","background-position":"center center","background-size":"auto","background-attachment":"scroll","background-type":"","background-media":"","overlay-type":"","overlay-color":"","overlay-opacity":"","overlay-gradient":""},"tablet":{"background-color":"","background-image":"","background-repeat":"repeat","background-position":"center center","background-size":"auto","background-attachment":"scroll","background-type":"","background-media":"","overlay-type":"","overlay-color":"","overlay-opacity":"","overlay-gradient":""},"mobile":{"background-color":"","background-image":"","background-repeat":"repeat","background-position":"center center","background-size":"auto","background-attachment":"scroll","background-type":"","background-media":"","overlay-type":"","overlay-color":"","overlay-opacity":"","overlay-gradient":""}},"ast-content-background-meta":{"desktop":{"background-color":"var(--ast-global-color-5)","background-image":"","background-repeat":"repeat","background-position":"center center","background-size":"auto","background-attachment":"scroll","background-type":"","background-media":"","overlay-type":"","overlay-color":"","overlay-opacity":"","overlay-gradient":""},"tablet":{"background-color":"var(--ast-global-color-5)","background-image":"","background-repeat":"repeat","background-position":"center center","background-size":"auto","background-attachment":"scroll","background-type":"","background-media":"","overlay-type":"","overlay-color":"","overlay-opacity":"","overlay-gradient":""},"mobile":{"background-color":"var(--ast-global-color-5)","background-image":"","background-repeat":"repeat","background-position":"center center","background-size":"auto","background-attachment":"scroll","background-type":"","background-media":"","overlay-type":"","overlay-color":"","overlay-opacity":"","overlay-gradient":""}},"footnotes":""},"categories":[517],"tags":[],"class_list":["post-20727","post","type-post","status-publish","format-standard","hentry","category-aconteceu"],"_links":{"self":[{"href":"https:\/\/noticiasnoface.com.br\/index.php\/wp-json\/wp\/v2\/posts\/20727","targetHints":{"allow":["GET"]}}],"collection":[{"href":"https:\/\/noticiasnoface.com.br\/index.php\/wp-json\/wp\/v2\/posts"}],"about":[{"href":"https:\/\/noticiasnoface.com.br\/index.php\/wp-json\/wp\/v2\/types\/post"}],"author":[{"embeddable":true,"href":"https:\/\/noticiasnoface.com.br\/index.php\/wp-json\/wp\/v2\/users\/1"}],"replies":[{"embeddable":true,"href":"https:\/\/noticiasnoface.com.br\/index.php\/wp-json\/wp\/v2\/comments?post=20727"}],"version-history":[{"count":1,"href":"https:\/\/noticiasnoface.com.br\/index.php\/wp-json\/wp\/v2\/posts\/20727\/revisions"}],"predecessor-version":[{"id":20728,"href":"https:\/\/noticiasnoface.com.br\/index.php\/wp-json\/wp\/v2\/posts\/20727\/revisions\/20728"}],"wp:attachment":[{"href":"https:\/\/noticiasnoface.com.br\/index.php\/wp-json\/wp\/v2\/media?parent=20727"}],"wp:term":[{"taxonomy":"category","embeddable":true,"href":"https:\/\/noticiasnoface.com.br\/index.php\/wp-json\/wp\/v2\/categories?post=20727"},{"taxonomy":"post_tag","embeddable":true,"href":"https:\/\/noticiasnoface.com.br\/index.php\/wp-json\/wp\/v2\/tags?post=20727"}],"curies":[{"name":"wp","href":"https:\/\/api.w.org\/{rel}","templated":true}]}}